{"id":197,"date":"2023-07-11T14:42:43","date_gmt":"2023-07-11T14:42:43","guid":{"rendered":"https:\/\/viennaguru.com\/karlsplatz-e-il-distretto-di-wieden\/"},"modified":"2025-02-14T15:25:25","modified_gmt":"2025-02-14T15:25:25","slug":"karlsplatz-y-barrio-wieden","status":"publish","type":"post","link":"https:\/\/viennaguru.com\/es\/karlsplatz-y-barrio-wieden\/","title":{"rendered":"Karlsplatz y el Distrito de Wieden en Viena: Qu\u00e9 ver en 2025"},"content":{"rendered":"\n<p>\u00bfQuieres saber m\u00e1s sobre <strong>Karlsplatz y el distrito de Wieden<\/strong>?<\/p>\n\n\n\n<p>\u00bfEst\u00e1s planeando tu visita y buscando informaci\u00f3n actualizada?<\/p>\n\n\n\n<p>En este post encontrar\u00e1s una gu\u00eda completa para visitar esta zona de Viena. A continuaci\u00f3n, descubrir\u00e1s lo que encontrar\u00e1s leyendo el art\u00edculo:<\/p>\n\n\n\n<ul class=\"wp-block-list\">\n<li><strong>Curiosidades e informaci\u00f3n hist\u00f3rica<\/strong> sobre Karlsplatz y Wieden.<\/li>\n\n\n\n<li><strong>Qu\u00e9 ver en Karlsplatz<\/strong> y sus alrededores (es decir, el barrio de Wieden).<\/li>\n\n\n\n<li>Informaci\u00f3n pr\u00e1ctica para visitar las atracciones de Karlsplatz, incluyendo <strong>horarios<\/strong>, <strong>entradas<\/strong> y <strong>ubicaci\u00f3n<\/strong>.<\/li>\n<\/ul>\n\n\n\n<p>\u00bfEst\u00e1s listo\/a? \u00a1Empecemos!<\/p>\n\n\n\n<h2 class=\"wp-block-heading\">Karlsplatz y el distrito de Wieden: una visi\u00f3n general de lo que puedes esperar<\/h2>\n\n\n\n<figure class=\"wp-block-image size-large\"><img loading=\"lazy\" decoding=\"async\" width=\"1024\" height=\"768\" src=\"https:\/\/viennaguru.com\/wp-content\/uploads\/2023\/07\/Barrio-Wieden-y-Karlsplatz-una-visio\u0301n-general-1024x768.jpg\" alt=\"Barrio Wieden y Karlsplatz, una visio\u0301n general\" class=\"wp-image-378\" srcset=\"https:\/\/viennaguru.com\/wp-content\/uploads\/2023\/07\/Barrio-Wieden-y-Karlsplatz-una-visio\u0301n-general-1024x768.jpg 1024w, https:\/\/viennaguru.com\/wp-content\/uploads\/2023\/07\/Barrio-Wieden-y-Karlsplatz-una-visio\u0301n-general-300x225.jpg 300w, https:\/\/viennaguru.com\/wp-content\/uploads\/2023\/07\/Barrio-Wieden-y-Karlsplatz-una-visio\u0301n-general-768x576.jpg 768w, https:\/\/viennaguru.com\/wp-content\/uploads\/2023\/07\/Barrio-Wieden-y-Karlsplatz-una-visio\u0301n-general-1536x1152.jpg 1536w, https:\/\/viennaguru.com\/wp-content\/uploads\/2023\/07\/Barrio-Wieden-y-Karlsplatz-una-visio\u0301n-general.jpg 1600w\" sizes=\"auto, (max-width: 1024px) 100vw, 1024px\" \/><\/figure>\n\n\n\n<p>Comencemos con una visi\u00f3n general de Karlsplatz y el distrito en el que se encuentra, Weiden, el cuarto distrito de Viena.<\/p>\n\n\n\n<p>Karlsplatz no siempre fue la plaza que ves hoy. Originalmente, en <strong>1854<\/strong>, aqu\u00ed hab\u00eda un <strong>puente<\/strong> dedicado a la famosa emperatriz <strong>Sissi<\/strong>.<\/p>\n\n\n\n<p>Sin embargo, en 1897, el puente fue demolido para dar paso a la plaza, que fue dise\u00f1ada en parte por el famoso arquitecto <strong>Otto Wagner<\/strong>.<\/p>\n\n\n\n<p>Desafortunadamente, algunas de sus ideas no fueron aprobadas, pero su huella todav\u00eda es visible, por ejemplo, en la antigua estaci\u00f3n de Karlsplatz, una obra maestra del estilo Art Nouveau.<\/p>\n\n\n\n<p>Los edificios que dan a la plaza fueron construidos en diferentes etapas, debido a las dos grandes guerras.<\/p>\n\n\n\n<p>En 2006, las \u00e1reas verdes de Karlsplatz fueron redise\u00f1adas y se cre\u00f3 el Girardipark.<\/p>\n\n\n\n<p><strong>\u00bfQu\u00e9 ver en Karlsplatz y sus alrededores?<\/strong><\/p>\n\n\n\n<p>La plaza est\u00e1 dominada por la <strong>Karlskirche<\/strong>, una <strong>obra maestra de la arquitectura barroca<\/strong> construida por orden de Carlos VI en 1713, para cumplir su voto despu\u00e9s del fin de la peste.<\/p>\n\n\n\n<p>La iglesia, con su espectacular c\u00fapula y columnas inspiradas en la romana de Trajano, es una de las visitas m\u00e1s importantes que hacer en el distrito de Weiden.<\/p>\n\n\n\n<p>Otras atracciones para visitar son el <strong>Resselpark<\/strong>, un parque muy cuidado que alberga la iglesia, y la ya mencionada estaci\u00f3n de Karlsplatz, dise\u00f1ada por Otto Wagner.<\/p>\n\n\n\n<p>A pocos pasos de Karlsplatz, tambi\u00e9n encontrar\u00e1s el <strong>Naschmarkt<\/strong>, el mercado m\u00e1s grande y famoso de Viena. Aqu\u00ed podr\u00e1s saborear las delicias culinarias locales e internacionales, y sumergirte en la animada y colorida atm\u00f3sfera del mercado.<\/p>\n\n\n\n<p>Dicho esto, continuamos nuestro recorrido por este interesante distrito, con toda la informaci\u00f3n \u00fatil para visitarlo, y luego con una descripci\u00f3n m\u00e1s detallada de las atracciones, horarios, boletos y todo lo que necesitas para planificar una visita sin contratiempos.<\/p>\n\n\n<style>.kadence-column197_8fc4a7-27 > .kt-inside-inner-col{padding-top:var(--global-kb-spacing-xs, 1rem);padding-right:var(--global-kb-spacing-xs, 1rem);padding-bottom:var(--global-kb-spacing-xs, 1rem);padding-left:var(--global-kb-spacing-xs, 1rem);}.kadence-column197_8fc4a7-27 > .kt-inside-inner-col,.kadence-column197_8fc4a7-27 > .kt-inside-inner-col:before{border-top-left-radius:0px;border-top-right-radius:0px;border-bottom-right-radius:0px;border-bottom-left-radius:0px;}.kadence-column197_8fc4a7-27 > .kt-inside-inner-col{column-gap:var(--global-kb-gap-sm, 1rem);}.kadence-column197_8fc4a7-27 > .kt-inside-inner-col{flex-direction:column;}.kadence-column197_8fc4a7-27 > .kt-inside-inner-col > .aligncenter{width:100%;}.kadence-column197_8fc4a7-27 > .kt-inside-inner-col{background-color:var(--global-palette8, #F7FAFC);}.kadence-column197_8fc4a7-27 > .kt-inside-inner-col:before{opacity:0.3;}.kadence-column197_8fc4a7-27{position:relative;}.kadence-column197_8fc4a7-27, .kt-inside-inner-col > .kadence-column197_8fc4a7-27:not(.specificity){margin-top:var(--global-kb-spacing-xs, 1rem);margin-bottom:var(--global-kb-spacing-xs, 1rem);}@media all and (max-width: 1024px){.kadence-column197_8fc4a7-27 > .kt-inside-inner-col{flex-direction:column;justify-content:center;}}@media all and (max-width: 767px){.kadence-column197_8fc4a7-27 > .kt-inside-inner-col{flex-direction:column;justify-content:center;}}<\/style>\n<div class=\"wp-block-kadence-column kadence-column197_8fc4a7-27 kb-section-dir-vertical\"><div class=\"kt-inside-inner-col\">\n<p><strong>Lee tambi\u00e9n<\/strong>: <strong><a href=\"https:\/\/viennaguru.com\/es\/barrios-de-viena\/\" target=\"_blank\" aria-label=\"Mejores barrios para visitar en Viena (opens in a new tab)\" rel=\"noreferrer noopener\" class=\"ek-link\">Mejores barrios para visitar en Viena<\/a><\/strong><\/p>\n<\/div><\/div>\n\n\n\n<h2 class=\"wp-block-heading\">Informaci\u00f3n \u00fatil para visitar Karlsplatz y sus alrededores<\/h2>\n\n\n\n<h3 class=\"wp-block-heading\">Atracciones y entradas<\/h3>\n\n\n\n<figure class=\"wp-block-table\"><table><thead><tr><th>Nombre de la Atracci\u00f3n<\/th><th>Precio<\/th><th>Horarios<\/th><th>Enlaces para comprar online<\/th><\/tr><\/thead><tbody><tr><td>Karlskirche<\/td><td>9,50\u20ac<\/td><td>Todos los d\u00edas excepto los domingos de 9:00 a 18:00. Domingos de 11:00 a 19:00.<\/td><td><strong><a href=\"https:\/\/www.getyourguide.es\/viena-l7\/ticket-de-entrada-a-la-karlskirche-con-acceso-a-la-terraza-panoramica-t720573\/?partner_id=KC753P7&amp;utm_medium=online_publisher&amp;cmp=viena_wieden_post\" target=\"_blank\" rel=\"noreferrer noopener nofollow\">Comprar las entradas<\/a><\/strong><\/td><\/tr><tr><td>Pabell\u00f3n de Otto Wagner<\/td><td>Entrada gratuita<\/td><td>Solo abierto durante la temporada de buen tiempo (finales de primavera y verano).<\/td><td>Entrada gratuita<\/td><\/tr><tr><td>Palacio de la Secesi\u00f3n<\/td><td>12\u20ac<\/td><td>De martes a domingo de 10:00 a 18:00. Cerrado los lunes.<\/td><td><\/td><\/tr><tr><td>Naschmarkt<\/td><td>&#8211;<\/td><td>De lunes a s\u00e1bado de 6:00 a 21:00.<\/td><td>Entrada gratuita<\/td><\/tr><tr><td>Concierto de Vivaldi en el Musikverein<\/td><td>Desde 15\u20ac por persona<\/td><td>Todos los d\u00edas a las 20:00.<\/td><td><strong><a href=\"https:\/\/www.getyourguide.es\/viena-l7\/concierto-de-mozart-en-el-golden-hall-de-viena-t613\/?partner_id=KC753P7&amp;utm_medium=online_publisher&amp;cmp=viena_karlsplatz_post\" target=\"_blank\" aria-label=\"Comprar las entradas (opens in a new tab)\" rel=\"noreferrer noopener nofollow\" class=\"ek-link\">Comprar las entradas<\/a><\/strong><\/td><\/tr><tr><td>Concierto de Mozart en la Sala Dorada del Musikverein<\/td><td>Desde 69\u20ac por persona<\/td><td>Todos los d\u00edas a las 20:00.<\/td><td><strong><a href=\"https:\/\/www.civitatis.com\/es\/viena\/concierto-mozart-musikverein\/?aid=13436&amp;cmp=viena_wieden_post\" target=\"_blank\" data-type=\"link\" data-id=\"https:\/\/www.civitatis.com\/es\/viena\/concierto-mozart-musikverein\/?aid=13436&amp;cmp=viena_wieden_post\" rel=\"noreferrer noopener nofollow\">Comprar las entradas<\/a><\/strong><\/td><\/tr><\/tbody><\/table><\/figure>\n\n\n\n<h3 class=\"wp-block-heading\">C\u00f3mo moverse en metro en Karlsplatz<\/h3>\n\n\n\n<p>Karlsplatz es uno de los puntos centrales del tr\u00e1fico vien\u00e9s, por lo que es una de las zonas mejor comunicadas de la ciudad.<\/p>\n\n\n\n<p>\u00bfC\u00f3mo llegar a Karlsplatz en metro?<\/p>\n\n\n\n<ul class=\"wp-block-list\">\n<li><strong>U-Bahn<\/strong>: la zona est\u00e1 cubierta por las l\u00edneas U1, U2 y U4.<\/li>\n\n\n\n<li><strong>Tranv\u00eda<\/strong>: las l\u00edneas 1 y 62 tienen una parada en Karlsplatz.<\/li>\n<\/ul>\n\n\n<style>.kadence-column197_142fad-e4 > .kt-inside-inner-col{padding-top:var(--global-kb-spacing-xs, 1rem);padding-right:var(--global-kb-spacing-xs, 1rem);padding-bottom:var(--global-kb-spacing-xs, 1rem);padding-left:var(--global-kb-spacing-xs, 1rem);}.kadence-column197_142fad-e4 > .kt-inside-inner-col,.kadence-column197_142fad-e4 > .kt-inside-inner-col:before{border-top-left-radius:0px;border-top-right-radius:0px;border-bottom-right-radius:0px;border-bottom-left-radius:0px;}.kadence-column197_142fad-e4 > .kt-inside-inner-col{column-gap:var(--global-kb-gap-sm, 1rem);}.kadence-column197_142fad-e4 > .kt-inside-inner-col{flex-direction:column;}.kadence-column197_142fad-e4 > .kt-inside-inner-col > .aligncenter{width:100%;}.kadence-column197_142fad-e4 > .kt-inside-inner-col{background-color:var(--global-palette8, #F7FAFC);}.kadence-column197_142fad-e4 > .kt-inside-inner-col:before{opacity:0.3;}.kadence-column197_142fad-e4{position:relative;}.kadence-column197_142fad-e4, .kt-inside-inner-col > .kadence-column197_142fad-e4:not(.specificity){margin-top:var(--global-kb-spacing-xs, 1rem);margin-bottom:var(--global-kb-spacing-xs, 1rem);}@media all and (max-width: 1024px){.kadence-column197_142fad-e4 > .kt-inside-inner-col{flex-direction:column;justify-content:center;}}@media all and (max-width: 767px){.kadence-column197_142fad-e4 > .kt-inside-inner-col{flex-direction:column;justify-content:center;}}<\/style>\n<div class=\"wp-block-kadence-column kadence-column197_142fad-e4 kb-section-dir-vertical\"><div class=\"kt-inside-inner-col\">\n<p class=\"has-medium-font-size\"><strong>\u00bfQuieres ahorrar en transporte? Tienes 2 opciones:<\/strong><\/p>\n\n\n\n<ul class=\"wp-block-list\">\n<li><strong>Billete diario<\/strong>: por un coste de 8\u20ac puedes usar gratis el metro, tranv\u00eda y autob\u00fas durante 24 horas. Puedes comprar el billete usando las m\u00e1quinas correspondientes situadas en las estaciones de metro.<\/li>\n\n\n\n<li><strong><a href=\"https:\/\/www.getyourguide.es\/viena-l7\/viena-tarjeta-de-la-ciudad-de-transporte-publico-y-descuentos-en-atracciones-t4305\/?partner_id=KC753P7&amp;utm_medium=online_publisher&amp;cmp=viena_karlsplatz_post\" target=\"_blank\" aria-label=\"Vienna City Card (opens in a new tab)\" rel=\"noreferrer noopener nofollow\" class=\"ek-link\">Vienna City Card<\/a><\/strong>: la segunda soluci\u00f3n es un pase tur\u00edstico que te permite usar gratis el transporte durante un periodo de 1 a 3 d\u00edas. El pase de 3 d\u00edas cuesta 29\u20ac y la ventaja es que incluye descuentos en la mayor\u00eda de las atracciones. Estos descuentos var\u00edan del 7% al 50% (en la mayor\u00eda de los casos se trata de descuentos del 15-20%).<\/li>\n<\/ul>\n\n\n\n<p>\u00bfCu\u00e1l conviene? Depende de ti. Si visitas pocas atracciones, te conviene el billete diario. Si vas a visitar al menos 3-4 atracciones, te recomiendo la Vienna City Card.<\/p>\n\n\n\n<p>\u00bfD\u00f3nde se compra? Puedes <strong><a href=\"https:\/\/www.getyourguide.es\/viena-l7\/viena-tarjeta-de-la-ciudad-de-transporte-publico-y-descuentos-en-atracciones-t4305\/?partner_id=KC753P7&amp;utm_medium=online_publisher&amp;cmp=viena_karlsplatz_post\" target=\"_blank\" aria-label=\"comprarla c\u00f3modamente online en esta web (opens in a new tab)\" rel=\"noreferrer noopener nofollow\" class=\"ek-link\">comprarla c\u00f3modamente online en esta web<\/a><\/strong>.<\/p>\n<\/div><\/div>\n\n\n\n<h3 class=\"wp-block-heading\">\u00bfVale la pena alojarse en Karlsplatz?<\/h3>\n\n\n\n<p><strong>\u00bfTe est\u00e1s preguntando si la zona de Karlsplatz es una buena opci\u00f3n para alojarte en Viena?<\/strong><\/p>\n\n\n\n<p>En esta secci\u00f3n te ayudaremos a entender las caracter\u00edsticas principales del barrio Wieden y de Karlsplatz.<\/p>\n\n\n\n<p>La plaza est\u00e1 <strong>a pocos pasos del centro de Viena<\/strong>, tanto que para llegar a Stephansplatz (el verdadero centro) solo necesitas 3 minutos y una parada de metro.<\/p>\n\n\n\n<p>Por lo tanto, en cuanto a ubicaci\u00f3n, es un barrio excelente.<\/p>\n\n\n\n<p>Adem\u00e1s, si te alojas directamente en Karlsplatz y no en la parte m\u00e1s interna, incluso puedes <strong>desplazarte a pie<\/strong> para visitar gran parte de las atracciones de Viena.<\/p>\n\n\n\n<p>Por \u00faltimo, el barrio es ideal para aquellos que aman la vida nocturna. La zona est\u00e1 llena de bares, un par de discotecas, y un famos\u00edsimo mercado de comida donde puedes comer y beber a precios razonables.<\/p>\n\n\n\n<p>As\u00ed que la respuesta es s\u00ed, definitivamente recomiendo Karlsplatz.<\/p>\n\n\n<style>.kadence-column197_d63d91-f2 > .kt-inside-inner-col{padding-top:var(--global-kb-spacing-xs, 1rem);padding-right:var(--global-kb-spacing-xs, 1rem);padding-bottom:var(--global-kb-spacing-xs, 1rem);padding-left:var(--global-kb-spacing-xs, 1rem);}.kadence-column197_d63d91-f2 > .kt-inside-inner-col,.kadence-column197_d63d91-f2 > .kt-inside-inner-col:before{border-top-left-radius:0px;border-top-right-radius:0px;border-bottom-right-radius:0px;border-bottom-left-radius:0px;}.kadence-column197_d63d91-f2 > .kt-inside-inner-col{column-gap:var(--global-kb-gap-sm, 1rem);}.kadence-column197_d63d91-f2 > .kt-inside-inner-col{flex-direction:column;}.kadence-column197_d63d91-f2 > .kt-inside-inner-col > .aligncenter{width:100%;}.kadence-column197_d63d91-f2 > .kt-inside-inner-col{background-color:var(--global-palette8, #F7FAFC);}.kadence-column197_d63d91-f2 > .kt-inside-inner-col:before{opacity:0.3;}.kadence-column197_d63d91-f2{position:relative;}.kadence-column197_d63d91-f2, .kt-inside-inner-col > .kadence-column197_d63d91-f2:not(.specificity){margin-top:var(--global-kb-spacing-xs, 1rem);margin-bottom:var(--global-kb-spacing-xs, 1rem);}@media all and (max-width: 1024px){.kadence-column197_d63d91-f2 > .kt-inside-inner-col{flex-direction:column;justify-content:center;}}@media all and (max-width: 767px){.kadence-column197_d63d91-f2 > .kt-inside-inner-col{flex-direction:column;justify-content:center;}}<\/style>\n<div class=\"wp-block-kadence-column kadence-column197_d63d91-f2 kb-section-dir-vertical\"><div class=\"kt-inside-inner-col\">\n<p><strong>\u00bfD\u00f3nde alojarse? Aqu\u00ed tienes 3 excelentes opciones:<\/strong><\/p>\n\n\n\n<ul class=\"wp-block-list\">\n<li><strong>Econ\u00f3mico \u2013 \u27a1\ufe0f&nbsp;<a aria-label=\" (opens in a new tab)\" href=\"https:\/\/www.booking.com\/hotel\/at\/wombats-hostels-vienna-naschmarkt.es.html?aid=2394266&amp;no_rooms=1&amp;group_adults=2&amp;label=viena_karlsplatz_post\" target=\"_blank\" rel=\"noreferrer noopener nofollow\" class=\"ek-link\">Wombat\u2019s City Hostel Vienna Naschmarkt<\/a><\/strong><\/li>\n\n\n\n<li><strong>Gama media \u2013 \u27a1\ufe0f&nbsp;<a href=\"https:\/\/www.booking.com\/hotel\/at\/erzherzograiner.es.html?aid=2394266&amp;no_rooms=1&amp;group_adults=2&amp;label=viena_karlsplatz_post\" target=\"_blank\" aria-label=\" (opens in a new tab)\" rel=\"noreferrer noopener nofollow\" class=\"ek-link\">Hotel Erzherzog Rainer<\/a><\/strong><\/li>\n\n\n\n<li><strong>Lujo \u2013 \u27a1\ufe0f&nbsp;<a aria-label=\" (opens in a new tab)\" href=\"https:\/\/www.booking.com\/hotel\/at\/hotelkaiserhof.es.html?aid=2394266&amp;no_rooms=1&amp;group_adults=2&amp;label=viena_karlsplatz_post\" target=\"_blank\" rel=\"noreferrer noopener nofollow\" class=\"ek-link\">Hotel Kaiserhof Wien<\/a><\/strong><\/li>\n<\/ul>\n<\/div><\/div>\n\n\n\n<h2 class=\"wp-block-heading\">Qu\u00e9 ver en Karlsplatz y en el barrio de Weiden<\/h2>\n\n\n\n<h3 class=\"wp-block-heading\">Karlsplatz, la plaza m\u00e1s grande de Viena<\/h3>\n\n\n\n<p>Por supuesto, la primera atracci\u00f3n de la que hablar es la propia plaza.<\/p>\n\n\n\n<p>La plaza, una de las m\u00e1s grandes de Viena, comienza a tomar forma en el siglo XVIII con la construcci\u00f3n de la Karlskirche, una impresionante iglesia barroca, enriquecida con elementos rom\u00e1nico-bizantinos, y encargada por el emperador Carlos VI para celebrar el fin de la peste en 1713.<\/p>\n\n\n\n<p>Desafortunadamente, Karlsplatz tambi\u00e9n es uno de los principales cruces de tr\u00e1fico vien\u00e9s, por lo que a menudo es injustamente ignorada por los turistas.<\/p>\n\n\n\n<p>No obstante, la plaza sigue conservando su encanto gracias a monumentos importantes como el Templo de la Secesi\u00f3n, la ya mencionada iglesia de Karlskirche y los dos pabellones dise\u00f1ados por Otto Wagner en estilo Jugendstil.<\/p>\n\n\n\n<p>Y ahora descubramos en detalle la principal atracci\u00f3n de la plaza, la Karlskirche.<\/p>\n\n\n\n<h3 class=\"wp-block-heading\">Karlskirche, la espl\u00e9ndida iglesia barroca de San Carlos<\/h3>\n\n\n\n<figure class=\"wp-block-image size-large\"><img loading=\"lazy\" decoding=\"async\" width=\"1024\" height=\"768\" src=\"https:\/\/viennaguru.com\/wp-content\/uploads\/2023\/07\/Karlskirche-en-Karlsplatz-distrito-de-Wieden-Viena-1024x768.jpg\" alt=\"Karlskirche, en Karlsplatz, distrito de Wieden, Viena\" class=\"wp-image-384\" srcset=\"https:\/\/viennaguru.com\/wp-content\/uploads\/2023\/07\/Karlskirche-en-Karlsplatz-distrito-de-Wieden-Viena-1024x768.jpg 1024w, https:\/\/viennaguru.com\/wp-content\/uploads\/2023\/07\/Karlskirche-en-Karlsplatz-distrito-de-Wieden-Viena-300x225.jpg 300w, https:\/\/viennaguru.com\/wp-content\/uploads\/2023\/07\/Karlskirche-en-Karlsplatz-distrito-de-Wieden-Viena-768x576.jpg 768w, https:\/\/viennaguru.com\/wp-content\/uploads\/2023\/07\/Karlskirche-en-Karlsplatz-distrito-de-Wieden-Viena-1536x1152.jpg 1536w, https:\/\/viennaguru.com\/wp-content\/uploads\/2023\/07\/Karlskirche-en-Karlsplatz-distrito-de-Wieden-Viena.jpg 1600w\" sizes=\"auto, (max-width: 1024px) 100vw, 1024px\" \/><\/figure>\n\n\n\n<p>En el extremo sureste del Resselpark se encuentra la magn\u00edfica <strong><a href=\"https:\/\/www.getyourguide.es\/viena-l7\/ticket-de-entrada-a-la-karlskirche-con-acceso-a-la-terraza-panoramica-t720573\/?partner_id=KC753P7&amp;utm_medium=online_publisher&amp;cmp=viena_wieden_post\" target=\"_blank\" rel=\"noreferrer noopener nofollow\">Karlskirche<\/a><\/strong>, <strong>iglesia del siglo XVIII<\/strong> construida por orden de Carlos VI.<\/p>\n\n\n\n<p>Su exterior se caracteriza por su inconfundible c\u00fapula, rodeada por <strong>dos enormes columnas<\/strong> adornadas con relieves y \u00e1guilas imperiales doradas.<\/p>\n\n\n\n<p>Antes del final de la peste, Carlos VI prometi\u00f3 que, si la pandemia terminaba, construir\u00eda una iglesia dedicada a San Carlos Borromeo. Y as\u00ed fue: despu\u00e9s de la finalizaci\u00f3n de la peste en 1713, para cumplir con su promesa, orden\u00f3 la construcci\u00f3n de esta magn\u00edfica iglesia barroca.<\/p>\n\n\n\n<p>La Iglesia de San Carlos Borromeo fue <strong>dise\u00f1ada por Johann Bernhard Fischer von Erlach<\/strong> y luego terminada por su hijo Joseph.<\/p>\n\n\n\n<p>Las columnas en la entrada, inspiradas en la Columna de Trajano en Roma, muestran escenas de la vida del santo.<\/p>\n\n\n\n<p>La <strong>c\u00fapula<\/strong> el\u00edptica, revestida de cobre, alcanza una altura de <strong>72 metros<\/strong>.<\/p>\n\n\n\n<p>En el exterior, la iglesia se presenta en toda su majestuosidad, rodeada de verde del parque y enriquecida por una escultura de Henry Moore, \u00abHill Arches\u00bb, instalada en 1978.<\/p>\n\n\n\n<p>En el interior, por el contrario, se puede admirar la ascensi\u00f3n de San Carlos Borromeo en el altar mayor, junto con un incre\u00edble n\u00famero de obras de arte. El interior es un triunfo de arte decorativo, con estucos de m\u00e1rmol, frescos, relieves, esculturas, trabajos en incrustaciones y esculturas, todo enriquecido con detalles dorados.<\/p>\n\n\n\n<p>Un <strong>ascensor panor\u00e1mico<\/strong> permite subir a la c\u00fapula, ofreciendo una vista cercana de los frescos que la decoran y una impresionante vista panor\u00e1mica de la ciudad.<\/p>\n\n\n\n<p>La entrada tambi\u00e9n incluye acceso a la capilla del Museo Borromeo y a un peque\u00f1o museo con obras de arte religioso y objetos pertenecientes al santo.<\/p>\n\n\n\n<ul class=\"wp-block-list\">\n<li><strong>Entradas<\/strong>: la entrada cuesta 9,50 \u20ac y se puede comprar en la entrada. <strong><a href=\"https:\/\/www.getyourguide.es\/viena-l7\/ticket-de-entrada-a-la-karlskirche-con-acceso-a-la-terraza-panoramica-t720573\/?partner_id=KC753P7&amp;utm_medium=online_publisher&amp;cmp=viena_wieden_post\" target=\"_blank\" rel=\"noreferrer noopener nofollow\">Aqu\u00ed puedes comprar las entradas<\/a><\/strong>.<\/li>\n\n\n\n<li><strong>Horario<\/strong>: todos los d\u00edas excepto los domingos de 9:00 a 18:00. Domingo de 11:00 a 19:00.<\/li>\n\n\n\n<li><strong>Ubicaci\u00f3n<\/strong>: Karlskirche, Karlsplatz 10. <a href=\"https:\/\/goo.gl\/maps\/gXvJN8nepCo7iP7b7\" target=\"_blank\" aria-label=\" (opens in a new tab)\" rel=\"noreferrer noopener\" class=\"ek-link\">Ubicaci\u00f3n en Maps<\/a><\/li>\n<\/ul>\n\n\n\n<h3 class=\"wp-block-heading\">Concierto en el Musikverein<\/h3>\n\n\n\n<figure class=\"wp-block-image size-large\"><img loading=\"lazy\" decoding=\"async\" width=\"1024\" height=\"768\" src=\"https:\/\/viennaguru.com\/wp-content\/uploads\/2023\/07\/Musikverein-para-visitar-en-Karlsplatz-en-Viena-1024x768.jpg\" alt=\"Musikverein, para visitar en Karlsplatz en Viena\" class=\"wp-image-390\" srcset=\"https:\/\/viennaguru.com\/wp-content\/uploads\/2023\/07\/Musikverein-para-visitar-en-Karlsplatz-en-Viena-1024x768.jpg 1024w, https:\/\/viennaguru.com\/wp-content\/uploads\/2023\/07\/Musikverein-para-visitar-en-Karlsplatz-en-Viena-300x225.jpg 300w, https:\/\/viennaguru.com\/wp-content\/uploads\/2023\/07\/Musikverein-para-visitar-en-Karlsplatz-en-Viena-768x576.jpg 768w, https:\/\/viennaguru.com\/wp-content\/uploads\/2023\/07\/Musikverein-para-visitar-en-Karlsplatz-en-Viena-1536x1152.jpg 1536w, https:\/\/viennaguru.com\/wp-content\/uploads\/2023\/07\/Musikverein-para-visitar-en-Karlsplatz-en-Viena.jpg 1600w\" sizes=\"auto, (max-width: 1024px) 100vw, 1024px\" \/><\/figure>\n\n\n\n<p>A poca distancia de Karlsplatz, y no lejos de la prestigiosa Ringstrasse, se encuentra el Musikverein, el templo m\u00e1s famoso de la m\u00fasica cl\u00e1sica de Viena.<\/p>\n\n\n\n<p>Desde que la Sociedad de Amigos de la M\u00fasica de Viena (Gesellschaft der Musikfreunde in Wien) comenz\u00f3 a utilizar el Musikverein como sala de conciertos en 1812, el lugar ha recibido a numerosos artistas y compositores famosos, incluyendo a Beethoven, Bernstein, Abbado, Salieri, Strauss, Mahler, Liszt y Brahms.<\/p>\n\n\n\n<p>Dentro del Musikverein, la Gran Sala, o Sala Dorada, es conocida por su lujosa decoraci\u00f3n: el techo est\u00e1 decorado con Apolo y las musas, y las columnas est\u00e1n hechas a semejanza de mujer.<\/p>\n\n\n\n<p>Este magn\u00edfico ambiente, envidiado por su excepcional ac\u00fastica, acoge cada a\u00f1o el Concierto de A\u00f1o Nuevo de la Orquesta Filarm\u00f3nica de Viena, transmitido en todo el mundo.<\/p>\n\n\n\n<p>El teatro se divide en un total de 5 salas: la ya mencionada Sala Dorada, la Sala de Vidrio, la Sala de Metal, la Sala de Piedra y la Sala de Madera. El Musikverein tambi\u00e9n alberga una famosa tienda de pianos que ofrece la posibilidad de admirar y comprar los renombrados pianos B\u00f6sendorfer, apreciados por compositores de la talla de Brahms, Strauss y Mahler, y proveedores de la corte imperial desde 1828.<\/p>\n\n\n\n<p>Mi recomendaci\u00f3n es <strong><a href=\"https:\/\/www.civitatis.com\/es\/viena\/concierto-mozart-musikverein\/?aid=13436&amp;cmp=viena_wieden_post\" target=\"_blank\" data-type=\"link\" data-id=\"https:\/\/www.civitatis.com\/es\/viena\/concierto-mozart-musikverein\/?aid=13436&amp;cmp=viena_wieden_post\" rel=\"noreferrer noopener nofollow\">asistir a un concierto<\/a><\/strong>, para experimentar plenamente el Musikverein.<\/p>\n\n\n\n<p><strong>Los conciertos que te recomiendo son:<\/strong><\/p>\n\n\n\n<ul class=\"wp-block-list\">\n<li><strong>Concierto de Mozart en la Sala Dorada<\/strong>: concierto interpretado por una orquesta de 30 famosos m\u00fasicos con las obras m\u00e1s famosas de Mozart y Strauss. Es necesario <strong><a href=\"https:\/\/www.civitatis.com\/es\/viena\/concierto-mozart-musikverein\/?aid=13436&amp;cmp=viena_wieden_post\" target=\"_blank\" data-type=\"link\" data-id=\"https:\/\/www.civitatis.com\/es\/viena\/concierto-mozart-musikverein\/?aid=13436&amp;cmp=viena_wieden_post\" rel=\"noreferrer noopener nofollow\">reservar con mucha antelaci\u00f3n<\/a><\/strong> en l\u00ednea para conseguir un asiento.<\/li>\n\n\n\n<li><strong>Concierto de Vivaldi<\/strong>: menos \u00abprestigioso\u00bb que el concierto de Mozart, pero aun as\u00ed una excelente oportunidad para experimentar el Musikverein. El \u00fanico consejo que puedo darte es que no compres la opci\u00f3n m\u00e1s econ\u00f3mica porque no podr\u00e1s ver la orquesta, solo escucharla. Tambi\u00e9n este concierto es necesario <strong><a href=\"https:\/\/www.getyourguide.es\/viena-l7\/concierto-de-mozart-en-el-golden-hall-de-viena-t613\/?partner_id=KC753P7&amp;utm_medium=online_publisher&amp;cmp=viena_karlsplatz_post\" target=\"_blank\" aria-label=\" (opens in a new tab)\" rel=\"noreferrer noopener nofollow\" class=\"ek-link\">reservar con mucha antelaci\u00f3n en l\u00ednea<\/a><\/strong>. Es imposible encontrar un asiento en el mismo d\u00eda.<\/li>\n<\/ul>\n\n\n\n<h3 class=\"wp-block-heading\">Estaci\u00f3n de Karlsplatz<\/h3>\n\n\n\n<figure class=\"wp-block-image size-large\"><img loading=\"lazy\" decoding=\"async\" width=\"1024\" height=\"768\" src=\"https:\/\/viennaguru.com\/wp-content\/uploads\/2023\/07\/Estacio\u0301n-de-Karlsplatz-1024x768.jpg\" alt=\"Estacio\u0301n de Karlsplatz\" class=\"wp-image-381\" srcset=\"https:\/\/viennaguru.com\/wp-content\/uploads\/2023\/07\/Estacio\u0301n-de-Karlsplatz-1024x768.jpg 1024w, https:\/\/viennaguru.com\/wp-content\/uploads\/2023\/07\/Estacio\u0301n-de-Karlsplatz-300x225.jpg 300w, https:\/\/viennaguru.com\/wp-content\/uploads\/2023\/07\/Estacio\u0301n-de-Karlsplatz-768x576.jpg 768w, https:\/\/viennaguru.com\/wp-content\/uploads\/2023\/07\/Estacio\u0301n-de-Karlsplatz-1536x1152.jpg 1536w, https:\/\/viennaguru.com\/wp-content\/uploads\/2023\/07\/Estacio\u0301n-de-Karlsplatz.jpg 1600w\" sizes=\"auto, (max-width: 1024px) 100vw, 1024px\" \/><\/figure>\n\n\n\n<p>Caminando por Karlsplatz, no podr\u00e1s dejar de notar los <strong>Pabellones Otto Wagner Karlsplatz<\/strong>, tambi\u00e9n conocidos como <strong>Stadtbahn-Pavillons<\/strong>. Estos pabellones, construidos alrededor de 1900 para el nuevo Stadtbahn, el ferrocarril urbano, son famosos por su dise\u00f1o en <strong>estilo Art Nouveau<\/strong>, o <strong>Jugendstil<\/strong>, t\u00edpico de las obras de Otto Wagner.<\/p>\n\n\n\n<p>Caracterizados por los distintivos colores verde manzana, oro y blanco, estos pabellones son quiz\u00e1s el <strong>m\u00e1s impresionante ejemplo de la arquitectura ferroviaria de Wagner<\/strong>.<\/p>\n\n\n\n<p>Actualmente, uno de los pabellones alberga una <strong>peque\u00f1a exposici\u00f3n permanente dedicada al arquitecto<\/strong>, mientras que el otro ha sido convertido en un caf\u00e9.<\/p>\n\n\n\n<p>Exteriormente, los pabellones de Karlsplatz se distinguen por el motivo dorado del girasol y el arco de entrada decorado. En el interior, el esquema de colores contin\u00faa, con un caracter\u00edstico <strong>piso a cuadros<\/strong>.<\/p>\n\n\n\n<p>En el <strong>pabell\u00f3n oeste<\/strong>, como ya he mencionado, encontrar\u00e1s la exposici\u00f3n dedicada a Otto Wagner. Esta ocupa solo tres peque\u00f1as salas fuera de la sala de entrada y te guiar\u00e1 a trav\u00e9s de varios aspectos del trabajo y la vida de Wagner, gracias a fotos y dise\u00f1os de las estaciones Stadtbahn en el momento de su apertura, im\u00e1genes de sus otras grandes obras (algunas de las cuales ahora est\u00e1n destruidas), un <strong>modelo de su famosa iglesia Steinhof Kirche<\/strong> y retratos del arquitecto. Una <strong>mini tienda<\/strong> completar\u00e1 tu visita, permiti\u00e9ndote llevar a casa un peque\u00f1o recuerdo que reproduce la hermosa estaci\u00f3n.<\/p>\n\n\n\n<ul class=\"wp-block-list\">\n<li><strong>Entradas<\/strong>: entrada gratuita<\/li>\n\n\n\n<li><strong>Horarios<\/strong>: la estaci\u00f3n solo est\u00e1 abierta durante la temporada de buen tiempo (finales de primavera y verano).<\/li>\n\n\n\n<li><strong>Ubicaci\u00f3n<\/strong>: a pocos pasos de la estaci\u00f3n de metro de Karlsplatz. <a href=\"https:\/\/goo.gl\/maps\/1c4h6PHpPYTezgo26\" target=\"_blank\" aria-label=\" (opens in a new tab)\" rel=\"noreferrer noopener\" class=\"ek-link\">Ubicaci\u00f3n en Maps<\/a><\/li>\n<\/ul>\n\n\n\n<h3 class=\"wp-block-heading\"><strong>El Palacio de la Secesi\u00f3n: una obra maestra del Art Nouveau en Viena<\/strong><\/h3>\n\n\n\n<p>Otra visita imperdible en el barrio de Weiden y cerca de Karlsplatz es sin duda el <strong>Palacio de la Secesi\u00f3n<\/strong> (o Secession), un emblem\u00e1tico edificio de estilo Art Nouveau, construido entre 1897 y 1898 por el arquitecto <strong>Joseph Maria Olbrich<\/strong>, exponente de la corriente secesionista y alumno de Otto Wagner.<\/p>\n\n\n\n<p>Desde su construcci\u00f3n, el edificio estaba destinado a albergar las exposiciones de los artistas secesionistas, y todav\u00eda desempe\u00f1a este papel.<\/p>\n\n\n\n<p>A nivel arquitect\u00f3nico, el Palacio de la Secesi\u00f3n es especialmente conocido por su <strong>c\u00fapula<\/strong>, compuesta por miles de hojas de cobre revestidas de l\u00e1minas de oro, un elemento de gran originalidad decorativa.<\/p>\n\n\n\n<p>Tan pronto como llegues al lugar, quedar\u00e1s fascinado por la <strong>fachada<\/strong> del edificio, por sus <strong>paredes lisas<\/strong> y casi sin decoraciones, y por las <strong>puertas y ventanas que se abren con cortes netos y decididos<\/strong>.<\/p>\n\n\n\n<p>La <strong>entrada<\/strong>, retirada de los bloques masivos de piedra que evocan los pilares monumentales de los templos egipcios, atrae la mirada del visitante hacia el <strong>interior<\/strong>.<\/p>\n\n\n\n<p>Las <strong>salas de exposici\u00f3n internas<\/strong> se distinguen por su <strong>austeridad y practicidad<\/strong>. El \u00e1rea se puede modular seg\u00fan las necesidades gracias a <strong>mamparas<\/strong>, mientras que la <strong>c\u00fapula ilumina desde arriba<\/strong>, de manera totalmente natural, los espacios de exposici\u00f3n.<\/p>\n\n\n\n<p><strong>\u00bfQu\u00e9 ver en el interior?<\/strong> En el Palacio de la Secesi\u00f3n, la obra m\u00e1s famosa es el <strong>Beethovenfries<\/strong>, una de las obras m\u00e1s importantes de Gustav Klimt, a la que se ha dedicado una sala, y que podr\u00e1s admirar mientras escuchas la Novena Sinfon\u00eda de Beethoven.<\/p>\n\n\n\n<ul class=\"wp-block-list\">\n<li><strong>Entradas<\/strong>: la entrada cuesta 12\u20ac.<\/li>\n\n\n\n<li><strong>Horario<\/strong>: de martes a domingo de 10:00 a 18:00. Cerrado los lunes.<\/li>\n\n\n\n<li><strong>Ubicaci\u00f3n<\/strong>: Friedrichstra\u00dfe 12. <a href=\"https:\/\/goo.gl\/maps\/ZyPjFb43hyv35xaC8\" target=\"_blank\" aria-label=\" (opens in a new tab)\" rel=\"noreferrer noopener\" class=\"ek-link\">Ubicaci\u00f3n en Maps<\/a><\/li>\n<\/ul>\n\n\n\n<h3 class=\"wp-block-heading\">Naschmarkt, una visita obligada para los amantes de la comida<\/h3>\n\n\n\n<figure class=\"wp-block-image size-large\"><img loading=\"lazy\" decoding=\"async\" width=\"1024\" height=\"768\" src=\"https:\/\/viennaguru.com\/wp-content\/uploads\/2023\/07\/Naschmarkt-barrio-Wieden-Viena-1024x768.jpg\" alt=\"Naschmarkt, barrio Wieden, Viena\" class=\"wp-image-393\" srcset=\"https:\/\/viennaguru.com\/wp-content\/uploads\/2023\/07\/Naschmarkt-barrio-Wieden-Viena-1024x768.jpg 1024w, https:\/\/viennaguru.com\/wp-content\/uploads\/2023\/07\/Naschmarkt-barrio-Wieden-Viena-300x225.jpg 300w, https:\/\/viennaguru.com\/wp-content\/uploads\/2023\/07\/Naschmarkt-barrio-Wieden-Viena-768x576.jpg 768w, https:\/\/viennaguru.com\/wp-content\/uploads\/2023\/07\/Naschmarkt-barrio-Wieden-Viena-1536x1152.jpg 1536w, https:\/\/viennaguru.com\/wp-content\/uploads\/2023\/07\/Naschmarkt-barrio-Wieden-Viena.jpg 1600w\" sizes=\"auto, (max-width: 1024px) 100vw, 1024px\" \/><\/figure>\n\n\n\n<p>A dos pasos de Karlsplatz, en el barrio de Wieden entre las calles Linke Wienzeile y Rechte Wienzeile, se extiende el <strong>Naschmarkt<\/strong>, el mercado de alimentos m\u00e1s grande y <strong>famoso<\/strong> de Viena.<\/p>\n\n\n\n<p>Fundado en <strong>1770<\/strong> como <strong>mercado de leche<\/strong>, el Naschmarkt se desarroll\u00f3 originalmente a los pies de una gran propiedad aristocr\u00e1tica fuera de las murallas de la ciudad.<\/p>\n\n\n\n<p>En los \u00faltimos cincuenta a\u00f1os, el mercado se ha renovado, enriqueci\u00e9ndose con <strong>caf\u00e9s y restaurantes<\/strong> que se suman a los tradicionales <strong>puestos de comida<\/strong>.<\/p>\n\n\n\n<p>Hoy en d\u00eda, el Naschmarkt se ha convertido en un punto de referencia para j\u00f3venes, aficionados a la comida y turistas, con restaurantes y puestos que ofrecen tanto <strong>comida vienesa<\/strong> como de otras naciones (especialmente turca) y tambi\u00e9n excelentes <strong>cafeter\u00edas especializadas en brunch<\/strong>.<\/p>\n\n\n\n<p>El Naschmarkt se articula a lo largo de dos avenidas principales: una dominada por restaurantes, la otra por tiendas de comestibles y puestos. Hay decenas de puestos y pabellones fijos, adem\u00e1s de puestos temporales que ofrecen una variedad siempre nueva de productos.<\/p>\n\n\n\n<ul class=\"wp-block-list\">\n<li><strong>Horario<\/strong>: de lunes a s\u00e1bado de 6:00 a 21:00.<\/li>\n\n\n\n<li><strong>Ubicaci\u00f3n<\/strong>: <a href=\"https:\/\/goo.gl\/maps\/xXzuhfSSZmkDE3Pp8\" target=\"_blank\" aria-label=\" (opens in a new tab)\" rel=\"noreferrer noopener\" class=\"ek-link\">Posici\u00f3n en Maps<\/a><\/li>\n<\/ul>\n\n\n\n<h2 class=\"wp-block-heading\">D\u00f3nde comer en Karlsplatz, Viena<\/h2>\n\n\n\n<p>Como habr\u00e1s entendido, la zona alrededor de Karlsplatz alberga el mejor mercado de alimentos de Viena. Se extiende por unos 500 metros y cuenta con m\u00e1s de 120 puestos fijos y otros temporales, as\u00ed como varios restaurantes y pubs.<\/p>\n\n\n\n<p>Aqu\u00ed hay algunos de los lugares que he tenido la oportunidad de probar y que recomiendo:<\/p>\n\n\n\n<ul class=\"wp-block-list\">\n<li><strong>Naschmarkt Deli<\/strong>: restaurante turco-vien\u00e9s que ofrece muchas opciones para veganos y vegetarianos, con porciones generosas, precios justos y un personal muy amable. <a href=\"https:\/\/goo.gl\/maps\/Yb1CZgtfZRFbjipc6\" target=\"_blank\" aria-label=\" (opens in a new tab)\" rel=\"noreferrer noopener\" class=\"ek-link\">Ubicaci\u00f3n en Maps<\/a><\/li>\n\n\n\n<li><strong>Tewa<\/strong>: excelente restaurante de comida oriental y en particular iran\u00ed. Tambi\u00e9n en este caso, excelentes precios (por supuesto, para Viena) y un personal muy amable. Lo \u00fanico a tener en cuenta es que no aceptan pagos con tarjeta de cr\u00e9dito\/d\u00e9bito. <a href=\"https:\/\/goo.gl\/maps\/M6qe9T1V9WTPYqh79\" target=\"_blank\" aria-label=\" (opens in a new tab)\" rel=\"noreferrer noopener\" class=\"ek-link\">Ubicaci\u00f3n en Maps<\/a><\/li>\n<\/ul>\n","protected":false},"excerpt":{"rendered":"<p>Gu\u00eda para visitar Karlsplatz en Viena y el cuarto distrito. Informaci\u00f3n \u00fatil sobre qu\u00e9 ver, la Karlskirche, el Naschmarkt y mucho m\u00e1s.<\/p>\n","protected":false},"author":1,"featured_media":387,"comment_status":"open","ping_status":"open","sticky":false,"template":"","format":"standard","meta":{"_editorskit_title_hidden":false,"_editorskit_reading_time":0,"_editorskit_is_block_options_detached":false,"_editorskit_block_options_position":"{}","_kad_blocks_custom_css":"","_kad_blocks_head_custom_js":"","_kad_blocks_body_custom_js":"","_kad_blocks_footer_custom_js":"","_kadence_starter_templates_imported_post":false,"_kad_post_transparent":"","_kad_post_title":"","_kad_post_layout":"","_kad_post_sidebar_id":"","_kad_post_content_style":"","_kad_post_vertical_padding":"","_kad_post_feature":"","_kad_post_feature_position":"","_kad_post_header":false,"_kad_post_footer":false,"footnotes":""},"categories":[5],"tags":[],"class_list":["post-197","post","type-post","status-publish","format-standard","has-post-thumbnail","hentry","category-barrios"],"taxonomy_info":{"category":[{"value":5,"label":"Barrios"}]},"featured_image_src_large":["https:\/\/viennaguru.com\/wp-content\/uploads\/2023\/07\/Karlsplatz-y-el-distrito-de-Wieden-que-ver-1024x768.jpg",1024,768,true],"author_info":{"display_name":"Alex","author_link":"https:\/\/viennaguru.com\/es\/author\/alexb89\/"},"comment_info":0,"category_info":[{"term_id":5,"name":"Barrios","slug":"barrios","term_group":0,"term_taxonomy_id":5,"taxonomy":"category","description":"","parent":16,"count":6,"filter":"raw","cat_ID":5,"category_count":6,"category_description":"","cat_name":"Barrios","category_nicename":"barrios","category_parent":16}],"tag_info":false,"_links":{"self":[{"href":"https:\/\/viennaguru.com\/es\/wp-json\/wp\/v2\/posts\/197","targetHints":{"allow":["GET"]}}],"collection":[{"href":"https:\/\/viennaguru.com\/es\/wp-json\/wp\/v2\/posts"}],"about":[{"href":"https:\/\/viennaguru.com\/es\/wp-json\/wp\/v2\/types\/post"}],"author":[{"embeddable":true,"href":"https:\/\/viennaguru.com\/es\/wp-json\/wp\/v2\/users\/1"}],"replies":[{"embeddable":true,"href":"https:\/\/viennaguru.com\/es\/wp-json\/wp\/v2\/comments?post=197"}],"version-history":[{"count":14,"href":"https:\/\/viennaguru.com\/es\/wp-json\/wp\/v2\/posts\/197\/revisions"}],"predecessor-version":[{"id":8154,"href":"https:\/\/viennaguru.com\/es\/wp-json\/wp\/v2\/posts\/197\/revisions\/8154"}],"wp:featuredmedia":[{"embeddable":true,"href":"https:\/\/viennaguru.com\/es\/wp-json\/wp\/v2\/media\/387"}],"wp:attachment":[{"href":"https:\/\/viennaguru.com\/es\/wp-json\/wp\/v2\/media?parent=197"}],"wp:term":[{"taxonomy":"category","embeddable":true,"href":"https:\/\/viennaguru.com\/es\/wp-json\/wp\/v2\/categories?post=197"},{"taxonomy":"post_tag","embeddable":true,"href":"https:\/\/viennaguru.com\/es\/wp-json\/wp\/v2\/tags?post=197"}],"curies":[{"name":"wp","href":"https:\/\/api.w.org\/{rel}","templated":true}]}}