{"id":2227,"date":"2025-08-31T14:34:18","date_gmt":"2025-08-31T14:34:18","guid":{"rendered":"https:\/\/viennaguru.com\/vienna-a-dicembre\/"},"modified":"2025-09-03T12:47:38","modified_gmt":"2025-09-03T12:47:38","slug":"viena-en-diciembre","status":"publish","type":"post","link":"https:\/\/viennaguru.com\/es\/viena-en-diciembre\/","title":{"rendered":"Viena en Diciembre: Que Visitar, Tiempo y Que Ropa Llevar 2025"},"content":{"rendered":"\n<p>\u00bfEst\u00e1s pensando en <strong>visitar Viena en diciembre<\/strong>?<\/p>\n\n\n\n<p>\u00bfQuieres saber c\u00f3mo est\u00e1n las <strong>temperaturas<\/strong>, qu\u00e9 hacer y <strong>qu\u00e9 ver<\/strong>?<\/p>\n\n\n\n<p>En este art\u00edculo, que escrib\u00ed despu\u00e9s de vivir en Viena y de haber regresado varias veces en los \u00faltimos a\u00f1os, encontrar\u00e1s una gu\u00eda completa que te ayudar\u00e1 a planificar tu viaje a Viena en diciembre.<\/p>\n\n\n\n<p>Aqu\u00ed algunos de los temas tratados:<\/p>\n\n\n\n<ul class=\"wp-block-list\">\n<li>las temperaturas en Viena y el clima durante este per\u00edodo.<\/li>\n\n\n\n<li><strong>Qu\u00e9 hacer en Viena en diciembre<\/strong>.<\/li>\n\n\n\n<li>Actividades recomendadas en Viena en diciembre con <strong>ni\u00f1os<\/strong>.<\/li>\n\n\n\n<li>Consejos \u00fatiles sobre <strong>d\u00f3nde alojarse<\/strong> y los mejores <strong>hoteles<\/strong>.<\/li>\n<\/ul>\n\n\n\n<p>\u00bfEst\u00e1s listo\/a? \u00a1Empecemos!<\/p>\n\n\n\n<h2 class=\"wp-block-heading\">Viena en diciembre: temperaturas y c\u00f3mo vestirse<\/h2>\n\n\n\n<p>Empecemos este art\u00edculo con dos temas fundamentales, primero entenderemos el clima para enfrentarlo de la mejor manera y luego te dar\u00e9 algunos consejos sobre qu\u00e9 llevar en tu maleta.<\/p>\n\n\n\n<p>Comencemos con el clima.<\/p>\n\n\n\n<h3 class=\"wp-block-heading\">Tiempo y temperaturas en Viena en diciembre<\/h3>\n\n\n\n<figure class=\"wp-block-image size-large\"><img loading=\"lazy\" decoding=\"async\" width=\"1024\" height=\"768\" src=\"https:\/\/viennaguru.com\/wp-content\/uploads\/2023\/08\/Temperaturas-en-Viena-en-diciembre-1024x768.jpg\" alt=\"Temperaturas en Viena en diciembre\" class=\"wp-image-2257\" srcset=\"https:\/\/viennaguru.com\/wp-content\/uploads\/2023\/08\/Temperaturas-en-Viena-en-diciembre-1024x768.jpg 1024w, https:\/\/viennaguru.com\/wp-content\/uploads\/2023\/08\/Temperaturas-en-Viena-en-diciembre-300x225.jpg 300w, https:\/\/viennaguru.com\/wp-content\/uploads\/2023\/08\/Temperaturas-en-Viena-en-diciembre-768x576.jpg 768w, https:\/\/viennaguru.com\/wp-content\/uploads\/2023\/08\/Temperaturas-en-Viena-en-diciembre-1536x1152.jpg 1536w, https:\/\/viennaguru.com\/wp-content\/uploads\/2023\/08\/Temperaturas-en-Viena-en-diciembre.jpg 1600w\" sizes=\"auto, (max-width: 1024px) 100vw, 1024px\" \/><\/figure>\n\n\n\n<p><strong>\u00bfC\u00f3mo es el tiempo en Viena en diciembre?<\/strong><\/p>\n\n\n\n<p>Las temperaturas medias durante el mes suelen rondar una <strong>m\u00ednima de 0\u00b0C<\/strong> y una <strong>m\u00e1xima de 5\u00b0C<\/strong>. Pero ten en cuenta que estamos hablando de temperaturas \u00abmedias\u00bb. La realidad es que por la noche las temperaturas casi siempre caen por debajo de cero, mientras que durante el d\u00eda suben ligeramente por encima de cero. Adem\u00e1s, en la segunda mitad del mes, las temperaturas tienden a ser m\u00e1s fr\u00edas que en los primeros 10-15 d\u00edas.<\/p>\n\n\n\n<p>Por esta raz\u00f3n, es uno de los meses m\u00e1s fr\u00edos del a\u00f1o.<\/p>\n\n\n\n<p>Hablemos de lluvia:<\/p>\n\n\n\n<p><strong>En diciembre, la probabilidad diaria de lluvia es la m\u00e1s alta del a\u00f1o. Sin embargo, en la mayor\u00eda de los casos, las precipitaciones son ligeras y dispersas.<\/strong><\/p>\n\n\n\n<p>Pero si est\u00e1s planeando <strong>viajar a Viena en diciembre<\/strong>, olv\u00eddate del sol, porque es uno de los meses m\u00e1s nublados, con una media de apenas 4 horas de sol al d\u00eda.<\/p>\n\n\n\n<p><strong>\u00bfNieva en Viena en diciembre?<\/strong><\/p>\n\n\n\n<p>La posibilidad de ver nieve en var\u00eda seg\u00fan el per\u00edodo del mes en el que decidas visitar la ciudad. <strong>En la primera mitad de diciembre, la probabilidad diaria de que nieve es del 23%<\/strong>. Pero cuidado, porque este porcentaje aumenta a medida que nos acercamos a Navidad y A\u00f1o Nuevo: <strong>hacia el final del mes, la probabilidad diaria aumenta al 34%<\/strong>. En pocas palabras, si pasas 3 d\u00edas en Viena, es probable que veas al menos una nevada.<\/p>\n\n\n\n<h3 class=\"wp-block-heading\">C\u00f3mo vestir en Viena en diciembre<\/h3>\n\n\n\n<figure class=\"wp-block-image size-large\"><img loading=\"lazy\" decoding=\"async\" width=\"1024\" height=\"768\" src=\"https:\/\/viennaguru.com\/wp-content\/uploads\/2023\/08\/que\u0301-ropa-poner-en-la-maleta-para-visitar-Viena-en-diciembre-1024x768.jpg\" alt=\"que\u0301 ropa poner en la maleta para visitar Viena en diciembre\" class=\"wp-image-2251\" srcset=\"https:\/\/viennaguru.com\/wp-content\/uploads\/2023\/08\/que\u0301-ropa-poner-en-la-maleta-para-visitar-Viena-en-diciembre-1024x768.jpg 1024w, https:\/\/viennaguru.com\/wp-content\/uploads\/2023\/08\/que\u0301-ropa-poner-en-la-maleta-para-visitar-Viena-en-diciembre-300x225.jpg 300w, https:\/\/viennaguru.com\/wp-content\/uploads\/2023\/08\/que\u0301-ropa-poner-en-la-maleta-para-visitar-Viena-en-diciembre-768x576.jpg 768w, https:\/\/viennaguru.com\/wp-content\/uploads\/2023\/08\/que\u0301-ropa-poner-en-la-maleta-para-visitar-Viena-en-diciembre-1536x1152.jpg 1536w, https:\/\/viennaguru.com\/wp-content\/uploads\/2023\/08\/que\u0301-ropa-poner-en-la-maleta-para-visitar-Viena-en-diciembre.jpg 1600w\" sizes=\"auto, (max-width: 1024px) 100vw, 1024px\" \/><\/figure>\n\n\n\n<p>Diciembre es sin duda uno de los momentos m\u00e1s encantadores para visitar Viena, pero si no quieres que el fr\u00edo intenso \u00abarruine\u00bb tus vacaciones, es importante vestirse adecuadamente.<\/p>\n\n\n\n<p>Aqu\u00ed algunos <strong>consejos \u00fatiles<\/strong> al respecto:<\/p>\n\n\n\n<p>El consejo m\u00e1s importante que puedo darte es <strong>vestir por capas<\/strong>. Empieza siempre con una primera capa ajustada (o una camiseta t\u00e9rmica).<\/p>\n\n\n\n<p>Luego a\u00f1ade 2 o 3 capas y, por supuesto, un abrigo grueso o un parka impermeable es esencial.<\/p>\n\n\n\n<p>Otros accesorios \u00fatiles para combatir el fr\u00edo y disfrutar al m\u00e1ximo de tu viaje a Viena son: <strong>guantes<\/strong>, una <strong>bufanda<\/strong> o un cuello caliente, y un <strong>gorro de lana<\/strong>.<\/p>\n\n\n\n<p>Un <strong>paraguas de viaje<\/strong>, muy \u00fatil en caso de lluvia; elige uno plegable y f\u00e1cil de llevar.<\/p>\n\n\n\n<p>\u00bfQu\u00e9 zapatos llevar? Te recomiendo llevar botines de invierno e impermeables, o zapatos de trekking, que son excelentes en caso de nieve o lluvia.<\/p>\n\n\n\n<p>Aqu\u00ed tienes una lista de qu\u00e9 meter en tu maleta para Viena en diciembre:<\/p>\n\n\n\n<ul class=\"wp-block-list\">\n<li>Gorro de lana o gorro con orejeras.<\/li>\n\n\n\n<li>Guantes.<\/li>\n\n\n\n<li>Camiseta t\u00e9rmica.<\/li>\n\n\n\n<li>Un paraguas de viaje.<\/li>\n\n\n\n<li>Bufanda o cuello caliente.<\/li>\n\n\n\n<li>Parka o abrigo grueso.<\/li>\n\n\n\n<li>Botines o zapatos de trekking.<\/li>\n\n\n\n<li>Camisetas, camisetas y jerseys, para crear diferentes capas.<\/li>\n\n\n\n<li>Un conjunto elegante para asistir a un concierto de m\u00fasica cl\u00e1sica.<\/li>\n<\/ul>\n\n\n\n<h2 class=\"wp-block-heading\">Hoteles en Viena en diciembre y d\u00f3nde alojarse<\/h2>\n\n\n\n<figure class=\"wp-block-image size-large\"><img loading=\"lazy\" decoding=\"async\" width=\"1024\" height=\"768\" src=\"https:\/\/viennaguru.com\/wp-content\/uploads\/2023\/08\/do\u0301nde-alojarse-en-Viena-en-diciembre-1024x768.jpg\" alt=\"do\u0301nde alojarse en Viena en diciembre\" class=\"wp-image-2242\" srcset=\"https:\/\/viennaguru.com\/wp-content\/uploads\/2023\/08\/do\u0301nde-alojarse-en-Viena-en-diciembre-1024x768.jpg 1024w, https:\/\/viennaguru.com\/wp-content\/uploads\/2023\/08\/do\u0301nde-alojarse-en-Viena-en-diciembre-300x225.jpg 300w, https:\/\/viennaguru.com\/wp-content\/uploads\/2023\/08\/do\u0301nde-alojarse-en-Viena-en-diciembre-768x576.jpg 768w, https:\/\/viennaguru.com\/wp-content\/uploads\/2023\/08\/do\u0301nde-alojarse-en-Viena-en-diciembre-1536x1152.jpg 1536w, https:\/\/viennaguru.com\/wp-content\/uploads\/2023\/08\/do\u0301nde-alojarse-en-Viena-en-diciembre.jpg 1600w\" sizes=\"auto, (max-width: 1024px) 100vw, 1024px\" \/><\/figure>\n\n\n\n<p>\u00bfD\u00f3nde alojarse en Viena si visitas la ciudad en diciembre? Las \u00e1reas recomendadas son variadas y la elecci\u00f3n depende sin duda de tu presupuesto y de tus expectativas:<\/p>\n\n\n\n<p><strong>Centro hist\u00f3rico (Innere Stadt)<\/strong><\/p>\n\n\n\n<p>Esta es la mejor \u00e1rea por varias razones. Las decoraciones navide\u00f1as en esta zona est\u00e1n pr\u00e1cticamente en todas partes, est\u00e1s cerca de las principales atracciones y no necesitas usar el transporte p\u00fablico muy a menudo. <\/p>\n\n\n\n<p>La \u00fanica desventaja son los precios, ya que es la zona m\u00e1s cara de la ciudad. Los hoteles aqu\u00ed cuestan en promedio un 25-30% m\u00e1s que en otras \u00e1reas.<\/p>\n\n\n<style>.kadence-column2227_0f9ee3-6d > .kt-inside-inner-col{padding-top:var(--global-kb-spacing-xs, 1rem);padding-right:var(--global-kb-spacing-xs, 1rem);padding-bottom:var(--global-kb-spacing-xs, 1rem);padding-left:var(--global-kb-spacing-xs, 1rem);}.kadence-column2227_0f9ee3-6d > .kt-inside-inner-col,.kadence-column2227_0f9ee3-6d > .kt-inside-inner-col:before{border-top-left-radius:0px;border-top-right-radius:0px;border-bottom-right-radius:0px;border-bottom-left-radius:0px;}.kadence-column2227_0f9ee3-6d > .kt-inside-inner-col{column-gap:var(--global-kb-gap-sm, 1rem);}.kadence-column2227_0f9ee3-6d > .kt-inside-inner-col{flex-direction:column;}.kadence-column2227_0f9ee3-6d > .kt-inside-inner-col > .aligncenter{width:100%;}.kadence-column2227_0f9ee3-6d > .kt-inside-inner-col{background-color:var(--global-palette8, #F7FAFC);}.kadence-column2227_0f9ee3-6d > .kt-inside-inner-col:before{opacity:0.3;}.kadence-column2227_0f9ee3-6d{position:relative;}.kadence-column2227_0f9ee3-6d, .kt-inside-inner-col > .kadence-column2227_0f9ee3-6d:not(.specificity){margin-top:var(--global-kb-spacing-xs, 1rem);margin-bottom:var(--global-kb-spacing-xs, 1rem);}@media all and (max-width: 1024px){.kadence-column2227_0f9ee3-6d > .kt-inside-inner-col{flex-direction:column;justify-content:center;}}@media all and (max-width: 767px){.kadence-column2227_0f9ee3-6d > .kt-inside-inner-col{flex-direction:column;justify-content:center;}}<\/style>\n<div class=\"wp-block-kadence-column kadence-column2227_0f9ee3-6d kb-section-dir-vertical\"><div class=\"kt-inside-inner-col\">\n<p>Estos son los hoteles recomendados:<\/p>\n\n\n\n<ul class=\"wp-block-list\">\n<li><strong>Rango medio \u2013 <a aria-label=\"City Pension Stephansplatz (opens in a new tab)\" href=\"https:\/\/www.booking.com\/hotel\/at\/city-pension.es.html?aid=2394266&amp;no_rooms=1&amp;group_adults=2&amp;label=viena_diciembre_post\" target=\"_blank\" rel=\"noreferrer noopener nofollow\" class=\"ek-link\">City Pension Stephansplatz<\/a><\/strong><\/li>\n\n\n\n<li><strong>Rango medio \u2013 <a href=\"https:\/\/www.booking.com\/hotel\/at\/ch-wellnessapartments.es.html?aid=2394266&amp;no_rooms=1&amp;group_adults=2&amp;label=viena_diciembre_post\" target=\"_blank\" aria-label=\"CH-Hotel Luka (opens in a new tab)\" rel=\"noreferrer noopener nofollow\" class=\"ek-link\">CH-Hotel Luka<\/a><\/strong><\/li>\n\n\n\n<li><strong>Lujo \u2013 <a aria-label=\"Hotel Sacher Wien (opens in a new tab)\" href=\"https:\/\/www.booking.com\/hotel\/at\/sacher-wien.es.html?aid=2394266&amp;no_rooms=1&amp;group_adults=2&amp;label=viena_diciembre_post\" target=\"_blank\" rel=\"noreferrer noopener nofollow\" class=\"ek-link\">Hotel Sacher Wien<\/a><\/strong><\/li>\n<\/ul>\n<\/div><\/div>\n\n\n\n<p><strong>Landstrasse<\/strong><\/p>\n\n\n\n<p>Uno de los barrios m\u00e1s elegantes de Viena. Lo recomiendo especialmente para familias, ya que est\u00e1 cerca de numerosos espacios verdes y \u00e1reas adecuadas para ni\u00f1os.<\/p>\n\n\n\n<p>Los hoteles aqu\u00ed son m\u00e1s baratos que en el centro, pero un poco m\u00e1s caros que en otras zonas cercanas. Landstrasse est\u00e1 a un paso del centro.<\/p>\n\n\n<style>.kadence-column2227_5cc9bb-b4 > .kt-inside-inner-col{padding-top:var(--global-kb-spacing-xs, 1rem);padding-right:var(--global-kb-spacing-xs, 1rem);padding-bottom:var(--global-kb-spacing-xs, 1rem);padding-left:var(--global-kb-spacing-xs, 1rem);}.kadence-column2227_5cc9bb-b4 > .kt-inside-inner-col,.kadence-column2227_5cc9bb-b4 > .kt-inside-inner-col:before{border-top-left-radius:0px;border-top-right-radius:0px;border-bottom-right-radius:0px;border-bottom-left-radius:0px;}.kadence-column2227_5cc9bb-b4 > .kt-inside-inner-col{column-gap:var(--global-kb-gap-sm, 1rem);}.kadence-column2227_5cc9bb-b4 > .kt-inside-inner-col{flex-direction:column;}.kadence-column2227_5cc9bb-b4 > .kt-inside-inner-col > .aligncenter{width:100%;}.kadence-column2227_5cc9bb-b4 > .kt-inside-inner-col{background-color:var(--global-palette8, #F7FAFC);}.kadence-column2227_5cc9bb-b4 > .kt-inside-inner-col:before{opacity:0.3;}.kadence-column2227_5cc9bb-b4{position:relative;}.kadence-column2227_5cc9bb-b4, .kt-inside-inner-col > .kadence-column2227_5cc9bb-b4:not(.specificity){margin-top:var(--global-kb-spacing-xs, 1rem);margin-bottom:var(--global-kb-spacing-xs, 1rem);}@media all and (max-width: 1024px){.kadence-column2227_5cc9bb-b4 > .kt-inside-inner-col{flex-direction:column;justify-content:center;}}@media all and (max-width: 767px){.kadence-column2227_5cc9bb-b4 > .kt-inside-inner-col{flex-direction:column;justify-content:center;}}<\/style>\n<div class=\"wp-block-kadence-column kadence-column2227_5cc9bb-b4 kb-section-dir-vertical\"><div class=\"kt-inside-inner-col\">\n<p>Estos son los alojamientos recomendados en esta \u00e1rea:<\/p>\n\n\n\n<ul class=\"wp-block-list\">\n<li><strong>Econ\u00f3mico \u2013 <a aria-label=\"Best Western Plus Amedia Wien (opens in a new tab)\" href=\"https:\/\/www.booking.com\/hotel\/at\/amedia-wien.es.html?aid=2394266&amp;no_rooms=1&amp;group_adults=2&amp;label=viena_diciembre_post\" target=\"_blank\" rel=\"noreferrer noopener nofollow\" class=\"ek-link\">Best Western Plus Amedia Wien<\/a><\/strong><\/li>\n\n\n\n<li><strong>Rango medio \u2013 <a href=\"https:\/\/www.booking.com\/hotel\/at\/appartement-pension-spiess-amp-spiess.es.html?aid=2394266&amp;no_rooms=1&amp;group_adults=2&amp;label=viena_diciembre_post\" target=\"_blank\" aria-label=\"Hotel Spiess &amp; Spiess (opens in a new tab)\" rel=\"noreferrer noopener nofollow\" class=\"ek-link\">Hotel Spiess &amp; Spiess<\/a><\/strong><\/li>\n\n\n\n<li><strong>Lujo \u2013 <a aria-label=\"InterContinental Wien, an hotel de IHG (opens in a new tab)\" href=\"https:\/\/www.booking.com\/hotel\/at\/intercontinental-wien.es.html?aid=2394266&amp;no_rooms=1&amp;group_adults=2&amp;label=viena_diciembre_post\" target=\"_blank\" rel=\"noreferrer noopener nofollow\" class=\"ek-link\">InterContinental Wien, an hotel de IHG<\/a><\/strong><\/li>\n<\/ul>\n<\/div><\/div>\n\n\n\n<p><strong>Leopoldstadt<\/strong><\/p>\n\n\n\n<p>Barrio ubicado al norte del centro de Viena, pero a\u00fan a corta distancia. Leopoldstadt es el barrio m\u00e1s econ\u00f3mico donde alojarse sin alejarse demasiado de Innere Stadt.<\/p>\n\n\n<style>.kadence-column2227_3b65f4-98 > .kt-inside-inner-col{padding-top:var(--global-kb-spacing-xs, 1rem);padding-right:var(--global-kb-spacing-xs, 1rem);padding-bottom:var(--global-kb-spacing-xs, 1rem);padding-left:var(--global-kb-spacing-xs, 1rem);}.kadence-column2227_3b65f4-98 > .kt-inside-inner-col,.kadence-column2227_3b65f4-98 > .kt-inside-inner-col:before{border-top-left-radius:0px;border-top-right-radius:0px;border-bottom-right-radius:0px;border-bottom-left-radius:0px;}.kadence-column2227_3b65f4-98 > .kt-inside-inner-col{column-gap:var(--global-kb-gap-sm, 1rem);}.kadence-column2227_3b65f4-98 > .kt-inside-inner-col{flex-direction:column;}.kadence-column2227_3b65f4-98 > .kt-inside-inner-col > .aligncenter{width:100%;}.kadence-column2227_3b65f4-98 > .kt-inside-inner-col{background-color:var(--global-palette8, #F7FAFC);}.kadence-column2227_3b65f4-98 > .kt-inside-inner-col:before{opacity:0.3;}.kadence-column2227_3b65f4-98{position:relative;}.kadence-column2227_3b65f4-98, .kt-inside-inner-col > .kadence-column2227_3b65f4-98:not(.specificity){margin-top:var(--global-kb-spacing-xs, 1rem);margin-bottom:var(--global-kb-spacing-xs, 1rem);}@media all and (max-width: 1024px){.kadence-column2227_3b65f4-98 > .kt-inside-inner-col{flex-direction:column;justify-content:center;}}@media all and (max-width: 767px){.kadence-column2227_3b65f4-98 > .kt-inside-inner-col{flex-direction:column;justify-content:center;}}<\/style>\n<div class=\"wp-block-kadence-column kadence-column2227_3b65f4-98 kb-section-dir-vertical\"><div class=\"kt-inside-inner-col\">\n<p>Estos son los alojamientos recomendados en esta \u00e1rea:<\/p>\n\n\n\n<ul class=\"wp-block-list\">\n<li><strong>Econ\u00f3mico \u2013 <a aria-label=\"The Social Hub Vienna (opens in a new tab)\" href=\"https:\/\/www.booking.com\/hotel\/at\/the-social-hub-vienna.es.html?aid=2394266&amp;no_rooms=1&amp;group_adults=2&amp;label=viena_diciembre_post\" target=\"_blank\" rel=\"noreferrer noopener nofollow\" class=\"ek-link\">The Social Hub Vienna<\/a><\/strong><\/li>\n\n\n\n<li><strong>Rango medio \u2013 <a aria-label=\"ALON HOMES Vienna (opens in a new tab)\" href=\"https:\/\/www.booking.com\/hotel\/at\/alon-homes.es.html?aid=2394266&amp;no_rooms=1&amp;group_adults=2&amp;label=viena_diciembre_post\" target=\"_blank\" rel=\"noreferrer noopener nofollow\" class=\"ek-link\">ALON HOMES Vienna<\/a><\/strong><\/li>\n<\/ul>\n<\/div><\/div>\n\n\n\n<h2 class=\"wp-block-heading\">Qu\u00e9 hacer y ver en Viena en diciembre<\/h2>\n\n\n\n<h3 class=\"wp-block-heading\">Participa en uno de los conciertos de Viena<\/h3>\n\n\n\n<figure class=\"wp-block-image size-large\"><img loading=\"lazy\" decoding=\"async\" width=\"1024\" height=\"768\" src=\"https:\/\/viennaguru.com\/wp-content\/uploads\/2023\/08\/Concierto-de-mu\u0301sica-cla\u0301sica-en-Viena-1024x768.jpg\" alt=\"Concierto de mu\u0301sica cla\u0301sica en Viena\" class=\"wp-image-2236\" srcset=\"https:\/\/viennaguru.com\/wp-content\/uploads\/2023\/08\/Concierto-de-mu\u0301sica-cla\u0301sica-en-Viena-1024x768.jpg 1024w, https:\/\/viennaguru.com\/wp-content\/uploads\/2023\/08\/Concierto-de-mu\u0301sica-cla\u0301sica-en-Viena-300x225.jpg 300w, https:\/\/viennaguru.com\/wp-content\/uploads\/2023\/08\/Concierto-de-mu\u0301sica-cla\u0301sica-en-Viena-768x576.jpg 768w, https:\/\/viennaguru.com\/wp-content\/uploads\/2023\/08\/Concierto-de-mu\u0301sica-cla\u0301sica-en-Viena-1536x1152.jpg 1536w, https:\/\/viennaguru.com\/wp-content\/uploads\/2023\/08\/Concierto-de-mu\u0301sica-cla\u0301sica-en-Viena.jpg 1600w\" sizes=\"auto, (max-width: 1024px) 100vw, 1024px\" \/><\/figure>\n\n\n\n<p><strong>\u00bfQu\u00e9 hacer en Viena en diciembre? <\/strong>\u00a1Asiste a un concierto!<\/p>\n\n\n\n<p>\u00bfSab\u00edas que Viena es considerada la capital mundial de la m\u00fasica cl\u00e1sica?<\/p>\n\n\n\n<p>La raz\u00f3n es que, desde hace siglos, la ciudad ha sido el punto de encuentro (y a veces de nacimiento) de los compositores m\u00e1s importantes de la historia.<\/p>\n\n\n\n<p>Aqu\u00ed vivieron y trabajaron figuras de la talla de Schubert, Mozart, Beethoven y Strauss (hijo).<\/p>\n\n\n\n<p>Por lo tanto, una de las actividades imprescindibles al visitar la capital austriaca es asistir a un <strong><a href=\"https:\/\/www.civitatis.com\/es\/viena\/concierto-mozart-musikverein\/?aid=13436&amp;cmp=viena_diciembre_post\" target=\"_blank\" rel=\"noreferrer noopener nofollow\">concierto de m\u00fasica cl\u00e1sica<\/a><\/strong>.<\/p>\n\n\n\n<p>Diciembre es uno de los meses m\u00e1s ricos en eventos musicales, aqu\u00ed te recomiendo algunos:<\/p>\n\n\n\n<ul class=\"wp-block-list\">\n<li><strong>Concierto de Mozart en el Musikverein<\/strong>: es el escenario m\u00e1s prestigioso de Viena. <strong><a href=\"https:\/\/www.civitatis.com\/es\/viena\/concierto-mozart-musikverein\/?aid=13436&amp;cmp=viena_diciembre_post\" target=\"_blank\" rel=\"noreferrer noopener nofollow\">Aqu\u00ed encuentras m\u00e1s informaci\u00f3n<\/a><\/strong>.<\/li>\n\n\n\n<li><strong>Concierto \u00abLas Cuatro Estaciones\u00bb de Vivaldi en la Karlskirche<\/strong>: un concierto en una de las iglesias m\u00e1s bellas de Viena. Es m\u00e1s econ\u00f3mico en comparaci\u00f3n con otros dos conciertos. <strong><a href=\"https:\/\/www.getyourguide.es\/viena-l7\/concierto-de-viena-4-estaciones-de-vivaldi-en-karlskirche-t44883\/?partner_id=KC753P7&amp;utm_medium=online_publisher&amp;cmp=viena_diciembre_post\" target=\"_blank\" aria-label=\" (opens in a new tab)\" rel=\"noreferrer noopener nofollow\" class=\"ek-link\">Aqu\u00ed encuentras m\u00e1s informaci\u00f3n<\/a><\/strong>.<\/li>\n<\/ul>\n\n\n\n<h3 class=\"wp-block-heading\">Mercadillos de Navidad<\/h3>\n\n\n\n<figure class=\"wp-block-image size-large\"><img loading=\"lazy\" decoding=\"async\" width=\"1024\" height=\"768\" src=\"https:\/\/viennaguru.com\/wp-content\/uploads\/2023\/08\/Mercadillos-naviden\u0303os-en-Viena-1024x768.jpg\" alt=\"Mercadillos naviden\u0303os en Viena\" class=\"wp-image-2245\" srcset=\"https:\/\/viennaguru.com\/wp-content\/uploads\/2023\/08\/Mercadillos-naviden\u0303os-en-Viena-1024x768.jpg 1024w, https:\/\/viennaguru.com\/wp-content\/uploads\/2023\/08\/Mercadillos-naviden\u0303os-en-Viena-300x225.jpg 300w, https:\/\/viennaguru.com\/wp-content\/uploads\/2023\/08\/Mercadillos-naviden\u0303os-en-Viena-768x576.jpg 768w, https:\/\/viennaguru.com\/wp-content\/uploads\/2023\/08\/Mercadillos-naviden\u0303os-en-Viena-1536x1152.jpg 1536w, https:\/\/viennaguru.com\/wp-content\/uploads\/2023\/08\/Mercadillos-naviden\u0303os-en-Viena.jpg 1600w\" sizes=\"auto, (max-width: 1024px) 100vw, 1024px\" \/><\/figure>\n\n\n\n<p>Si est\u00e1s pensando en <strong>viajar a Viena en diciembre<\/strong>, otra actividad que no te puedes perder es visitar los mercadillos navide\u00f1os.<\/p>\n\n\n\n<p>Desde noviembre y <strong>hasta el 24 de diciembre<\/strong>, las plazas y patios de la ciudad se adornan con millones de luces y numerosos puestos navide\u00f1os. Aqu\u00ed tres de los <strong>mercadillos de Navidad m\u00e1s pintorescos:<\/strong><\/p>\n\n\n\n<ul class=\"wp-block-list\">\n<li><strong>Mercadillo de Navidad en Rathausplatz<\/strong>: quiz\u00e1s el mercadillo navide\u00f1o m\u00e1s famoso y grande de Viena. Ubicado en Rathausplatz, frente al imponente ayuntamiento neog\u00f3tico, cuenta con m\u00e1s de 150 puestos que ofrecen una variedad de productos artesanales, alimentos tradicionales y bebidas calientes. No te pierdas el \u00e1rbol de Navidad iluminado de m\u00e1s de 30 metros y las decoraciones del parque adyacente.<\/li>\n\n\n\n<li><strong>Mercadillo de Navidad Spittelberg<\/strong>: Escondido entre las callejuelas del barrio Spittelberg en el distrito de Neubau, este mercadillo tiene un ambiente m\u00e1s \u00edntimo y tradicional. Es el \u00fanico que no se encuentra en una plaza. Es ideal para aquellos que buscan regalos \u00fanicos, gracias a los muchos puestos que ofrecen excelentes productos hechos a mano.<\/li>\n\n\n\n<li><strong>Mercadillo de Navidad de Sch\u00f6nbrunn<\/strong>: finalmente, el mercadillo m\u00e1s elegante y \u00abreal\u00bb. Se encuentra en el patio del Palacio de Sch\u00f6nbrunn, y adem\u00e1s de los puestos con artesan\u00edas y delicias locales, ofrece diversas actividades para ni\u00f1os, conciertos de m\u00fasica navide\u00f1a en vivo, un museo para ni\u00f1os y el zool\u00f3gico m\u00e1s antiguo del mundo.<\/li>\n<\/ul>\n\n\n\n<p>\u00bfQu\u00e9 puedes hacer en un mercadillo navide\u00f1o en Viena?<\/p>\n\n\n\n<p>Principalmente, <strong>degustar las delicias t\u00edpicas de esta \u00e9poca del a\u00f1o<\/strong>. Encontrar\u00e1s frutas cubiertas de chocolate, chocolates artesanales de varios tipos, <strong>lebkuchen<\/strong> (galletas navide\u00f1as especiadas) y <strong>pretzels<\/strong>, solo por mencionar algunas de las delicias a las que deber\u00e1s resistirte (\u00a1o no!).<\/p>\n\n\n\n<p>Adem\u00e1s de la comida, los mercadillos venden decoraciones navide\u00f1as, las famosas bolas de cristal t\u00edpicas de la Navidad, artesan\u00eda, ideas para regalos y bebidas calientes (alcoh\u00f3licas y no alcoh\u00f3licas).<\/p>\n\n\n<style>.kadence-column2227_0a79bd-1f > .kt-inside-inner-col{padding-top:var(--global-kb-spacing-xs, 1rem);padding-right:var(--global-kb-spacing-xs, 1rem);padding-bottom:var(--global-kb-spacing-xs, 1rem);padding-left:var(--global-kb-spacing-xs, 1rem);}.kadence-column2227_0a79bd-1f > .kt-inside-inner-col,.kadence-column2227_0a79bd-1f > .kt-inside-inner-col:before{border-top-left-radius:0px;border-top-right-radius:0px;border-bottom-right-radius:0px;border-bottom-left-radius:0px;}.kadence-column2227_0a79bd-1f > .kt-inside-inner-col{column-gap:var(--global-kb-gap-sm, 1rem);}.kadence-column2227_0a79bd-1f > .kt-inside-inner-col{flex-direction:column;}.kadence-column2227_0a79bd-1f > .kt-inside-inner-col > .aligncenter{width:100%;}.kadence-column2227_0a79bd-1f > .kt-inside-inner-col{background-color:var(--global-palette8, #F7FAFC);}.kadence-column2227_0a79bd-1f > .kt-inside-inner-col:before{opacity:0.3;}.kadence-column2227_0a79bd-1f{position:relative;}.kadence-column2227_0a79bd-1f, .kt-inside-inner-col > .kadence-column2227_0a79bd-1f:not(.specificity){margin-top:var(--global-kb-spacing-xs, 1rem);margin-bottom:var(--global-kb-spacing-xs, 1rem);}@media all and (max-width: 1024px){.kadence-column2227_0a79bd-1f > .kt-inside-inner-col{flex-direction:column;justify-content:center;}}@media all and (max-width: 767px){.kadence-column2227_0a79bd-1f > .kt-inside-inner-col{flex-direction:column;justify-content:center;}}<\/style>\n<div class=\"wp-block-kadence-column kadence-column2227_0a79bd-1f kb-section-dir-vertical\"><div class=\"kt-inside-inner-col\">\n<p><strong>Otros posts que podr\u00edan interesarte<\/strong>: <strong><a aria-label=\" (opens in a new tab)\" href=\"https:\/\/viennaguru.com\/es\/viena-en-noviembre\/\" target=\"_blank\" rel=\"noreferrer noopener\" class=\"ek-link\">visitar Viena en noviembre<\/a><\/strong> | o <strong><a aria-label=\" (opens in a new tab)\" href=\"https:\/\/viennaguru.com\/es\/viena-en-enero\/\" target=\"_blank\" rel=\"noreferrer noopener\" class=\"ek-link\">visitar Viena en enero<\/a><\/strong>.\u00bb<\/p>\n<\/div><\/div>\n\n\n\n<h3 class=\"wp-block-heading\">Visita los mejores museos de la ciudad<\/h3>\n\n\n\n<figure class=\"wp-block-image size-large\"><img loading=\"lazy\" decoding=\"async\" width=\"1024\" height=\"768\" src=\"https:\/\/viennaguru.com\/wp-content\/uploads\/2023\/08\/Museo-de-Historia-del-Arte-a-visitar-en-Viena-en-diciembre-1024x768.jpg\" alt=\"Museo de Historia del Arte, a visitar en Viena en diciembre\" class=\"wp-image-2248\" srcset=\"https:\/\/viennaguru.com\/wp-content\/uploads\/2023\/08\/Museo-de-Historia-del-Arte-a-visitar-en-Viena-en-diciembre-1024x768.jpg 1024w, https:\/\/viennaguru.com\/wp-content\/uploads\/2023\/08\/Museo-de-Historia-del-Arte-a-visitar-en-Viena-en-diciembre-300x225.jpg 300w, https:\/\/viennaguru.com\/wp-content\/uploads\/2023\/08\/Museo-de-Historia-del-Arte-a-visitar-en-Viena-en-diciembre-768x576.jpg 768w, https:\/\/viennaguru.com\/wp-content\/uploads\/2023\/08\/Museo-de-Historia-del-Arte-a-visitar-en-Viena-en-diciembre-1536x1152.jpg 1536w, https:\/\/viennaguru.com\/wp-content\/uploads\/2023\/08\/Museo-de-Historia-del-Arte-a-visitar-en-Viena-en-diciembre.jpg 1600w\" sizes=\"auto, (max-width: 1024px) 100vw, 1024px\" \/><\/figure>\n\n\n\n<p>Si est\u00e1s planeando <strong>visitar Viena en diciembre<\/strong>, debes saber que la ciudad es famosa por su valioso patrimonio hist\u00f3rico-cultural, ya que en el pasado fue uno de los imperios m\u00e1s poderosos y ricos de Europa.<\/p>\n\n\n\n<p>Por esta raz\u00f3n, en Viena encontramos much\u00edsimos museos, algunos de los cuales albergan obras de incalculable valor.<\/p>\n\n\n\n<p>Lo que hace todo a\u00fan m\u00e1s interesante es que en diciembre muchas galer\u00edas organizan las mejores exposiciones temporales del a\u00f1o.<\/p>\n\n\n\n<p>Estos son, en mi opini\u00f3n, los museos y galer\u00edas que no te puedes perder:<\/p>\n\n\n\n<ul class=\"wp-block-list\">\n<li><strong>Kunsthistorisches Museum<\/strong>: es el museo m\u00e1s importante de Austria y, sin duda, uno de los m\u00e1s grandes de Europa. Alberga una imponente colecci\u00f3n de obras y objetos que abarcan miles de a\u00f1os de historia. Desde las civilizaciones del mundo antiguo hasta llegar al periodo barroco y rococ\u00f3. (<strong><a href=\"https:\/\/www.civitatis.com\/es\/viena\/entrada-museo-historia-arte-viena\/?aid=13436&amp;cmp=viena_diciembre_post\" target=\"_blank\" rel=\"noreferrer noopener nofollow\">Aqu\u00ed puedes comprar las entradas<\/a><\/strong>)<\/li>\n\n\n\n<li><strong>Museo del Belvedere<\/strong>: se ubica en el magn\u00edfico palacio de Belvedere, construido para Eugenio de Saboya. Hoy en d\u00eda, los palacios de este conjunto albergan un museo que repasa 800 a\u00f1os de historia del arte austriaco. La joya de la corona es el famoso \u00abEl beso\u00bb de Gustav Klimt. (<strong><a href=\"https:\/\/www.civitatis.com\/es\/viena\/entrada-museos-belvedere\/?aid=13436&amp;cmp=viena_diciembre_post\" target=\"_blank\" rel=\"noreferrer noopener nofollow\">Aqu\u00ed puedes comprar las entradas<\/a><\/strong>)<\/li>\n\n\n\n<li><strong>Museo Albertina<\/strong>: otra instituci\u00f3n relevante, conocida por su colecci\u00f3n Batliner, que abarca 150 a\u00f1os de historia, desde el impresionismo hasta las tendencias del siglo XX. (<strong><a href=\"https:\/\/www.civitatis.com\/es\/viena\/entrada-museo-albertina\/?aid=13436&amp;cmp=viena_diciembre_post\" target=\"_blank\" rel=\"noreferrer noopener nofollow\">Aqu\u00ed puedes comprar las entradas<\/a><\/strong>)<\/li>\n\n\n\n<li><strong>Haus der Musik<\/strong>: uno de mis museos favoritos para visitar, ya que repasa la historia musical de Viena, sus grandes compositores y la Filarm\u00f3nica. Todo ello a trav\u00e9s de experiencias interactivas adecuadas para toda la familia. (<strong><a href=\"https:\/\/www.civitatis.com\/es\/viena\/entrada-casa-musica\/?aid=13436&amp;cmp=viena_diciembre_post\" target=\"_blank\" rel=\"noreferrer noopener nofollow\">Aqu\u00ed puedes comprar las entradas<\/a><\/strong>)<\/li>\n<\/ul>\n\n\n\n<p>Adem\u00e1s de las exposiciones permanentes de estos museos, puedes admirar las muchas <strong>exposiciones temporales<\/strong>. Algunas de las m\u00e1s importantes son organizadas por el <strong>Museo Albertina, Albertina Modern, Belvedere 21 y Belvedere Inferior<\/strong>.<\/p>\n\n\n<style>.kadence-column2227_c86b1f-1b > .kt-inside-inner-col{padding-top:var(--global-kb-spacing-xs, 1rem);padding-right:var(--global-kb-spacing-xs, 1rem);padding-bottom:var(--global-kb-spacing-xs, 1rem);padding-left:var(--global-kb-spacing-xs, 1rem);}.kadence-column2227_c86b1f-1b > .kt-inside-inner-col,.kadence-column2227_c86b1f-1b > .kt-inside-inner-col:before{border-top-left-radius:0px;border-top-right-radius:0px;border-bottom-right-radius:0px;border-bottom-left-radius:0px;}.kadence-column2227_c86b1f-1b > .kt-inside-inner-col{column-gap:var(--global-kb-gap-sm, 1rem);}.kadence-column2227_c86b1f-1b > .kt-inside-inner-col{flex-direction:column;}.kadence-column2227_c86b1f-1b > .kt-inside-inner-col > .aligncenter{width:100%;}.kadence-column2227_c86b1f-1b > .kt-inside-inner-col{background-color:var(--global-palette8, #F7FAFC);}.kadence-column2227_c86b1f-1b > .kt-inside-inner-col:before{opacity:0.3;}.kadence-column2227_c86b1f-1b{position:relative;}.kadence-column2227_c86b1f-1b, .kt-inside-inner-col > .kadence-column2227_c86b1f-1b:not(.specificity){margin-top:var(--global-kb-spacing-xs, 1rem);margin-bottom:var(--global-kb-spacing-xs, 1rem);}@media all and (max-width: 1024px){.kadence-column2227_c86b1f-1b > .kt-inside-inner-col{flex-direction:column;justify-content:center;}}@media all and (max-width: 767px){.kadence-column2227_c86b1f-1b > .kt-inside-inner-col{flex-direction:column;justify-content:center;}}<\/style>\n<div class=\"wp-block-kadence-column kadence-column2227_c86b1f-1b kb-section-dir-vertical\"><div class=\"kt-inside-inner-col\">\n<p><strong>Consejo del Guru<\/strong>: \u00bfSab\u00edas que hay una manera de acceder a todos estos museos y atracciones de forma gratuita?<\/p>\n\n\n\n<p>\u00bfC\u00f3mo?<\/p>\n\n\n\n<p>\u00a1Gracias al <strong><a href=\"https:\/\/www.civitatis.com\/es\/viena\/viena-pass\/?aid=13436&amp;cmp=viena_diciembre_post\" target=\"_blank\" rel=\"noreferrer noopener nofollow\">Vienna Pass<\/a><\/strong>!<\/p>\n\n\n\n<p>En pocas palabras, se trata de una tarjeta tur\u00edstica que permite:<\/p>\n\n\n\n<ul class=\"wp-block-list\">\n<li><strong>Acceder GRATIS a m\u00e1s de 70 atracciones<\/strong> (incluidas todas las principales y muchas m\u00e1s).<\/li>\n\n\n\n<li>Acceder a muchas de estas <strong>sin hacer cola<\/strong> (servicio fast track).<\/li>\n\n\n\n<li>Usar <strong>gratis<\/strong> los \u00fatiles <strong>autobuses hop-on hop-off<\/strong>.<\/li>\n<\/ul>\n\n\n\n<p>Sin embargo, ten en cuenta: el Vienna Pass solo es rentable si:<\/p>\n\n\n\n<ol class=\"wp-block-list\">\n<li>Planeas visitar muchas atracciones (si solo visitar\u00e1s 3-4, no merece la pena).<\/li>\n\n\n\n<li>Visitar\u00e1s Viena durante al menos 2 d\u00edas.<\/li>\n<\/ol>\n\n\n\n<p><strong>\u00bfD\u00f3nde comprar el pass?<\/strong> El Vienna Pass se puede <strong><a href=\"https:\/\/www.civitatis.com\/es\/viena\/viena-pass\/?aid=13436&amp;cmp=viena_diciembre_post\" target=\"_blank\" rel=\"noreferrer noopener nofollow\">adquirir en l\u00ednea en este sitio<\/a><\/strong> (una vez en Viena, podr\u00e1s intercambiarlo por la tarjeta f\u00edsica y activar el pass).<\/p>\n<\/div><\/div>\n\n\n\n<h3 class=\"wp-block-heading\">Prueba las casta\u00f1as y otros aperitivos t\u00edpicos<\/h3>\n\n\n\n<p>\u00bf<strong>Qu\u00e9 hacer en Viena en diciembre<\/strong>? Uno de los <strong>aperitivos t\u00edpicos<\/strong> para comer en esta \u00e9poca del a\u00f1o son las casta\u00f1as. <\/p>\n\n\n\n<p>Que en Viena se han consumido desde hace siglos en los <strong>maronistands<\/strong>. Son puestos donde se preparan al momento (un poco como en nuestro pa\u00eds) junto con varios aperitivos a base de patatas, como los <strong>bratkartoffel<\/strong>.<\/p>\n\n\n\n<p>\u00bfD\u00f3nde encontrar los maronistands? En casi todos los mercadillos navide\u00f1os y por la ciudad, especialmente en las plazas del centro y frente a las entradas del metro.<\/p>\n\n\n\n<h3 class=\"wp-block-heading\">Ref\u00fagiate del fr\u00edo en un caf\u00e9 hist\u00f3rico<\/h3>\n\n\n\n<figure class=\"wp-block-image size-large\"><img loading=\"lazy\" decoding=\"async\" width=\"1024\" height=\"768\" src=\"https:\/\/viennaguru.com\/wp-content\/uploads\/2023\/08\/Strudel-de-manzana-en-Viena-1024x768.jpg\" alt=\"Strudel de manzana en Viena\" class=\"wp-image-2254\" srcset=\"https:\/\/viennaguru.com\/wp-content\/uploads\/2023\/08\/Strudel-de-manzana-en-Viena-1024x768.jpg 1024w, https:\/\/viennaguru.com\/wp-content\/uploads\/2023\/08\/Strudel-de-manzana-en-Viena-300x225.jpg 300w, https:\/\/viennaguru.com\/wp-content\/uploads\/2023\/08\/Strudel-de-manzana-en-Viena-768x576.jpg 768w, https:\/\/viennaguru.com\/wp-content\/uploads\/2023\/08\/Strudel-de-manzana-en-Viena-1536x1152.jpg 1536w, https:\/\/viennaguru.com\/wp-content\/uploads\/2023\/08\/Strudel-de-manzana-en-Viena.jpg 1600w\" sizes=\"auto, (max-width: 1024px) 100vw, 1024px\" \/><\/figure>\n\n\n\n<p>Otra actividad t\u00edpica de la capital austriaca es visitar uno de los numerosos caf\u00e9s hist\u00f3ricos que caracterizan el centro.<\/p>\n\n\n\n<p>Austria, al igual que nuestro pa\u00eds, tiene una <strong>larga tradici\u00f3n vinculada al caf\u00e9<\/strong>. Se cuenta que todo comenz\u00f3 cuando los turcos, en el siglo XVII, abandonaron en el campo de batalla sacos llenos de granos de caf\u00e9.<\/p>\n\n\n\n<p>Dicho esto, \u00bfqu\u00e9 hacer en Viena en diciembre? <strong>Ref\u00fagiate del fr\u00edo en uno de los caf\u00e9s hist\u00f3ricos de Viena<\/strong>. Los que te recomiendo son:<\/p>\n\n\n\n<ul class=\"wp-block-list\">\n<li><strong>Caf\u00e9 Central:<\/strong> probablemente el m\u00e1s famoso entre los caf\u00e9s hist\u00f3ricos del centro. Fue fundado en 1876 en el Palacio Ferstel, que en el pasado albergaba la bolsa de Viena. El lugar es conocido porque fue frecuentado por grandes personalidades del pasado como Sigmund Freud y Alfred Adler. <a href=\"https:\/\/goo.gl\/maps\/6HdKsJeihhw5EG2D7\" target=\"_blank\" aria-label=\" (opens in a new tab)\" rel=\"noreferrer noopener\" class=\"ek-link\">Ubicaci\u00f3n en Maps<\/a><\/li>\n\n\n\n<li><strong>Caf\u00e9 Landtmann<\/strong>: fundado en 1873, el Caf\u00e9 Landtmann es uno de los caf\u00e9s m\u00e1s antiguos de la ciudad y un favorito entre pol\u00edticos e intelectuales. Es conocido por su elegancia y por una amplia selecci\u00f3n de caf\u00e9 y reposter\u00eda. Si quieres disfrutar de un caf\u00e9 como es debido, prueba su \u00abEinsp\u00e4nner\u00bb, un espresso servido con una generosa porci\u00f3n de nata montada. <a href=\"https:\/\/goo.gl\/maps\/kmzBydLVjr7ayf7K9\" target=\"_blank\" aria-label=\" (opens in a new tab)\" rel=\"noreferrer noopener\" class=\"ek-link\">Ubicaci\u00f3n en Maps<\/a><\/li>\n<\/ul>\n\n\n\n<h3 class=\"wp-block-heading\">Prueba el Weihnachtspunsch<\/h3>\n\n\n\n<p>\u00bfQu\u00e9 es el <strong>Weihnachtspunsch<\/strong>? Se trata del <strong>ponche navide\u00f1o tradicional austriaco<\/strong>.<\/p>\n\n\n\n<p>Es una <strong>bebida caliente, dulce y especiada<\/strong> que puedes encontrar en cualquier mercadillo navide\u00f1o y en muchos caf\u00e9s hist\u00f3ricos de la ciudad.<\/p>\n\n\n\n<p>Generalmente, se prepara con vino tinto, ron o brandy, y se enriquece con zumo de naranja, canela, clavos y an\u00eds estrellado.<\/p>\n\n\n\n<p>La tradici\u00f3n dicta que se <strong>acompa\u00f1e<\/strong> con galletas navide\u00f1as como los <strong>Lebkuchen<\/strong> o los <strong>Vanillekipferl<\/strong>.<\/p>\n\n\n\n<h3 class=\"wp-block-heading\">Celebra el A\u00f1o Nuevo en Viena<\/h3>\n\n\n\n<p>Hasta ahora he hablado mucho de Navidad, pero diciembre tambi\u00e9n destaca por otra festividad muy importante: el A\u00f1o Nuevo.<\/p>\n\n\n\n<p>La actividad principal es participar en el <strong>Silvesterpfad<\/strong>. B\u00e1sicamente, en la Nochevieja, el centro se convierte en una especie de <strong>mega fiesta al aire libre<\/strong>. Con diversos conciertos, sesiones de DJ y much\u00edsimos puestos que ofrecen alcohol, comida y postres.<\/p>\n\n\n\n<p>Otra cosa que hacer poco antes de la Nochevieja es visitar los <strong>mercadillos de A\u00f1o Nuevo<\/strong>, que se instalan justo despu\u00e9s de los mercadillos navide\u00f1os.<\/p>\n\n\n\n<p>Otro evento interesante que comienza a medianoche es un <strong>baile al ritmo del vals \u201cEl Danubio Azul\u201d<\/strong> de Johann Strauss Jr. que tiene lugar en Rathausplatz (Plaza del Ayuntamiento).<\/p>\n\n\n\n<p>Adem\u00e1s, por supuesto, no faltan las <strong>cenas festivas<\/strong> que se organizan en muchos restaurantes (con precios entre 100\u20ac y 250\u20ac por persona) o en los mejores heurigen (tabernas) de la ciudad, donde los costes son m\u00e1s bajos.<\/p>\n\n\n\n<h3 class=\"wp-block-heading\">Un recorrido para admirar las decoraciones de la ciudad<\/h3>\n\n\n\n<figure class=\"wp-block-image size-large\"><img loading=\"lazy\" decoding=\"async\" width=\"1024\" height=\"768\" src=\"https:\/\/viennaguru.com\/wp-content\/uploads\/2023\/08\/decoraciones-en-Viena-en-diciembre-1024x768.jpg\" alt=\"decoraciones en Viena en diciembre\" class=\"wp-image-2239\" srcset=\"https:\/\/viennaguru.com\/wp-content\/uploads\/2023\/08\/decoraciones-en-Viena-en-diciembre-1024x768.jpg 1024w, https:\/\/viennaguru.com\/wp-content\/uploads\/2023\/08\/decoraciones-en-Viena-en-diciembre-300x225.jpg 300w, https:\/\/viennaguru.com\/wp-content\/uploads\/2023\/08\/decoraciones-en-Viena-en-diciembre-768x576.jpg 768w, https:\/\/viennaguru.com\/wp-content\/uploads\/2023\/08\/decoraciones-en-Viena-en-diciembre-1536x1152.jpg 1536w, https:\/\/viennaguru.com\/wp-content\/uploads\/2023\/08\/decoraciones-en-Viena-en-diciembre.jpg 1600w\" sizes=\"auto, (max-width: 1024px) 100vw, 1024px\" \/><\/figure>\n\n\n\n<p>\u00bfQu\u00e9 hacer en Viena en diciembre? Si deseas sumergirte completamente en el ambiente navide\u00f1o, te sugiero dar un <strong>paseo nocturno por las avenidas del centro<\/strong>.<\/p>\n\n\n\n<p>Aqu\u00ed tienes un <strong>itinerario<\/strong> basado en mi experiencia (viv\u00ed en Viena) que puedes seguir:<\/p>\n\n\n\n<p>Comienza en <strong>Stephansplatz<\/strong>, la plaza que alberga la Catedral de Viena. Luego, camina a lo largo del <strong>Graben<\/strong> y despu\u00e9s por el <strong>Kohlmarkt<\/strong> hasta llegar a los palacios de Hofburg.<\/p>\n\n\n\n<p>Dir\u00edgete hacia la <strong>\u00d3pera de Viena<\/strong> y toma el tranv\u00eda 1 (parada Oper) hasta la parada Rathausplatz. Viajar en tranv\u00eda por una de las avenidas m\u00e1s bellas e ic\u00f3nicas de Viena, Ringstrasse, es una experiencia. Aqu\u00ed se encuentran los edificios hist\u00f3ricos m\u00e1s importantes, construidos para reemplazar las antiguas murallas de la ciudad.<\/p>\n\n\n\n<p>Una vez que llegues a nuestra parada, contin\u00faa tu tour a pie por el <strong>parque adyacente a Rathausplatz<\/strong>. <\/p>\n\n\n\n<p>El parque est\u00e1 ricamente decorado, con belenes, \u00e1rboles de Navidad y otras decoraciones tem\u00e1ticas. Finalmente, puedes concluir el d\u00eda en Rathausplatz, que, como te mencion\u00e9 anteriormente, alberga un encantador mercadillo navide\u00f1o.<\/p>\n\n\n<style>.kadence-column2227_a78a0c-1c > .kt-inside-inner-col{padding-top:var(--global-kb-spacing-xs, 1rem);padding-right:var(--global-kb-spacing-xs, 1rem);padding-bottom:var(--global-kb-spacing-xs, 1rem);padding-left:var(--global-kb-spacing-xs, 1rem);}.kadence-column2227_a78a0c-1c > .kt-inside-inner-col,.kadence-column2227_a78a0c-1c > .kt-inside-inner-col:before{border-top-left-radius:0px;border-top-right-radius:0px;border-bottom-right-radius:0px;border-bottom-left-radius:0px;}.kadence-column2227_a78a0c-1c > .kt-inside-inner-col{column-gap:var(--global-kb-gap-sm, 1rem);}.kadence-column2227_a78a0c-1c > .kt-inside-inner-col{flex-direction:column;}.kadence-column2227_a78a0c-1c > .kt-inside-inner-col > .aligncenter{width:100%;}.kadence-column2227_a78a0c-1c > .kt-inside-inner-col{background-color:var(--global-palette8, #F7FAFC);}.kadence-column2227_a78a0c-1c > .kt-inside-inner-col:before{opacity:0.3;}.kadence-column2227_a78a0c-1c{position:relative;}.kadence-column2227_a78a0c-1c, .kt-inside-inner-col > .kadence-column2227_a78a0c-1c:not(.specificity){margin-top:var(--global-kb-spacing-xs, 1rem);margin-bottom:var(--global-kb-spacing-xs, 1rem);}@media all and (max-width: 1024px){.kadence-column2227_a78a0c-1c > .kt-inside-inner-col{flex-direction:column;justify-content:center;}}@media all and (max-width: 767px){.kadence-column2227_a78a0c-1c > .kt-inside-inner-col{flex-direction:column;justify-content:center;}}<\/style>\n<div class=\"wp-block-kadence-column kadence-column2227_a78a0c-1c kb-section-dir-vertical\"><div class=\"kt-inside-inner-col\">\n<p><strong>Consejo del Guru<\/strong>: en Viena tienes la oportunidad de participar en un <strong><a href=\"https:\/\/www.civitatis.com\/es\/viena\/free-tour-nocturno\/?aid=13436&amp;cmp=viena_diciembre_post\" target=\"_blank\" rel=\"noreferrer noopener nofollow\">fascinante free tour<\/a><\/strong> que se realiza durante la tarde-noche.<\/p>\n\n\n\n<p>En este free tour podr\u00e1s tener una visi\u00f3n general de la historia de la ciudad, de sus atracciones m\u00e1s emblem\u00e1ticas, todo ello aderezado con consejos \u00fatiles, curiosidades y secretos que pocos conocen.<\/p>\n\n\n\n<p>El free tour es <strong><a href=\"https:\/\/www.civitatis.com\/es\/viena\/free-tour-nocturno\/?aid=13436&amp;cmp=viena_diciembre_post\" target=\"_blank\" rel=\"noreferrer noopener nofollow\">reservable gratis en este sitio<\/a><\/strong>.<\/p>\n<\/div><\/div>\n\n\n\n<h2 class=\"wp-block-heading\">Viena en diciembre con ni\u00f1os: actividades recomendadas<\/h2>\n\n\n\n<p>Viena tiene mucho que ofrecer tambi\u00e9n para las familias con ni\u00f1os. Adem\u00e1s de los parques y los mercados navide\u00f1os, otras atracciones interesantes para los m\u00e1s peque\u00f1os son estos 3 museos cerrados:<\/p>\n\n\n\n<h3 class=\"wp-block-heading\">Haus der Musik (Casa de la M\u00fasica)<\/h3>\n\n\n\n<p>Si te preguntas <strong>qu\u00e9 hacer en Viena en diciembre con ni\u00f1os<\/strong>, una excelente opci\u00f3n es el <strong><a href=\"https:\/\/www.civitatis.com\/es\/viena\/entrada-casa-musica\/?aid=13436&amp;cmp=viena_diciembre_post\" target=\"_blank\" rel=\"noreferrer noopener nofollow\">Haus der Musik<\/a><\/strong>. Como habr\u00e1s deducido, Viena tiene una historia musical de las m\u00e1s destacadas en Europa, y el Haus der Musik est\u00e1 completamente dedicado a este aspecto de la ciudad.<\/p>\n\n\n\n<p>La visita es interesante para los ni\u00f1os porque est\u00e1 <strong>llena de experiencias interactivas y realidad virtual<\/strong> en las que los ni\u00f1os aprender\u00e1n mucho sobre m\u00fasica y la ciencia del sonido.<\/p>\n\n\n\n<p>El museo se divide en <strong>4 plantas<\/strong> y \u00e1reas claramente diferenciadas, que son:<\/p>\n\n\n\n<ul class=\"wp-block-list\">\n<li><strong>Museo de la Filarm\u00f3nica<\/strong>: un museo que repasa la historia de la orquesta m\u00e1s importante de la ciudad.<\/li>\n\n\n\n<li><strong>Sonotopia<\/strong>: un \u00e1rea dedicada por completo a la ciencia del sonido y a los fen\u00f3menos sonoros. Aqu\u00ed, los ni\u00f1os pueden aprender mucho gracias a m\u00faltiples experiencias interactivas.<\/li>\n\n\n\n<li><strong>Los Grandes Compositores<\/strong>: en el tercer piso encontramos una secci\u00f3n dedicada exclusivamente a los grandes compositores vieneses del pasado, como Mozart y Beethoven.<\/li>\n\n\n\n<li>Finalmente, en la \u00faltima planta, encontramos una experiencia virtual. <strong>The Brain Opera<\/strong> permitir\u00e1 a los ni\u00f1os convertirse, por unos minutos, en directores de orquesta y dirigir la Filarm\u00f3nica de Viena.<\/li>\n<\/ul>\n\n\n\n<p>Aqu\u00ed est\u00e1n los detalles para las entradas y la visita:<\/p>\n\n\n\n<ul class=\"wp-block-list\">\n<li><strong>Entradas<\/strong>: 17\u20ac para adultos y 7\u20ac para ni\u00f1os de 3 a 11 a\u00f1os. Las entradas se pueden <strong><a href=\"https:\/\/www.civitatis.com\/es\/viena\/entrada-casa-musica\/?aid=13436&amp;cmp=viena_diciembre_post\" target=\"_blank\" rel=\"noreferrer noopener nofollow\">comprar en l\u00ednea en este sitio<\/a><\/strong>.<\/li>\n\n\n\n<li><strong>Horario<\/strong>: todos los d\u00edas de 10:00 a 22:00.<\/li>\n\n\n\n<li><strong>Duraci\u00f3n de la visita<\/strong>: aproximadamente 2 horas.<\/li>\n\n\n\n<li><strong>C\u00f3mo llegar<\/strong>: f\u00e1cilmente accesible desde los tranv\u00edas de la Ringstrasse; bajando en la parada Oper, puedes llegar caminando en pocos minutos. <a href=\"https:\/\/goo.gl\/maps\/G3bRq7DEjmfuXwKs9\" target=\"_blank\" rel=\"noopener\">Ubicaci\u00f3n en Maps<\/a>.<\/li>\n<\/ul>\n\n\n<style>.wp-block-kadence-advancedbtn.kb-btns2227_48df10-78{gap:var(--global-kb-gap-xs, 0.5rem );justify-content:center;align-items:center;}.kt-btns2227_48df10-78 .kt-button{font-weight:normal;font-style:normal;}.kt-btns2227_48df10-78 .kt-btn-wrap-0{margin-right:5px;}.wp-block-kadence-advancedbtn.kt-btns2227_48df10-78 .kt-btn-wrap-0 .kt-button{color:#555555;border-color:#555555;}.wp-block-kadence-advancedbtn.kt-btns2227_48df10-78 .kt-btn-wrap-0 .kt-button:hover, .wp-block-kadence-advancedbtn.kt-btns2227_48df10-78 .kt-btn-wrap-0 .kt-button:focus{color:#ffffff;border-color:#444444;}.wp-block-kadence-advancedbtn.kt-btns2227_48df10-78 .kt-btn-wrap-0 .kt-button::before{display:none;}.wp-block-kadence-advancedbtn.kt-btns2227_48df10-78 .kt-btn-wrap-0 .kt-button:hover, .wp-block-kadence-advancedbtn.kt-btns2227_48df10-78 .kt-btn-wrap-0 .kt-button:focus{background:#444444;}<\/style>\n<div class=\"wp-block-kadence-advancedbtn kb-buttons-wrap kb-btns2227_48df10-78\"><style>ul.menu .wp-block-kadence-advancedbtn .kb-btn2227_54a6de-38.kb-button{width:initial;}.wp-block-kadence-advancedbtn .kb-btn2227_54a6de-38.kb-button{padding-top:var(--global-kb-spacing-xs, 1rem);padding-right:var(--global-kb-spacing-xs, 1rem);padding-bottom:var(--global-kb-spacing-xs, 1rem);padding-left:var(--global-kb-spacing-xs, 1rem);margin-top:var(--global-kb-spacing-xxs, 0.5rem);margin-bottom:var(--global-kb-spacing-xs, 1rem);box-shadow:1px 1px 2px 0px rgba(0, 0, 0, 0.2);}<\/style><a class=\"kb-button kt-button button kb-btn2227_54a6de-38 kt-btn-size-standard kt-btn-width-type-auto kb-btn-global-fill  kt-btn-has-text-true kt-btn-has-svg-true  wp-block-kadence-singlebtn\" href=\"https:\/\/www.getyourguide.es\/viena-l7\/visita-al-museo-del-sonido-haus-der-musik-casa-de-la-musica-t707\/?partner_id=KC753P7&#038;utm_medium=online_publisher&#038;cmp=viena_diciembre_post\" target=\"_blank\" rel=\"noreferrer noopener nofollow\"><span class=\"kb-svg-icon-wrap kb-svg-icon-fas_ticket-alt kt-btn-icon-side-left\"><svg viewBox=\"0 0 576 512\"  fill=\"currentColor\" xmlns=\"http:\/\/www.w3.org\/2000\/svg\"  aria-hidden=\"true\"><path d=\"M128 160h320v192H128V160zm400 96c0 26.51 21.49 48 48 48v96c0 26.51-21.49 48-48 48H48c-26.51 0-48-21.49-48-48v-96c26.51 0 48-21.49 48-48s-21.49-48-48-48v-96c0-26.51 21.49-48 48-48h480c26.51 0 48 21.49 48 48v96c-26.51 0-48 21.49-48 48zm-48-104c0-13.255-10.745-24-24-24H120c-13.255 0-24 10.745-24 24v208c0 13.255 10.745 24 24 24h336c13.255 0 24-10.745 24-24V152z\"\/><\/svg><\/span><span class=\"kt-btn-inner-text\">Entradas Haus der Musik<\/span><\/a><\/div>\n\n\n\n<h3 class=\"wp-block-heading\">Vienna Time Travel<\/h3>\n\n\n\n<p><strong><a href=\"https:\/\/www.getyourguide.es\/viena-l7\/revive-el-pasado-de-viena-exposicion-historica-multimedia-t24256\/?partner_id=KC753P7&amp;utm_medium=online_publisher&amp;cmp=viena_diciembre_post\" target=\"_blank\" aria-label=\"Vienna Time Travel (opens in a new tab)\" rel=\"noreferrer noopener nofollow\" class=\"ek-link\">Vienna Time Travel<\/a><\/strong> es un museo totalmente inmersivo que <strong>narra la historia de Viena a trav\u00e9s de 8 experiencias de realidad virtual<\/strong>.<\/p>\n\n\n\n<p>El nombre \u00abtime travel\u00bb, que significa viaje en el tiempo, resume el tipo de experiencia que vas a vivir. Tu viaje a trav\u00e9s del tiempo comenzar\u00e1 en la \u00e9poca de Vindobona, cuando Viena era un importante puesto fronterizo romano que permit\u00eda al imperio defender sus fronteras en el noreste.<\/p>\n\n\n\n<p>El recorrido contin\u00faa a trav\u00e9s de diferentes periodos hist\u00f3ricos (en orden cronol\u00f3gico) hasta llegar a las dos guerras mundiales que asolaron Europa en el pasado siglo.<\/p>\n\n\n\n<p>En cuanto al idioma, no debes preocuparte porque podr\u00e1s contar con una <strong>audiogu\u00eda en italiano<\/strong>.<\/p>\n\n\n\n<p>Te dejo todos los detalles para planificar tu visita:<\/p>\n\n\n\n<ul class=\"wp-block-list\">\n<li><strong>Entradas<\/strong>: 23\u20ac a partir de los 15 a\u00f1os, 20\u20ac para estudiantes con carnet universitario, y 19\u20ac hasta los 14 a\u00f1os. Incluye una audiogu\u00eda en italiano. <strong><a aria-label=\" (opens in a new tab)\" class=\"ek-link\" href=\"https:\/\/www.getyourguide.es\/viena-l7\/revive-el-pasado-de-viena-exposicion-historica-multimedia-t24256\/?partner_id=KC753P7&amp;utm_medium=online_publisher&amp;cmp=viena_diciembre_post\" target=\"_blank\" rel=\"noreferrer noopener nofollow\">Aqu\u00ed puedes encontrar las entradas<\/a><\/strong>.<\/li>\n\n\n\n<li><strong>Horario<\/strong>: todos los d\u00edas de 10:00 a 20:00.<\/li>\n\n\n\n<li><strong>C\u00f3mo llegar<\/strong>: toma el metro U1 o U3 y baja en la parada Stephanplatz, que est\u00e1 a 2 minutos caminando del museo.<\/li>\n<\/ul>\n\n\n<style>.wp-block-kadence-advancedbtn.kb-btns2227_a88204-9f{gap:var(--global-kb-gap-xs, 0.5rem );justify-content:center;align-items:center;}.kt-btns2227_a88204-9f .kt-button{font-weight:normal;font-style:normal;}.kt-btns2227_a88204-9f .kt-btn-wrap-0{margin-right:5px;}.wp-block-kadence-advancedbtn.kt-btns2227_a88204-9f .kt-btn-wrap-0 .kt-button{color:#555555;border-color:#555555;}.wp-block-kadence-advancedbtn.kt-btns2227_a88204-9f .kt-btn-wrap-0 .kt-button:hover, .wp-block-kadence-advancedbtn.kt-btns2227_a88204-9f .kt-btn-wrap-0 .kt-button:focus{color:#ffffff;border-color:#444444;}.wp-block-kadence-advancedbtn.kt-btns2227_a88204-9f .kt-btn-wrap-0 .kt-button::before{display:none;}.wp-block-kadence-advancedbtn.kt-btns2227_a88204-9f .kt-btn-wrap-0 .kt-button:hover, .wp-block-kadence-advancedbtn.kt-btns2227_a88204-9f .kt-btn-wrap-0 .kt-button:focus{background:#444444;}<\/style>\n<div class=\"wp-block-kadence-advancedbtn kb-buttons-wrap kb-btns2227_a88204-9f\"><style>ul.menu .wp-block-kadence-advancedbtn .kb-btn2227_403207-dd.kb-button{width:initial;}.wp-block-kadence-advancedbtn .kb-btn2227_403207-dd.kb-button{padding-top:var(--global-kb-spacing-xs, 1rem);padding-right:var(--global-kb-spacing-xs, 1rem);padding-bottom:var(--global-kb-spacing-xs, 1rem);padding-left:var(--global-kb-spacing-xs, 1rem);margin-top:var(--global-kb-spacing-xxs, 0.5rem);margin-bottom:var(--global-kb-spacing-xs, 1rem);box-shadow:1px 1px 2px 0px rgba(0, 0, 0, 0.2);}<\/style><a class=\"kb-button kt-button button kb-btn2227_403207-dd kt-btn-size-standard kt-btn-width-type-auto kb-btn-global-fill  kt-btn-has-text-true kt-btn-has-svg-true  wp-block-kadence-singlebtn\" href=\"https:\/\/www.getyourguide.es\/viena-l7\/revive-el-pasado-de-viena-exposicion-historica-multimedia-t24256\/?partner_id=KC753P7&#038;utm_medium=online_publisher&#038;cmp=viena_diciembre_post\" target=\"_blank\" rel=\"noreferrer noopener nofollow\"><span class=\"kb-svg-icon-wrap kb-svg-icon-fas_ticket-alt kt-btn-icon-side-left\"><svg viewBox=\"0 0 576 512\"  fill=\"currentColor\" xmlns=\"http:\/\/www.w3.org\/2000\/svg\"  aria-hidden=\"true\"><path d=\"M128 160h320v192H128V160zm400 96c0 26.51 21.49 48 48 48v96c0 26.51-21.49 48-48 48H48c-26.51 0-48-21.49-48-48v-96c26.51 0 48-21.49 48-48s-21.49-48-48-48v-96c0-26.51 21.49-48 48-48h480c26.51 0 48 21.49 48 48v96c-26.51 0-48 21.49-48 48zm-48-104c0-13.255-10.745-24-24-24H120c-13.255 0-24 10.745-24 24v208c0 13.255 10.745 24 24 24h336c13.255 0 24-10.745 24-24V152z\"\/><\/svg><\/span><span class=\"kt-btn-inner-text\">Entradas Time Travel Vienna<\/span><\/a><\/div>\n\n\n\n<h3 class=\"wp-block-heading\">Naturhistorisches Museum (Museo de Historia Natural)<\/h3>\n\n\n\n<p>Otra visita imprescindible para familias es el <strong>Museo de Historia Natural<\/strong> de Viena.<\/p>\n\n\n\n<p>El museo se encuentra en el <strong>barrio de Landstrasse<\/strong>, no muy lejos del Belvedere, y alberga una colecci\u00f3n enorme, con unos 20 millones de piezas que trazan la historia de la vida en la tierra.<\/p>\n\n\n\n<p>La exposici\u00f3n permanente se divide en dos plantas.<\/p>\n\n\n\n<ul class=\"wp-block-list\">\n<li><strong>Planta baja<\/strong>: aqu\u00ed encontramos la colecci\u00f3n m\u00e1s grande de <strong>minerales<\/strong> y <strong>meteoritos<\/strong> de Europa. Adem\u00e1s, el museo cuenta con una \u00fanica colecci\u00f3n de <strong>esculturas antiguas<\/strong> en el mundo. \u00a1Una de ellas data de hace 36,000 a\u00f1os!<\/li>\n\n\n\n<li><strong>Primer piso<\/strong>: esta es probablemente la planta m\u00e1s interesante para los ni\u00f1os, ya que alberga <strong>esqueletos de dinosaurios<\/strong> y reconstrucciones de estos antiguos reptiles que dominaban nuestro planeta hace millones de a\u00f1os.<\/li>\n<\/ul>\n\n\n\n<p>Para aquellos interesados en la historia humana, el museo tambi\u00e9n ofrece una <strong>secci\u00f3n dedicada a la evoluci\u00f3n<\/strong>, con f\u00f3siles de los ancestros humanos y modelos que muestran las diferentes fases de la evoluci\u00f3n humana.<\/p>\n\n\n\n<p>Por \u00faltimo, otra \u00e1rea que encontr\u00e9 extremadamente interesante es el <strong>Digital Planetarium<\/strong>, un planetario moderno que ofrece proyecciones inmersivas del cosmos y espect\u00e1culos que narran la historia de nuestro universo.<\/p>\n\n\n\n<p>Te dejo toda la informaci\u00f3n para planificar tu visita:<\/p>\n\n\n\n<ul class=\"wp-block-list\">\n<li><strong>Entradas<\/strong>: la entrada cuesta 18\u20ac y puedes comprar el boleto en el lugar.<\/li>\n\n\n\n<li><strong>Horario<\/strong>: todos los d\u00edas excepto los martes, de 9:00 a 18:00.<\/li>\n\n\n\n<li><strong>Ubicaci\u00f3n<\/strong>: Burgring 7. <a href=\"https:\/\/goo.gl\/maps\/2ruUGAnrzGd9VVa26\" target=\"_blank\" aria-label=\" (opens in a new tab)\" rel=\"noreferrer noopener\" class=\"ek-link\">Localizaci\u00f3n en Maps<\/a><\/li>\n<\/ul>\n\n\n\n<h2 class=\"wp-block-heading\">Preguntas frecuentes<\/h2>\n\n\n\n<h3 class=\"wp-block-heading\">\u00bfCu\u00e1ntos grados hace en Viena en diciembre?<\/h3>\n\n\n\n<p><strong>En Viena, la temperatura media en diciembre var\u00eda entre 0\u00b0C y 5\u00b0C. Sin embargo, estas son temperaturas medias, por la noche, por ejemplo, puede bajar mucho m\u00e1s all\u00e1 de los 0\u00b0C, alcanzando hasta los -5\u00b0C.<\/strong><\/p>\n\n\n\n<h3 class=\"wp-block-heading\">\u00bfCu\u00e1l es el mejor momento para visitar Viena?<\/h3>\n\n\n\n<p>El mejor momento para visitar Viena depende de tus intereses. Si te gusta el clima templado y quieres <strong><a href=\"https:\/\/viennaguru.com\/es\/que-visitar-en-viena-a-pie\/\" class=\"ek-link\">explorar la ciudad a pie<\/a><\/strong>, la primavera (abril-mayo) y el oto\u00f1o (septiembre-octubre) son ideales, los precios son buenos y hay menos turistas. Para los amantes de los mercadillos navide\u00f1os y del ambiente invernal, noviembre y diciembre son los meses m\u00e1s recomendados.<\/p>\n\n\n\n<h3 class=\"wp-block-heading\">\u00bfC\u00f3mo es Viena en Navidad?<\/h3>\n\n\n\n<p>Viena en Navidad es muy pintoresca, gracias a sus famosos mercados como el Christkindlmarkt en Rathausplatz. La ciudad tambi\u00e9n est\u00e1 llena de decoraciones navide\u00f1as, con miles de luces que la adornan. Eventos especiales, conciertos y misas navide\u00f1as ofrecen una experiencia festiva realmente \u00fanica.<\/p>\n\n\n\n<p><\/p>\n","protected":false},"excerpt":{"rendered":"<p>Gu\u00eda completa para visitar Viena en diciembre. Descubre qu\u00e9 hacer, qu\u00e9 ver, los mejores mercadillos navide\u00f1os, las temperaturas y c\u00f3mo vestirse.<\/p>\n","protected":false},"author":1,"featured_media":2260,"comment_status":"open","ping_status":"open","sticky":false,"template":"","format":"standard","meta":{"_editorskit_title_hidden":false,"_editorskit_reading_time":0,"_editorskit_is_block_options_detached":false,"_editorskit_block_options_position":"{}","_kad_blocks_custom_css":"","_kad_blocks_head_custom_js":"","_kad_blocks_body_custom_js":"","_kad_blocks_footer_custom_js":"","_kadence_starter_templates_imported_post":false,"_kad_post_transparent":"","_kad_post_title":"","_kad_post_layout":"","_kad_post_sidebar_id":"","_kad_post_content_style":"","_kad_post_vertical_padding":"","_kad_post_feature":"","_kad_post_feature_position":"","_kad_post_header":false,"_kad_post_footer":false,"footnotes":""},"categories":[25,21],"tags":[],"class_list":["post-2227","post","type-post","status-publish","format-standard","has-post-thumbnail","hentry","category-meses-y-eventos","category-que-hacer"],"taxonomy_info":{"category":[{"value":25,"label":"Meses y eventos"},{"value":21,"label":"Que hacer"}]},"featured_image_src_large":["https:\/\/viennaguru.com\/wp-content\/uploads\/2023\/08\/Viena-en-diciembre-1024x768.jpg",1024,768,true],"author_info":{"display_name":"Alex","author_link":"https:\/\/viennaguru.com\/es\/author\/alexb89\/"},"comment_info":1,"category_info":[{"term_id":25,"name":"Meses y eventos","slug":"meses-y-eventos","term_group":0,"term_taxonomy_id":25,"taxonomy":"category","description":"","parent":21,"count":12,"filter":"raw","cat_ID":25,"category_count":12,"category_description":"","cat_name":"Meses y eventos","category_nicename":"meses-y-eventos","category_parent":21},{"term_id":21,"name":"Que hacer","slug":"que-hacer","term_group":0,"term_taxonomy_id":21,"taxonomy":"category","description":"","parent":0,"count":14,"filter":"raw","cat_ID":21,"category_count":14,"category_description":"","cat_name":"Que hacer","category_nicename":"que-hacer","category_parent":0}],"tag_info":false,"_links":{"self":[{"href":"https:\/\/viennaguru.com\/es\/wp-json\/wp\/v2\/posts\/2227","targetHints":{"allow":["GET"]}}],"collection":[{"href":"https:\/\/viennaguru.com\/es\/wp-json\/wp\/v2\/posts"}],"about":[{"href":"https:\/\/viennaguru.com\/es\/wp-json\/wp\/v2\/types\/post"}],"author":[{"embeddable":true,"href":"https:\/\/viennaguru.com\/es\/wp-json\/wp\/v2\/users\/1"}],"replies":[{"embeddable":true,"href":"https:\/\/viennaguru.com\/es\/wp-json\/wp\/v2\/comments?post=2227"}],"version-history":[{"count":23,"href":"https:\/\/viennaguru.com\/es\/wp-json\/wp\/v2\/posts\/2227\/revisions"}],"predecessor-version":[{"id":8283,"href":"https:\/\/viennaguru.com\/es\/wp-json\/wp\/v2\/posts\/2227\/revisions\/8283"}],"wp:featuredmedia":[{"embeddable":true,"href":"https:\/\/viennaguru.com\/es\/wp-json\/wp\/v2\/media\/2260"}],"wp:attachment":[{"href":"https:\/\/viennaguru.com\/es\/wp-json\/wp\/v2\/media?parent=2227"}],"wp:term":[{"taxonomy":"category","embeddable":true,"href":"https:\/\/viennaguru.com\/es\/wp-json\/wp\/v2\/categories?post=2227"},{"taxonomy":"post_tag","embeddable":true,"href":"https:\/\/viennaguru.com\/es\/wp-json\/wp\/v2\/tags?post=2227"}],"curies":[{"name":"wp","href":"https:\/\/api.w.org\/{rel}","templated":true}]}}