{"id":4159,"date":"2025-09-28T13:36:44","date_gmt":"2025-09-28T13:36:44","guid":{"rendered":"https:\/\/viennaguru.com\/vienna-in-estate-cosa-fare\/"},"modified":"2024-06-20T15:52:34","modified_gmt":"2024-06-20T15:52:34","slug":"viena-en-verano","status":"publish","type":"post","link":"https:\/\/viennaguru.com\/es\/viena-en-verano\/","title":{"rendered":"Viena en Verano: 10 Cosas que Hacer y Qu\u00e9 Tiempo Hace 2024"},"content":{"rendered":"\n<p>\u00bfEst\u00e1s pensando en <strong>visitar Viena en verano<\/strong>?<\/p>\n\n\n\n<p>\u00bfQuieres entender c\u00f3mo es el <strong>clima<\/strong>, las <strong>temperaturas<\/strong> y <strong>qu\u00e9 hacer<\/strong>?<\/p>\n\n\n\n<p>Si es as\u00ed, \u00a1est\u00e1s en el lugar correcto! En este post he creado una gu\u00eda completa sobre la visita de esta ciudad durante la alta temporada.<\/p>\n\n\n\n<p>Encontrar\u00e1s informaci\u00f3n sobre:<\/p>\n\n\n\n<ul class=\"wp-block-list\">\n<li>C\u00f3mo es el tiempo y qu\u00e9 esperar.<\/li>\n\n\n\n<li>Los mejores <strong>eventos<\/strong> y qu\u00e9 hacer en Viena en verano.<\/li>\n\n\n\n<li><strong>Qu\u00e9 hacer con ni\u00f1os<\/strong> (selecci\u00f3n de las mejores actividades).<\/li>\n\n\n\n<li>Much\u00edsimos <strong>consejos y curiosidades<\/strong> basados en mi experiencia personal (<strong>\u00a1he vivido en Viena!<\/strong>)<\/li>\n<\/ul>\n\n\n\n<p>\u00bfEst\u00e1s listo\/a para descubrir lo mejor que la ciudad tiene para ofrecer en verano? \u00bfS\u00ed? \u00a1Empecemos!<\/p>\n\n\n\n<h2 class=\"wp-block-heading\"><strong>Qu\u00e9 hacer en Viena en verano: 10 actividades interesantes<\/strong><\/h2>\n\n\n\n<figure class=\"wp-block-image size-large\"><img loading=\"lazy\" decoding=\"async\" width=\"1024\" height=\"768\" src=\"https:\/\/viennaguru.com\/wp-content\/uploads\/2024\/03\/Que-hacer-en-Viena-en-verano-1024x768.jpg\" alt=\"Que\u0301 hacer en Viena en verano\" class=\"wp-image-4173\" srcset=\"https:\/\/viennaguru.com\/wp-content\/uploads\/2024\/03\/Que-hacer-en-Viena-en-verano-1024x768.jpg 1024w, https:\/\/viennaguru.com\/wp-content\/uploads\/2024\/03\/Que-hacer-en-Viena-en-verano-300x225.jpg 300w, https:\/\/viennaguru.com\/wp-content\/uploads\/2024\/03\/Que-hacer-en-Viena-en-verano-768x576.jpg 768w, https:\/\/viennaguru.com\/wp-content\/uploads\/2024\/03\/Que-hacer-en-Viena-en-verano-1536x1152.jpg 1536w, https:\/\/viennaguru.com\/wp-content\/uploads\/2024\/03\/Que-hacer-en-Viena-en-verano.jpg 1600w\" sizes=\"auto, (max-width: 1024px) 100vw, 1024px\" \/><\/figure>\n\n\n\n<p>En esta primera secci\u00f3n, veremos cu\u00e1les son las actividades m\u00e1s recomendadas durante el verano en Viena. He incluido tanto cosas para hacer como algunos de los eventos m\u00e1s importantes que se llevan a cabo entre junio y agosto.<\/p>\n\n\n<style>.kadence-column4159_4eae44-c0 > .kt-inside-inner-col{padding-top:var(--global-kb-spacing-xs, 1rem);padding-right:var(--global-kb-spacing-xs, 1rem);padding-bottom:var(--global-kb-spacing-xs, 1rem);padding-left:var(--global-kb-spacing-xs, 1rem);}.kadence-column4159_4eae44-c0 > .kt-inside-inner-col,.kadence-column4159_4eae44-c0 > .kt-inside-inner-col:before{border-top-left-radius:0px;border-top-right-radius:0px;border-bottom-right-radius:0px;border-bottom-left-radius:0px;}.kadence-column4159_4eae44-c0 > .kt-inside-inner-col{column-gap:var(--global-kb-gap-sm, 1rem);}.kadence-column4159_4eae44-c0 > .kt-inside-inner-col{flex-direction:column;}.kadence-column4159_4eae44-c0 > .kt-inside-inner-col > .aligncenter{width:100%;}.kadence-column4159_4eae44-c0 > .kt-inside-inner-col{background-color:var(--global-palette8, #F7FAFC);}.kadence-column4159_4eae44-c0 > .kt-inside-inner-col:before{opacity:0.3;}.kadence-column4159_4eae44-c0{position:relative;}.kadence-column4159_4eae44-c0, .kt-inside-inner-col > .kadence-column4159_4eae44-c0:not(.specificity){margin-top:var(--global-kb-spacing-xs, 1rem);margin-bottom:var(--global-kb-spacing-xs, 1rem);}@media all and (max-width: 1024px){.kadence-column4159_4eae44-c0 > .kt-inside-inner-col{flex-direction:column;justify-content:center;}}@media all and (max-width: 767px){.kadence-column4159_4eae44-c0 > .kt-inside-inner-col{flex-direction:column;justify-content:center;}}<\/style>\n<div class=\"wp-block-kadence-column kadence-column4159_4eae44-c0 kb-section-dir-vertical\"><div class=\"kt-inside-inner-col\">\n<p><strong>Pero antes\u2026 \u00bfya has elegido tu alojamiento?<\/strong><\/p>\n\n\n\n<p>Si a\u00fan no lo has hecho, en esta breve secci\u00f3n te explico las mejores zonas para alojarse durante el per\u00edodo estival.<\/p>\n\n\n\n<p class=\"has-medium-font-size\"><strong>Innere Stadt (centro)<\/strong><\/p>\n\n\n\n<p>Como sabr\u00e1s, el verano es sin\u00f3nimo de alta temporada, por lo que los precios durante esta \u00e9poca son sensiblemente m\u00e1s altos en comparaci\u00f3n con otros per\u00edodos. El centro, rico en atracciones y bien conectado, es una de las mejores zonas para hospedarse, pero tambi\u00e9n es, por razones obvias, la zona m\u00e1s cara.<\/p>\n\n\n\n<p><strong>Alojamientos recomendados en el centro:<\/strong><\/p>\n\n\n\n<ul class=\"wp-block-list\">\n<li><strong>Gama media \u2013\u00a0<a href=\"https:\/\/www.booking.com\/hotel\/at\/city-pension.es.html?aid=2394266&amp;no_rooms=1&amp;group_adults=2&amp;label=viena_verano_post\" target=\"_blank\" aria-label=\"City Pension Stephansplatz (opens in a new tab)\" rel=\"noreferrer noopener nofollow\" class=\"ek-link\">City Pension Stephansplatz<\/a><\/strong><\/li>\n\n\n\n<li><strong>Gama media \u2013\u00a0<a href=\"https:\/\/www.booking.com\/hotel\/at\/ch-budget-center-rooms.es.html?aid=2394266&amp;no_rooms=1&amp;group_adults=2&amp;label=viena_verano_post\" target=\"_blank\" aria-label=\"CH-Hotel Luka (opens in a new tab)\" rel=\"noreferrer noopener nofollow\" class=\"ek-link\">CH-Hotel Luka<\/a><\/strong><\/li>\n\n\n\n<li><strong>Lujo \u2013\u00a0<a href=\"https:\/\/www.booking.com\/hotel\/at\/sacher-wien.es.html?aid=2394266&amp;no_rooms=1&amp;group_adults=2&amp;label=viena_verano_post\" target=\"_blank\" aria-label=\"Hotel Sacher Wien (opens in a new tab)\" rel=\"noreferrer noopener nofollow\" class=\"ek-link\">Hotel Sacher Wien<\/a><\/strong><\/li>\n<\/ul>\n\n\n\n<hr class=\"wp-block-separator has-alpha-channel-opacity\"\/>\n\n\n\n<p class=\"has-medium-font-size\"><strong>Leopoldstadt<\/strong><\/p>\n\n\n\n<p>Es el segundo distrito de Viena y se encuentra al norte del centro. Est\u00e1 relativamente cerca (a un par de paradas de metro). Recomiendo esta zona a quienes quieren ahorrar un poco, ya que es el barrio m\u00e1s econ\u00f3mico entre los que rodean el casco hist\u00f3rico. Sin embargo, hay que asegurarse de alojarse cerca de una estaci\u00f3n de metro.<\/p>\n\n\n\n<p><strong>Aqu\u00ed est\u00e1n los alojamientos recomendados en Leopoldstadt:<\/strong><\/p>\n\n\n\n<ul class=\"wp-block-list\">\n<li><strong>Econ\u00f3mico \u2013\u00a0<a href=\"https:\/\/www.booking.com\/hotel\/at\/the-social-hub-vienna.es.html?aid=2394266&amp;no_rooms=1&amp;group_adults=2&amp;label=viena_verano_post\" target=\"_blank\" aria-label=\"The Social Hub Vienna (opens in a new tab)\" rel=\"noreferrer noopener nofollow\" class=\"ek-link\">The Social Hub Vienna<\/a><\/strong><\/li>\n\n\n\n<li><strong>Gama media \u2013\u00a0<a href=\"https:\/\/www.booking.com\/hotel\/at\/alon-homes.es.html?aid=2394266&amp;no_rooms=1&amp;group_adults=2&amp;label=viena_verano_post\" target=\"_blank\" aria-label=\"ALON HOMES Vienna (opens in a new tab)\" rel=\"noreferrer noopener nofollow\" class=\"ek-link\">ALON HOMES Vienna<\/a><\/strong><\/li>\n<\/ul>\n\n\n\n<hr class=\"wp-block-separator has-alpha-channel-opacity\"\/>\n\n\n\n<p class=\"has-medium-font-size\"><strong>Landstrasse y Neubau<\/strong><\/p>\n\n\n\n<p>Dos de las mejores zonas para dormir en Viena. Ambas est\u00e1n a poca distancia del centro (especialmente Neubau) y ofrecen una buena relaci\u00f3n calidad-precio. Landstrasse es m\u00e1s adecuada para las familias. Neubau puede ser una buena opci\u00f3n para todos.<\/p>\n\n\n\n<p><strong>Alojamientos recomendados en estas dos zonas:<\/strong><\/p>\n\n\n\n<ul class=\"wp-block-list\">\n<li><strong>Econ\u00f3mico \u2013\u00a0<a href=\"https:\/\/www.booking.com\/hotel\/at\/amedia-wien.es.html?aid=2394266&amp;no_rooms=1&amp;group_adults=2&amp;label=viena_verano_post\" target=\"_blank\" aria-label=\"Best Western Plus Amedia Wien (opens in a new tab)\" rel=\"noreferrer noopener nofollow\" class=\"ek-link\">Best Western Plus Amedia Wien<\/a><\/strong><\/li>\n\n\n\n<li><strong>Gama media \u2013\u00a0<a href=\"https:\/\/www.booking.com\/hotel\/at\/appartement-pension-spiess-amp-spiess.es.html?aid=2394266&amp;no_rooms=1&amp;group_adults=2&amp;label=viena_verano_post\" target=\"_blank\" aria-label=\"Hotel Spiess &amp; Spiess (opens in a new tab)\" rel=\"noreferrer noopener nofollow\" class=\"ek-link\">Hotel Spiess &amp; Spiess<\/a><\/strong><\/li>\n\n\n\n<li><strong>Lujo \u2013\u00a0<a href=\"https:\/\/www.booking.com\/hotel\/at\/intercontinental-wien.es.html?aid=2394266&amp;no_rooms=1&amp;group_adults=2&amp;label=viena_verano_post\" target=\"_blank\" aria-label=\"InterContinental Wien, an IHG Hotel (opens in a new tab)\" rel=\"noreferrer noopener nofollow\" class=\"ek-link\">InterContinental Wien, an IHG Hotel<\/a><\/strong><\/li>\n<\/ul>\n<\/div><\/div>\n\n\n\n<h3 class=\"wp-block-heading\"><strong>Visita el Kunsthistorisches Museum, el museo m\u00e1s importante de Austria<\/strong><\/h3>\n\n\n\n<p>\u00bfQu\u00e9 hacer en Viena en verano? La capital austriaca alberga uno de los museos m\u00e1s importantes del mundo, el <strong><a href=\"https:\/\/www.getyourguide.es\/viena-l7\/ticket-de-entrada-al-museo-de-historia-del-arte-de-viena-t128454\/?partner_id=KC753P7&amp;utm_medium=online_publisher&amp;cmp=viena_verano_post\" target=\"_blank\" aria-label=\"Kunsthistorisches Museum (opens in a new tab)\" rel=\"noreferrer noopener nofollow\" class=\"ek-link\">Kunsthistorisches Museum<\/a><\/strong>.<\/p>\n\n\n\n<figure class=\"wp-block-image size-large\"><img loading=\"lazy\" decoding=\"async\" width=\"1024\" height=\"768\" src=\"https:\/\/viennaguru.com\/wp-content\/uploads\/2024\/03\/Museo-de-Historia-del-Arte-de-Viena-1024x768.jpg\" alt=\"Museo de Historia del Arte de Viena\" class=\"wp-image-4167\" srcset=\"https:\/\/viennaguru.com\/wp-content\/uploads\/2024\/03\/Museo-de-Historia-del-Arte-de-Viena-1024x768.jpg 1024w, https:\/\/viennaguru.com\/wp-content\/uploads\/2024\/03\/Museo-de-Historia-del-Arte-de-Viena-300x225.jpg 300w, https:\/\/viennaguru.com\/wp-content\/uploads\/2024\/03\/Museo-de-Historia-del-Arte-de-Viena-768x576.jpg 768w, https:\/\/viennaguru.com\/wp-content\/uploads\/2024\/03\/Museo-de-Historia-del-Arte-de-Viena-1536x1152.jpg 1536w, https:\/\/viennaguru.com\/wp-content\/uploads\/2024\/03\/Museo-de-Historia-del-Arte-de-Viena.jpg 1600w\" sizes=\"auto, (max-width: 1024px) 100vw, 1024px\" \/><\/figure>\n\n\n\n<p>Esta instituci\u00f3n cultural, abierta al p\u00fablico en 1891, sirve de custodio para las amplias colecciones de arte recopiladas por la familia Habsburgo, y representa una parada obligatoria para quien, como t\u00fa, ha elegido Viena como destino de su pr\u00f3ximo viaje.<\/p>\n\n\n\n<p>Durante la visita, te recomiendo explorar las siguientes \u00e1reas:<\/p>\n\n\n\n<ul class=\"wp-block-list\">\n<li><strong>La Pinacoteca<\/strong>: aqu\u00ed encuentras obras clave del arte occidental, incluyendo la \u00abMadonna del Prato\u00bb de Rafael y \u00abEl Arte de Pintar\u00bb de Vermeer, adem\u00e1s de piezas de Vel\u00e1zquez, Rubens, Rembrandt, D\u00fcrer, Tiziano y Tintoretto.<\/li>\n\n\n\n<li><strong>La Kunstkammer<\/strong>: se expone una colecci\u00f3n de m\u00e1s de 2000 objetos recopilados por los Habsburgo, con piezas destacadas como la Saliera de Benvenuto Cellini.<\/li>\n\n\n\n<li><strong>La Colecci\u00f3n Egipcio-Oriental y de Arte Antiguo<\/strong>: te ofrece una mirada sobre las civilizaciones antiguas a trav\u00e9s de sus tesoros art\u00edsticos e hist\u00f3ricos.<\/li>\n\n\n\n<li><strong>El Gabinete Numism\u00e1tico<\/strong>: en su interior se presenta una de las colecciones m\u00e1s completas de monedas y medallas, con m\u00e1s de 700.000 ejemplares.<\/li>\n<\/ul>\n\n\n\n<p>Te dejo toda la informaci\u00f3n para planificar tu visita:<\/p>\n\n\n\n<ul class=\"wp-block-list\">\n<li><strong>Entradas<\/strong>: 21\u20ac para adultos, 18\u20ac para estudiantes con tarjeta y mayores de 65 a\u00f1os, gratis para menores de 18 a\u00f1os. La entrada se puede <a href=\"https:\/\/www.getyourguide.es\/viena-l7\/ticket-de-entrada-al-museo-de-historia-del-arte-de-viena-t128454\/?partner_id=KC753P7&amp;utm_medium=online_publisher&amp;cmp=viena_verano_post\" target=\"_blank\" aria-label=\" (opens in a new tab)\" rel=\"noreferrer noopener nofollow\" class=\"ek-link\"><strong>comprar online en este sitio<\/strong><\/a>.<\/li>\n\n\n\n<li><strong>Horarios<\/strong>: todos los d\u00edas de 10:00 a 18:00.<\/li>\n\n\n\n<li><strong>Ubicaci\u00f3n<\/strong>: Maria-Theresien-Platz. Aqu\u00ed tienes <a href=\"https:\/\/goo.gl\/maps\/M27XnyJbV7wv1E5P6\" class=\"ek-link\" target=\"_blank\" rel=\"noopener\"><strong>la ubicaci\u00f3n exacta<\/strong><\/a>.<\/li>\n<\/ul>\n\n\n\n<h3 class=\"wp-block-heading\"><strong>Participa en un free tour a pie del centro de Viena<\/strong><\/h3>\n\n\n\n<figure class=\"wp-block-image size-large\"><img loading=\"lazy\" decoding=\"async\" width=\"1024\" height=\"768\" src=\"https:\/\/viennaguru.com\/wp-content\/uploads\/2024\/03\/Tour-a-pie-por-Viena-1024x768.jpg\" alt=\"Tour a pie por Viena\" class=\"wp-image-4179\" srcset=\"https:\/\/viennaguru.com\/wp-content\/uploads\/2024\/03\/Tour-a-pie-por-Viena-1024x768.jpg 1024w, https:\/\/viennaguru.com\/wp-content\/uploads\/2024\/03\/Tour-a-pie-por-Viena-300x225.jpg 300w, https:\/\/viennaguru.com\/wp-content\/uploads\/2024\/03\/Tour-a-pie-por-Viena-768x576.jpg 768w, https:\/\/viennaguru.com\/wp-content\/uploads\/2024\/03\/Tour-a-pie-por-Viena-1536x1152.jpg 1536w, https:\/\/viennaguru.com\/wp-content\/uploads\/2024\/03\/Tour-a-pie-por-Viena.jpg 1600w\" sizes=\"auto, (max-width: 1024px) 100vw, 1024px\" \/><\/figure>\n\n\n\n<p><em>Una excelente manera de descubrir Viena es participar en un free tour.<\/em><\/p>\n\n\n\n<p>Para quien no lo sepa, un free tour es una <strong>visita guiada que puedes reservar GRATIS<\/strong>.<\/p>\n\n\n\n<p>Una vez terminado el tour, si ha sido de tu agrado, es buena norma dejar una propina a la gu\u00eda.<\/p>\n\n\n\n<p>\u00bfCu\u00e1nto? No tienes ninguna obligaci\u00f3n. Yo dejo una cifra basada en cu\u00e1nto he disfrutado el tour.<\/p>\n\n\n\n<p>Es una manera que permite a todos, incluso a quienes tienen un presupuesto bajo, tomar parte en una visita guiada muy interesante y conocer mejor la cultura del lugar en el que te encuentras.<\/p>\n\n\n<style>.kadence-column4159_d190b3-a9 > .kt-inside-inner-col{padding-top:var(--global-kb-spacing-xs, 1rem);padding-right:var(--global-kb-spacing-xs, 1rem);padding-bottom:var(--global-kb-spacing-xs, 1rem);padding-left:var(--global-kb-spacing-xs, 1rem);}.kadence-column4159_d190b3-a9 > .kt-inside-inner-col,.kadence-column4159_d190b3-a9 > .kt-inside-inner-col:before{border-top-left-radius:0px;border-top-right-radius:0px;border-bottom-right-radius:0px;border-bottom-left-radius:0px;}.kadence-column4159_d190b3-a9 > .kt-inside-inner-col{column-gap:var(--global-kb-gap-sm, 1rem);}.kadence-column4159_d190b3-a9 > .kt-inside-inner-col{flex-direction:column;}.kadence-column4159_d190b3-a9 > .kt-inside-inner-col > .aligncenter{width:100%;}.kadence-column4159_d190b3-a9 > .kt-inside-inner-col{background-color:#e7ffd8;}.kadence-column4159_d190b3-a9 > .kt-inside-inner-col:before{opacity:0.3;}.kadence-column4159_d190b3-a9{position:relative;}.kadence-column4159_d190b3-a9, .kt-inside-inner-col > .kadence-column4159_d190b3-a9:not(.specificity){margin-top:var(--global-kb-spacing-xs, 1rem);margin-bottom:var(--global-kb-spacing-xs, 1rem);}@media all and (max-width: 1024px){.kadence-column4159_d190b3-a9 > .kt-inside-inner-col{flex-direction:column;justify-content:center;}}@media all and (max-width: 767px){.kadence-column4159_d190b3-a9 > .kt-inside-inner-col{flex-direction:column;justify-content:center;}}<\/style>\n<div class=\"wp-block-kadence-column kadence-column4159_d190b3-a9 kb-section-dir-vertical\"><div class=\"kt-inside-inner-col\">\n<p><em>\u00bfQu\u00e9 free tour elegir?<\/em><\/p>\n\n\n\n<p><strong>El free tour que te recomiendo yo<\/strong> (y al que he participado) es <strong><a href=\"https:\/\/www.civitatis.com\/es\/viena\/free-tour-viena\/?aid=13436&amp;cmp=viena_verano_post\" target=\"_blank\" aria-label=\"este aqu\u00ed (opens in a new tab)\" rel=\"noreferrer noopener nofollow\" class=\"ek-link\">este aqu\u00ed<\/a><\/strong> que se lleva a cabo justo en el centro de Viena. La visita en nuestro caso dur\u00f3 casi 3 horas, la gu\u00eda fue realmente muy buena en mantener alta la atenci\u00f3n durante todo el tiempo, y hemos descubierto much\u00edsimas an\u00e9cdotas y curiosidades sobre la ciudad.<\/p>\n\n\n\n<p><strong>\u00bfC\u00f3mo reservar?<\/strong> Puedes hacerlo todo c\u00f3modamente <strong><a href=\"https:\/\/www.civitatis.com\/es\/viena\/free-tour-viena\/?aid=13436&amp;cmp=viena_verano_post\" target=\"_blank\" aria-label=\"online en esta pagina (opens in a new tab)\" rel=\"noreferrer noopener nofollow\" class=\"ek-link\">online en esta pagina<\/a><\/strong>.<\/p>\n<\/div><\/div>\n\n\n\n<h3 class=\"wp-block-heading\"><strong>Admira la colecci\u00f3n Batliner en el museo Albertina<\/strong><\/h3>\n\n\n\n<figure class=\"wp-block-image size-large\"><img loading=\"lazy\" decoding=\"async\" width=\"1024\" height=\"768\" src=\"https:\/\/viennaguru.com\/wp-content\/uploads\/2024\/03\/Visita-el-Museo-Albertina-en-Viena-en-verano-1024x768.jpg\" alt=\"Visita el Museo Albertina en Viena en verano\" class=\"wp-image-4191\" srcset=\"https:\/\/viennaguru.com\/wp-content\/uploads\/2024\/03\/Visita-el-Museo-Albertina-en-Viena-en-verano-1024x768.jpg 1024w, https:\/\/viennaguru.com\/wp-content\/uploads\/2024\/03\/Visita-el-Museo-Albertina-en-Viena-en-verano-300x225.jpg 300w, https:\/\/viennaguru.com\/wp-content\/uploads\/2024\/03\/Visita-el-Museo-Albertina-en-Viena-en-verano-768x576.jpg 768w, https:\/\/viennaguru.com\/wp-content\/uploads\/2024\/03\/Visita-el-Museo-Albertina-en-Viena-en-verano-1536x1152.jpg 1536w, https:\/\/viennaguru.com\/wp-content\/uploads\/2024\/03\/Visita-el-Museo-Albertina-en-Viena-en-verano.jpg 1600w\" sizes=\"auto, (max-width: 1024px) 100vw, 1024px\" \/><\/figure>\n\n\n\n<p>El <strong><a href=\"https:\/\/www.getyourguide.es\/viena-l7\/tickets-para-el-museo-albertina-y-estancias-t37928\/?partner_id=KC753P7&amp;utm_medium=online_publisher&amp;cmp=viena_verano_post\" target=\"_blank\" aria-label=\"Museo Albertina de Viena (opens in a new tab)\" rel=\"noreferrer noopener nofollow\" class=\"ek-link\">Museo Albertina de Viena<\/a><\/strong> alberga la prestigiosa <strong>colecci\u00f3n Batliner<\/strong>, que representa un viaje a trav\u00e9s de 150 a\u00f1os de historia del arte, desde el impresionismo hasta el siglo XX.<\/p>\n\n\n\n<p>Este museo se encuentra en el coraz\u00f3n de la ciudad, y en su interior podr\u00e1s admirar tanto las <strong>obras de Monet y Picasso<\/strong>, pero tambi\u00e9n explorar en detalle todas las diferentes corrientes art\u00edsticas que han caracterizado este per\u00edodo.<\/p>\n\n\n\n<p>Durante la visita, te recomiendo dedicar atenci\u00f3n particular a las siguientes \u00e1reas:<\/p>\n\n\n\n<ul class=\"wp-block-list\">\n<li><strong>Las Salas Hist\u00f3ricas<\/strong>: estas maravillosas salas est\u00e1n decoradas en varios estilos que van desde el clasicismo hasta el rococ\u00f3.<\/li>\n\n\n\n<li><strong>La Colecci\u00f3n de Obras Gr\u00e1ficas<\/strong>: aqu\u00ed se conservan m\u00e1s de un mill\u00f3n de piezas, entre trabajos de D\u00fcrer, Rafael y Michelangelo.<\/li>\n\n\n\n<li><strong>La Colecci\u00f3n Batliner<\/strong>: representa el coraz\u00f3n de la exposici\u00f3n del Albertina gracias a la cual podr\u00e1s comprender la evoluci\u00f3n del arte moderno, a trav\u00e9s de obras maestras que van desde el impresionismo, hasta los grandes nombres del siglo XX.<\/li>\n\n\n\n<li><strong>Las Exposiciones Temporales<\/strong>: el Albertina es renombrado por sus exposiciones temporales de alta calidad, que a menudo se centran en artistas o movimientos art\u00edsticos particulares.<\/li>\n<\/ul>\n\n\n\n<p>Aqu\u00ed tienes la informaci\u00f3n pr\u00e1ctica para visitar el Museo Albertina:<\/p>\n\n\n\n<ul class=\"wp-block-list\">\n<li><strong>Entradas:<\/strong> Adultos \u20ac19,90, reducidas \u20ac15,90, gratis para ni\u00f1os y j\u00f3venes menores de 19 a\u00f1os. <a href=\"https:\/\/www.getyourguide.es\/viena-l7\/tickets-para-el-museo-albertina-y-estancias-t37928\/?partner_id=KC753P7&amp;utm_medium=online_publisher&amp;cmp=viena_verano_post\" target=\"_blank\" aria-label=\" (opens in a new tab)\" rel=\"noreferrer noopener nofollow\" class=\"ek-link\"><strong>Aqu\u00ed puedes encontrar las entradas sin colas<\/strong><\/a>.<\/li>\n\n\n\n<li><strong>Horarios:<\/strong> Abierto todos los d\u00edas de 10:00 a 18:00, mi\u00e9rcoles y viernes hasta las 21:00.<\/li>\n\n\n\n<li><strong>Ubicaci\u00f3n:<\/strong> Situado cerca del palacio Hofburg, en Albertinaplatz 1.<\/li>\n<\/ul>\n\n\n<style>.kadence-column4159_185418-42 > .kt-inside-inner-col{padding-top:var(--global-kb-spacing-xs, 1rem);padding-right:var(--global-kb-spacing-xs, 1rem);padding-bottom:var(--global-kb-spacing-xs, 1rem);padding-left:var(--global-kb-spacing-xs, 1rem);}.kadence-column4159_185418-42 > .kt-inside-inner-col,.kadence-column4159_185418-42 > .kt-inside-inner-col:before{border-top-left-radius:0px;border-top-right-radius:0px;border-bottom-right-radius:0px;border-bottom-left-radius:0px;}.kadence-column4159_185418-42 > .kt-inside-inner-col{column-gap:var(--global-kb-gap-sm, 1rem);}.kadence-column4159_185418-42 > .kt-inside-inner-col{flex-direction:column;}.kadence-column4159_185418-42 > .kt-inside-inner-col > .aligncenter{width:100%;}.kadence-column4159_185418-42 > .kt-inside-inner-col{background-color:#e7ffd8;}.kadence-column4159_185418-42 > .kt-inside-inner-col:before{opacity:0.3;}.kadence-column4159_185418-42{position:relative;}.kadence-column4159_185418-42, .kt-inside-inner-col > .kadence-column4159_185418-42:not(.specificity){margin-top:var(--global-kb-spacing-xs, 1rem);margin-bottom:var(--global-kb-spacing-xs, 1rem);}@media all and (max-width: 1024px){.kadence-column4159_185418-42 > .kt-inside-inner-col{flex-direction:column;justify-content:center;}}@media all and (max-width: 767px){.kadence-column4159_185418-42 > .kt-inside-inner-col{flex-direction:column;justify-content:center;}}<\/style>\n<div class=\"wp-block-kadence-column kadence-column4159_185418-42 kb-section-dir-vertical\"><div class=\"kt-inside-inner-col\">\n<p><strong>Consejo del Guru<\/strong>: antes incluso de comenzar tu visita, te sugiero aprovechar de la terraza panor\u00e1mica del museo. Aqu\u00ed tendr\u00e1s a disposici\u00f3n un espacio exterior que te ofrece una vista excepcional sobre el Teatro de la \u00d3pera y el centro hist\u00f3rico de Viena.<\/p>\n<\/div><\/div>\n\n\n\n<h3 class=\"wp-block-heading\"><strong>Sube a una de las torres de la Catedral de Viena<\/strong><\/h3>\n\n\n\n<figure class=\"wp-block-image size-large\"><img loading=\"lazy\" decoding=\"async\" width=\"1024\" height=\"768\" src=\"https:\/\/viennaguru.com\/wp-content\/uploads\/2024\/03\/Vista-desde-la-Torre-Norte-de-la-Catedral-de-San-Esteban-Viena-1024x768.jpg\" alt=\"Vista desde la Torre Norte de la Catedral de San Esteban, Viena\" class=\"wp-image-4194\" srcset=\"https:\/\/viennaguru.com\/wp-content\/uploads\/2024\/03\/Vista-desde-la-Torre-Norte-de-la-Catedral-de-San-Esteban-Viena-1024x768.jpg 1024w, https:\/\/viennaguru.com\/wp-content\/uploads\/2024\/03\/Vista-desde-la-Torre-Norte-de-la-Catedral-de-San-Esteban-Viena-300x225.jpg 300w, https:\/\/viennaguru.com\/wp-content\/uploads\/2024\/03\/Vista-desde-la-Torre-Norte-de-la-Catedral-de-San-Esteban-Viena-768x576.jpg 768w, https:\/\/viennaguru.com\/wp-content\/uploads\/2024\/03\/Vista-desde-la-Torre-Norte-de-la-Catedral-de-San-Esteban-Viena-1536x1152.jpg 1536w, https:\/\/viennaguru.com\/wp-content\/uploads\/2024\/03\/Vista-desde-la-Torre-Norte-de-la-Catedral-de-San-Esteban-Viena.jpg 1600w\" sizes=\"auto, (max-width: 1024px) 100vw, 1024px\" \/><\/figure>\n\n\n\n<p>\u00bfQu\u00e9 hacer en Viena en verano? La <strong>Stephansdom<\/strong>, tambi\u00e9n conocida como <strong><a href=\"https:\/\/www.getyourguide.es\/viena-l7\/viena-entradas-para-la-catedral-de-san-esteban-y-el-museo-dom-t420422\/?partner_id=KC753P7&amp;utm_medium=online_publisher&amp;cmp=viena_verano_post\" target=\"_blank\" aria-label=\"Catedral de Santo Esteban (opens in a new tab)\" rel=\"noreferrer noopener nofollow\" class=\"ek-link\">Catedral de Santo Esteban<\/a><\/strong>, es un edificio de gran importancia tanto religiosa como arquitect\u00f3nica situado en el coraz\u00f3n de la capital austriaca.<\/p>\n\n\n\n<p>En perfecto estilo g\u00f3tico, este imponente edificio se distingue por sus <strong>dos torres principales<\/strong> y por el <strong>tejado decorado con tejas de cer\u00e1mica coloreadas<\/strong> que forman patrones geom\u00e9tricos distintivos.<\/p>\n\n\n\n<p>He aqu\u00ed en detalle las dos <strong>torres de la Catedral<\/strong>:<\/p>\n\n\n\n<ul class=\"wp-block-list\">\n<li><strong>La Torre Sur<\/strong> es alta 137 metros y podr\u00e1s alcanzarla subiendo una escalera de 343 escalones. Desde su cima, disfrutar\u00e1s de una vista panor\u00e1mica que abarca varios puntos de inter\u00e9s de la ciudad, incluyendo el Hofburg, Karlplatz, el Palacio de Belvedere y el Prater.<\/li>\n\n\n\n<li><strong>La Torre Norte<\/strong>, m\u00e1s baja en comparaci\u00f3n con la Torre Sur, es renombrada porque alberga la <strong>Campana Pummerin<\/strong>, una de las campanas m\u00e1s grandes de Europa que podr\u00e1s alcanzar con un ascensor.<\/li>\n<\/ul>\n\n\n\n<p>Aqu\u00ed tienes la informaci\u00f3n para visitar la Catedral de Viena:<\/p>\n\n\n\n<ul class=\"wp-block-list\">\n<li><strong>Entradas<\/strong>: La entrada para todas las \u00e1reas cuesta 25\u20ac e incluye las 2 torres, una visita guiada a las catacumbas, el Dom Museum y la audiogu\u00eda. La entrada se puede <a href=\"https:\/\/www.getyourguide.es\/viena-l7\/viena-entradas-para-la-catedral-de-san-esteban-y-el-museo-dom-t420422\/?partner_id=KC753P7&amp;utm_medium=online_publisher&amp;cmp=viena_verano_post\" target=\"_blank\" aria-label=\" (opens in a new tab)\" rel=\"noreferrer noopener nofollow\" class=\"ek-link\"><strong>comprar online en este sitio<\/strong><\/a>.<\/li>\n\n\n\n<li><strong>Horarios<\/strong>: De lunes a s\u00e1bado de 9:00 a 11:30 y de 13:00 a 16:30. Domingos y festivos de 13:00 a 16:30.<\/li>\n\n\n\n<li><strong>D\u00f3nde se encuentra<\/strong>: Stephansplatz 3. <a href=\"https:\/\/goo.gl\/maps\/KWgBsP7Z4ySvfjLfA\" target=\"_blank\" rel=\"noopener\">Posici\u00f3n en Maps<\/a>.<\/li>\n<\/ul>\n\n\n<style>.kadence-column4159_2a72d7-42 > .kt-inside-inner-col{padding-top:var(--global-kb-spacing-xs, 1rem);padding-right:var(--global-kb-spacing-xs, 1rem);padding-bottom:var(--global-kb-spacing-xs, 1rem);padding-left:var(--global-kb-spacing-xs, 1rem);}.kadence-column4159_2a72d7-42 > .kt-inside-inner-col,.kadence-column4159_2a72d7-42 > .kt-inside-inner-col:before{border-top-left-radius:0px;border-top-right-radius:0px;border-bottom-right-radius:0px;border-bottom-left-radius:0px;}.kadence-column4159_2a72d7-42 > .kt-inside-inner-col{column-gap:var(--global-kb-gap-sm, 1rem);}.kadence-column4159_2a72d7-42 > .kt-inside-inner-col{flex-direction:column;}.kadence-column4159_2a72d7-42 > .kt-inside-inner-col > .aligncenter{width:100%;}.kadence-column4159_2a72d7-42 > .kt-inside-inner-col{background-color:#e7ffd8;}.kadence-column4159_2a72d7-42 > .kt-inside-inner-col:before{opacity:0.3;}.kadence-column4159_2a72d7-42{position:relative;}.kadence-column4159_2a72d7-42, .kt-inside-inner-col > .kadence-column4159_2a72d7-42:not(.specificity){margin-top:var(--global-kb-spacing-xs, 1rem);margin-bottom:var(--global-kb-spacing-xs, 1rem);}@media all and (max-width: 1024px){.kadence-column4159_2a72d7-42 > .kt-inside-inner-col{flex-direction:column;justify-content:center;}}@media all and (max-width: 767px){.kadence-column4159_2a72d7-42 > .kt-inside-inner-col{flex-direction:column;justify-content:center;}}<\/style>\n<div class=\"wp-block-kadence-column kadence-column4159_2a72d7-42 kb-section-dir-vertical\"><div class=\"kt-inside-inner-col\">\n<p><strong>Curiosidad<\/strong>: la Catedral de Viena est\u00e1 vinculada a la familia Mozart, de hecho, ha albergado eventos cruciales relacionados con la vida del c\u00e9lebre compositor, como su matrimonio y su funeral.<\/p>\n<\/div><\/div>\n\n\n\n<h3 class=\"wp-block-heading\"><strong>Disfruta las delicias del Naschmarkt<\/strong><\/h3>\n\n\n\n<p>\u00bfQu\u00e9 hacer en Viena en verano? \u00a1Visita el <strong>Naschmarkt<\/strong>!<\/p>\n\n\n\n<p>Se trata del <strong>mercado m\u00e1s grande y conocido de la ciudad<\/strong>, fundado en 1770, y desde entonces ha evolucionado de un simple mercado de leche a un centro neur\u00e1lgico de la vida ciudadana, donde los vieneses y turistas se mezclan entre los puestos de comida, restaurantes y caf\u00e9s.<\/p>\n\n\n\n<p>En el Naschmarkt encontrar\u00e1s una gran variedad de productos:<\/p>\n\n\n\n<ul class=\"wp-block-list\">\n<li><strong>Fruta ex\u00f3tica, aceitunas y alimentos provenientes de diferentes partes del mundo.<\/strong><\/li>\n\n\n\n<li><strong>Cocina local austriaca y especialidades internacionales.<\/strong><\/li>\n\n\n\n<li><strong>Una amplia selecci\u00f3n de quesos locales e internacionales.<\/strong><\/li>\n<\/ul>\n\n\n\n<p>Pasar una noche en el Naschmarkt significa descubrir sabores y aromas de productos provenientes de cada parte del mundo.<\/p>\n\n\n\n<h3 class=\"wp-block-heading\"><strong>Haz un recorrido tur\u00edstico de la Ringstrasse<\/strong><\/h3>\n\n\n\n<figure class=\"wp-block-image size-large\"><img loading=\"lazy\" decoding=\"async\" width=\"1024\" height=\"768\" src=\"https:\/\/viennaguru.com\/wp-content\/uploads\/2024\/03\/Tour-panoramico-de-Ringstrasse-1024x768.jpg\" alt=\"Tour panora\u0301mico de Ringstrasse\" class=\"wp-image-4182\" srcset=\"https:\/\/viennaguru.com\/wp-content\/uploads\/2024\/03\/Tour-panoramico-de-Ringstrasse-1024x768.jpg 1024w, https:\/\/viennaguru.com\/wp-content\/uploads\/2024\/03\/Tour-panoramico-de-Ringstrasse-300x225.jpg 300w, https:\/\/viennaguru.com\/wp-content\/uploads\/2024\/03\/Tour-panoramico-de-Ringstrasse-768x576.jpg 768w, https:\/\/viennaguru.com\/wp-content\/uploads\/2024\/03\/Tour-panoramico-de-Ringstrasse-1536x1152.jpg 1536w, https:\/\/viennaguru.com\/wp-content\/uploads\/2024\/03\/Tour-panoramico-de-Ringstrasse.jpg 1600w\" sizes=\"auto, (max-width: 1024px) 100vw, 1024px\" \/><\/figure>\n\n\n\n<p>\u00bfQu\u00e9 m\u00e1s hacer en Viena en verano? Ahora te propongo una de las actividades m\u00e1s t\u00edpicas para hacer en la capital austriaca.<\/p>\n\n\n\n<p>Te sugiero caminar a lo largo de la <strong>Ringstrasse<\/strong>, una importante arteria circular que rodea el centro hist\u00f3rico de Viena, compuesta por diferentes calles que incluyen la palabra \u00abring\u00bb en sus nombres, tales como: Stubenring, Parkring, Schubertring, K\u00e4rntner Ring, Opernring, Burgring, Dr. Karl-Renner-Ring, Dr. Karl-Lueger-Ring y Schottenring.<\/p>\n\n\n\n<p>Durante el recorrido encontrar\u00e1s algunos de los monumentos m\u00e1s representativos de Viena, incluyendo: el Palacio Real Hofburg, la \u00d3pera Estatal, el Parlamento, el Burgtheater, la Iglesia Votiva, la Universidad, y los museos de Historia del Arte y de Historia Natural.<\/p>\n\n\n<style>.kadence-column4159_18c921-f6 > .kt-inside-inner-col{padding-top:var(--global-kb-spacing-xs, 1rem);padding-right:var(--global-kb-spacing-xs, 1rem);padding-bottom:var(--global-kb-spacing-xs, 1rem);padding-left:var(--global-kb-spacing-xs, 1rem);}.kadence-column4159_18c921-f6 > .kt-inside-inner-col,.kadence-column4159_18c921-f6 > .kt-inside-inner-col:before{border-top-left-radius:0px;border-top-right-radius:0px;border-bottom-right-radius:0px;border-bottom-left-radius:0px;}.kadence-column4159_18c921-f6 > .kt-inside-inner-col{column-gap:var(--global-kb-gap-sm, 1rem);}.kadence-column4159_18c921-f6 > .kt-inside-inner-col{flex-direction:column;}.kadence-column4159_18c921-f6 > .kt-inside-inner-col > .aligncenter{width:100%;}.kadence-column4159_18c921-f6 > .kt-inside-inner-col{background-color:#e7ffd8;}.kadence-column4159_18c921-f6 > .kt-inside-inner-col:before{opacity:0.3;}.kadence-column4159_18c921-f6{position:relative;}.kadence-column4159_18c921-f6, .kt-inside-inner-col > .kadence-column4159_18c921-f6:not(.specificity){margin-top:var(--global-kb-spacing-xs, 1rem);margin-bottom:var(--global-kb-spacing-xs, 1rem);}@media all and (max-width: 1024px){.kadence-column4159_18c921-f6 > .kt-inside-inner-col{flex-direction:column;justify-content:center;}}@media all and (max-width: 767px){.kadence-column4159_18c921-f6 > .kt-inside-inner-col{flex-direction:column;justify-content:center;}}<\/style>\n<div class=\"wp-block-kadence-column kadence-column4159_18c921-f6 kb-section-dir-vertical\"><div class=\"kt-inside-inner-col\">\n<p><strong>Consejo del Guru<\/strong>: para explorar la Ringstrasse, te sugiero un tour en tranv\u00eda, en particular a bordo de los tranv\u00edas n\u00fameros 1 y 2 que recorren el anillo completo, as\u00ed podr\u00e1s disfrutar de una vista panor\u00e1mica sobre los edificios y monumentos que caracterizan esta v\u00eda.<\/p>\n<\/div><\/div>\n\n\n\n<h3 class=\"wp-block-heading\"><strong>Disfruta de los mejores eventos en Viena en verano<\/strong><\/h3>\n\n\n\n<p>En esta breve secci\u00f3n te describo <strong>algunos de los eventos m\u00e1s interesantes<\/strong> a los que podr\u00e1s participar en Viena en verano.<\/p>\n\n\n\n<ul class=\"wp-block-list\">\n<li><strong>Vienna Jazz Festival<\/strong>: El <strong>Jazzfest Wien<\/strong> es un conocido festival de jazz europeo que se celebra anualmente en Viena desde mediados de junio hasta julio. Presenta artistas internacionales de jazz, soul y blues. Para m\u00e1s detalles, consulta el sitio oficial: (<a href=\"http:\/\/www.jazzfest.wien\/es\/\" target=\"_blank\" aria-label=\" (opens in a new tab)\" rel=\"noreferrer noopener\" class=\"ek-link\">http:\/\/www.jazzfest.wien\/es\/<\/a>).<\/li>\n\n\n\n<li><strong>Vienna Gay Pride<\/strong>: se celebra en junio y celebra la diversidad, la inclusi\u00f3n y la comunidad LGBTIQ+. Las celebraciones culminan con la <strong>Parada del Arco\u00edris<\/strong> y el <strong>Pride Village<\/strong>. Para m\u00e1s informaci\u00f3n, visita aqu\u00ed.<\/li>\n\n\n\n<li><strong>Donauinselfest<\/strong>: se trata del mayor festival musical gratuito de Europa, que tiene lugar en la Isla del Danubio. El evento de tres d\u00edas se celebra en junio y ofrece m\u00fasica, entretenimiento y actividades para todas las edades, con m\u00e1s de 200 artistas y millones de visitantes. La isla se divide en \u00e1reas tem\u00e1ticas con escenarios, restaurantes y espacios para ni\u00f1os. La entrada es gratuita. M\u00e1s detalles en la <a href=\"https:\/\/donauinselfest.at\/\" target=\"_blank\" aria-label=\" (opens in a new tab)\" rel=\"noreferrer noopener\" class=\"ek-link\">web oficial<\/a>.<\/li>\n\n\n\n<li><strong>Wiener Bierfest<\/strong>: un evento anual que tiene lugar en junio, enteramente dedicado al mundo de la cerveza. Este festival te permitir\u00e1 degustar una amplia selecci\u00f3n de cervezas de unas 40 cervecer\u00edas, tanto austriacas como internacionales. La entrada es gratuita y pagas solo por lo que consumes. Para m\u00e1s informaci\u00f3n, visita la <a href=\"https:\/\/www.wienerbierfest.at\/\" target=\"_blank\" aria-label=\" (opens in a new tab)\" rel=\"noreferrer noopener\" class=\"ek-link\">web oficial<\/a>.<\/li>\n\n\n\n<li><strong>G\u00fcrtel Nightwalk Festival<\/strong>: para los amantes de los festivales. Se trata de un evento que tiene lugar en la zona de G\u00fcrtel, famosa por su vida nocturna. El festival comienza el \u00faltimo s\u00e1bado de agosto, transformando las calles alrededor de la estaci\u00f3n de Josefst\u00e4dter Stra\u00dfe, en un mega festival al aire libre con m\u00fasica electr\u00f3nica, dj de fama mundial y vida nocturna hasta las primeras luces del amanecer.<\/li>\n<\/ul>\n\n\n\n<h3 class=\"wp-block-heading\"><strong>Asiste a un espect\u00e1culo en el Musikverein<\/strong><\/h3>\n\n\n\n<figure class=\"wp-block-image size-large\"><img loading=\"lazy\" decoding=\"async\" width=\"1024\" height=\"768\" src=\"https:\/\/viennaguru.com\/wp-content\/uploads\/2024\/03\/Musikverein-en-Viena-en-verano-1024x768.jpg\" alt=\"Musikverein, en Viena en verano\" class=\"wp-image-4170\" srcset=\"https:\/\/viennaguru.com\/wp-content\/uploads\/2024\/03\/Musikverein-en-Viena-en-verano-1024x768.jpg 1024w, https:\/\/viennaguru.com\/wp-content\/uploads\/2024\/03\/Musikverein-en-Viena-en-verano-300x225.jpg 300w, https:\/\/viennaguru.com\/wp-content\/uploads\/2024\/03\/Musikverein-en-Viena-en-verano-768x576.jpg 768w, https:\/\/viennaguru.com\/wp-content\/uploads\/2024\/03\/Musikverein-en-Viena-en-verano-1536x1152.jpg 1536w, https:\/\/viennaguru.com\/wp-content\/uploads\/2024\/03\/Musikverein-en-Viena-en-verano.jpg 1600w\" sizes=\"auto, (max-width: 1024px) 100vw, 1024px\" \/><\/figure>\n\n\n\n<p>Otra cosa que hacer absolutamente en Viena en verano es participar en un <strong>concierto de m\u00fasica cl\u00e1sica.<\/strong><\/p>\n\n\n\n<p>Viena es conocida como la <strong>capital mundial de la m\u00fasica cl\u00e1sica<\/strong>, gracias a una historia que ha visto la ciudad en el centro de la vida y obra de algunos de los m\u00e1s grandes compositores de todos los tiempos, incluyendo: Mozart, Beethoven, Schubert, Strauss (padre e hijo), Haydn y Mahler.<\/p>\n\n\n\n<p>Uno de los lugares m\u00e1s emblem\u00e1ticos donde podr\u00e1s descubrir en primera persona esta rica herencia musical es sin duda el <strong>Musikverein<\/strong> con su maravillosa <strong>Sala Dorada<\/strong>, considerada una de las mejores salas de conciertos del mundo. Esta sala ha albergado premieres de obras inolvidables dentro de la cual se presenta la <strong>Orquesta Filarm\u00f3nica de Viena<\/strong>.<\/p>\n\n\n<style>.kadence-column4159_907248-ae > .kt-inside-inner-col{padding-top:var(--global-kb-spacing-xs, 1rem);padding-right:var(--global-kb-spacing-xs, 1rem);padding-bottom:var(--global-kb-spacing-xs, 1rem);padding-left:var(--global-kb-spacing-xs, 1rem);}.kadence-column4159_907248-ae > .kt-inside-inner-col,.kadence-column4159_907248-ae > .kt-inside-inner-col:before{border-top-left-radius:0px;border-top-right-radius:0px;border-bottom-right-radius:0px;border-bottom-left-radius:0px;}.kadence-column4159_907248-ae > .kt-inside-inner-col{column-gap:var(--global-kb-gap-sm, 1rem);}.kadence-column4159_907248-ae > .kt-inside-inner-col{flex-direction:column;}.kadence-column4159_907248-ae > .kt-inside-inner-col > .aligncenter{width:100%;}.kadence-column4159_907248-ae > .kt-inside-inner-col{background-color:#e7ffd8;}.kadence-column4159_907248-ae > .kt-inside-inner-col:before{opacity:0.3;}.kadence-column4159_907248-ae{position:relative;}.kadence-column4159_907248-ae, .kt-inside-inner-col > .kadence-column4159_907248-ae:not(.specificity){margin-top:var(--global-kb-spacing-xs, 1rem);margin-bottom:var(--global-kb-spacing-xs, 1rem);}@media all and (max-width: 1024px){.kadence-column4159_907248-ae > .kt-inside-inner-col{flex-direction:column;justify-content:center;}}@media all and (max-width: 767px){.kadence-column4159_907248-ae > .kt-inside-inner-col{flex-direction:column;justify-content:center;}}<\/style>\n<div class=\"wp-block-kadence-column kadence-column4159_907248-ae kb-section-dir-vertical\"><div class=\"kt-inside-inner-col\">\n<p><strong>Consejo del Guru<\/strong>: una experiencia que te recomiendo hacer es la de <strong><a aria-label=\"asistir a un concierto de Mozart (opens in a new tab)\" href=\"https:\/\/www.getyourguide.es\/viena-l7\/concierto-de-mozart-en-el-golden-hall-de-viena-t613\/?partner_id=KC753P7&amp;utm_medium=online_publisher&amp;cmp=viena_verano_post\" target=\"_blank\" rel=\"noreferrer noopener nofollow\" class=\"ek-link\">asistir a un concierto de Mozart<\/a><\/strong>, ejecutado justamente por la Orquesta Mozart que para la ocasi\u00f3n, viste trajes de \u00e9poca, creando esa atm\u00f3sfera que te lleva atr\u00e1s en el tiempo (<strong><a aria-label=\"entradas aqui (opens in a new tab)\" href=\"https:\/\/www.getyourguide.es\/viena-l7\/concierto-de-mozart-en-el-golden-hall-de-viena-t613\/?partner_id=KC753P7&amp;utm_medium=online_publisher&amp;cmp=viena_verano_post\" target=\"_blank\" rel=\"noreferrer noopener nofollow\" class=\"ek-link\">entradas aqui<\/a><\/strong>).<\/p>\n<\/div><\/div>\n\n\n\n<h3 class=\"wp-block-heading\"><strong>Prueba los platos y postres t\u00edpicos de Viena<\/strong><\/h3>\n\n\n\n<figure class=\"wp-block-image size-large\"><img loading=\"lazy\" decoding=\"async\" width=\"1024\" height=\"768\" src=\"https:\/\/viennaguru.com\/wp-content\/uploads\/2024\/03\/Sachertorte-dulce-tipico-de-Viena-1024x768.jpg\" alt=\"Sachertorte, dulce ti\u0301pico de Viena\" class=\"wp-image-4176\" srcset=\"https:\/\/viennaguru.com\/wp-content\/uploads\/2024\/03\/Sachertorte-dulce-tipico-de-Viena-1024x768.jpg 1024w, https:\/\/viennaguru.com\/wp-content\/uploads\/2024\/03\/Sachertorte-dulce-tipico-de-Viena-300x225.jpg 300w, https:\/\/viennaguru.com\/wp-content\/uploads\/2024\/03\/Sachertorte-dulce-tipico-de-Viena-768x576.jpg 768w, https:\/\/viennaguru.com\/wp-content\/uploads\/2024\/03\/Sachertorte-dulce-tipico-de-Viena-1536x1152.jpg 1536w, https:\/\/viennaguru.com\/wp-content\/uploads\/2024\/03\/Sachertorte-dulce-tipico-de-Viena.jpg 1600w\" sizes=\"auto, (max-width: 1024px) 100vw, 1024px\" \/><\/figure>\n\n\n\n<p>La <strong>cocina vienesa<\/strong> se caracteriza por una serie de platos y postres tradicionales que reflejan la rica historia culinaria de la ciudad y las influencias de las diversas regiones del antiguo Imperio Austro-H\u00fangaro.<\/p>\n\n\n\n<p>Si visitas Viena, te recomiendo probar estas especialidades para comprender de cerca la cultura del lugar.<\/p>\n\n\n\n<p>A continuaci\u00f3n, te presento una selecci\u00f3n de <strong>platos y postres t\u00edpicos vieneses<\/strong> que personalmente he disfrutado y que te recomiendo probar:<\/p>\n\n\n\n<ol class=\"wp-block-list\">\n<li><strong>Wiener Schnitzel<\/strong>: este plato es uno de los m\u00e1s emblem\u00e1ticos de la cocina austriaca y consiste en una chuleta de ternera empanizada y frita que generalmente se acompa\u00f1a de una ensalada de patatas o lechuga y una rodaja de lim\u00f3n.<\/li>\n\n\n\n<li><strong>Sachertorte<\/strong>: es probable que ya conozcas este pastel, muy extendido en nuestro pa\u00eds. Se trata de un postre de chocolate relleno de mermelada de albaricoque y cubierto con un glaseado de chocolate negro.<\/li>\n\n\n\n<li><strong>Apfelstrudel<\/strong>: es un strudel de manzanas preparado con masa de hojaldre rellena de manzanas, pasas, az\u00facar, canela y pan rallado que generalmente se sirve caliente y acompa\u00f1ado de crema batida o helado de vainilla.<\/li>\n\n\n\n<li><strong>Tafelspitz<\/strong>: es un plato a base de carne de res hervida, servido con diversas salsas y guarniciones como la ensalada de patatas y espinacas en mantequilla.<\/li>\n\n\n\n<li><strong>Erd\u00e4pfelsalat<\/strong>: es una ensalada de patatas t\u00edpica austriaca, ali\u00f1ada con caldo, vinagre y aceite, a veces enriquecida con cebollas y hierbas.<\/li>\n<\/ol>\n\n\n\n<h3 class=\"wp-block-heading\"><strong>Ahorra en verano gracias al Vienna Pass<\/strong><\/h3>\n\n\n\n<figure class=\"wp-block-image size-large\"><img loading=\"lazy\" decoding=\"async\" width=\"1024\" height=\"768\" src=\"https:\/\/viennaguru.com\/wp-content\/uploads\/2024\/03\/Usar-el-pase-de-Viena-para-ahorrar-1024x768.jpg\" alt=\"Usar el pase de Viena para ahorrar\" class=\"wp-image-4185\" srcset=\"https:\/\/viennaguru.com\/wp-content\/uploads\/2024\/03\/Usar-el-pase-de-Viena-para-ahorrar-1024x768.jpg 1024w, https:\/\/viennaguru.com\/wp-content\/uploads\/2024\/03\/Usar-el-pase-de-Viena-para-ahorrar-300x225.jpg 300w, https:\/\/viennaguru.com\/wp-content\/uploads\/2024\/03\/Usar-el-pase-de-Viena-para-ahorrar-768x576.jpg 768w, https:\/\/viennaguru.com\/wp-content\/uploads\/2024\/03\/Usar-el-pase-de-Viena-para-ahorrar-1536x1152.jpg 1536w, https:\/\/viennaguru.com\/wp-content\/uploads\/2024\/03\/Usar-el-pase-de-Viena-para-ahorrar.jpg 1600w\" sizes=\"auto, (max-width: 1024px) 100vw, 1024px\" \/><\/figure>\n\n\n\n<p>Como has visto, hay muchas cosas que hacer y ver en Viena. Sin embargo, tambi\u00e9n debo admitir que las diversas visitas a museos y monumentos principales son todo menos econ\u00f3micas.<\/p>\n\n\n\n<p>Por esto, he decidido incluir <strong>esta secci\u00f3n sobre c\u00f3mo ahorrar<\/strong>.<\/p>\n\n\n\n<p>Si tienes la intenci\u00f3n de visitar al menos 3-4 atracciones, la mejor manera de ahorrar tanto tiempo como dinero es obtener el <strong><a href=\"https:\/\/www.getyourguide.es\/viena-l7\/vienna-pass-2-3-o-6-dias-de-turismo-t50028\/?partner_id=KC753P7&amp;utm_medium=online_publisher&amp;cmp=viena_verano_post\" target=\"_blank\" aria-label=\"Viena Pass (opens in a new tab)\" rel=\"noreferrer noopener nofollow\" class=\"ek-link\">Viena Pass<\/a><\/strong>.<\/p>\n\n\n\n<p>\u00bfQu\u00e9 es?<\/p>\n\n\n\n<p>Es una <strong>tarjeta tur\u00edstica \u00abtodo incluido\u00bb<\/strong> que incluye:<\/p>\n\n\n\n<ul class=\"wp-block-list\">\n<li><strong>Entrada gratuita<\/strong> en casi todas las <strong>atracciones<\/strong> de la ciudad.<\/li>\n\n\n\n<li><strong>Entrada sin colas<\/strong>, lo que te permitir\u00e1 ahorrar mucho tiempo, evitando largas filas en la entrada.<\/li>\n\n\n\n<li>Uso gratuito de los <strong>autobuses tur\u00edsticos hop-on hop-off<\/strong>.<\/li>\n\n\n\n<li><strong>Descuentos<\/strong> en muchas <strong>tiendas<\/strong> y restaurantes asociados.<\/li>\n<\/ul>\n\n\n\n<p>El pase est\u00e1 disponible en varios formatos, que van de 1 a 6 d\u00edas.<\/p>\n\n\n\n<p>\u00bfD\u00f3nde conseguir el Viena Pass? <strong>Lo puedes comprar <a aria-label=\"online en esta p\u00e1gina web (opens in a new tab)\" href=\"https:\/\/www.getyourguide.es\/viena-l7\/vienna-pass-2-3-o-6-dias-de-turismo-t50028\/?partner_id=KC753P7&amp;utm_medium=online_publisher&amp;cmp=viena_verano_post\" target=\"_blank\" rel=\"noreferrer noopener nofollow\" class=\"ek-link\">online en esta p\u00e1gina web<\/a><\/strong> (se activa solo despu\u00e9s del primer uso en Viena).<\/p>\n\n\n\n<h2 class=\"wp-block-heading\"><strong>Qu\u00e9 hacer en Viena en verano con ni\u00f1os<\/strong><\/h2>\n\n\n\n<h3 class=\"wp-block-heading\"><strong>Haus der Musik<\/strong><\/h3>\n\n\n\n<p>\u00bfEst\u00e1s pensando en visitar <strong>Viena en verano con ni\u00f1os<\/strong>? Aqu\u00ed una de las actividades m\u00e1s interesantes.<\/p>\n\n\n\n<p>Te sugiero visitar la <strong>Haus der Musik<\/strong>, un museo interactivo dedicado al mundo de la m\u00fasica y su historia, ubicado en el coraz\u00f3n de Viena. Esta es una atracci\u00f3n \u00fanica en su tipo que se desarrolla en cuatro pisos, cada uno de los cuales est\u00e1 dedicado a diferentes aspectos y figuras de la m\u00fasica, desde la f\u00edsica del sonido hasta los grandes compositores cl\u00e1sicos.<\/p>\n\n\n\n<p>Durante tu visita, aqu\u00ed est\u00e1n las principales \u00e1reas que podr\u00e1s explorar:<\/p>\n\n\n\n<ul class=\"wp-block-list\">\n<li><strong>Museo de la Filarm\u00f3nica de Viena (1er Piso)<\/strong>: esta \u00e1rea est\u00e1 dedicada a la historia y trabajos de la Wiener Philharmoniker, una de las orquestas filarm\u00f3nicas m\u00e1s conocidas y prestigiosas del mundo. Dentro del museo encontrar\u00e1s una instalaci\u00f3n especial, el Waltz-Dice-Game, a trav\u00e9s del cual podr\u00e1s divertirte componiendo tu propio vals.<\/li>\n\n\n\n<li><strong>Sonotopia (2do Piso)<\/strong>: el segundo piso te introduce al mundo de los fen\u00f3menos sonoros, experimentando de primera mano c\u00f3mo se produce y se percibe el sonido.<\/li>\n\n\n\n<li><strong>Los Grandes Compositores (3er Piso)<\/strong>: este piso rinde homenaje a los maestros de la m\u00fasica cl\u00e1sica, como Haydn, Mozart, Beethoven, Schubert, Strauss y Mahler, a quienes podr\u00e1s descubrir de cerca a trav\u00e9s de documentos hist\u00f3ricos, objetos personales y instalaciones especiales.<\/li>\n\n\n\n<li><strong>El Director Virtual (4to Piso)<\/strong>: en el cuarto piso, gracias a una simulaci\u00f3n interactiva, podr\u00e1s experimentar la magn\u00edfica experiencia de dirigir la Orquesta Filarm\u00f3nica de Viena.<\/li>\n<\/ul>\n\n\n\n<p>Aqu\u00ed tienes toda la informaci\u00f3n pr\u00e1ctica para visitar Haus der Musik:<\/p>\n\n\n\n<ul class=\"wp-block-list\">\n<li><strong>Entradas<\/strong>: La entrada cuesta 17\u20ac para adultos, 13\u20ac para j\u00f3venes de 12 a 17 a\u00f1os y 7\u20ac para ni\u00f1os de 3 a 11 a\u00f1os. La entrada se puede <a href=\"https:\/\/www.getyourguide.es\/viena-l7\/visita-al-museo-del-sonido-haus-der-musik-casa-de-la-musica-t707\/?partner_id=KC753P7&amp;utm_medium=online_publisher&amp;cmp=viena_verano_post\" target=\"_blank\" aria-label=\" (opens in a new tab)\" rel=\"noreferrer noopener nofollow\" class=\"ek-link\"><strong>comprar online en este sitio<\/strong><\/a>.<\/li>\n\n\n\n<li><strong>Horarios<\/strong>: Todos los d\u00edas de 10:00 a 22:00.<\/li>\n\n\n\n<li><strong>D\u00f3nde se encuentra<\/strong>: Seilerst\u00e4tte 30. <a href=\"https:\/\/goo.gl\/maps\/HBjsh6JPBKwAoLFCA\" target=\"_blank\" rel=\"noopener\">Posici\u00f3n en Maps<\/a>.<\/li>\n<\/ul>\n\n\n\n<h3 class=\"wp-block-heading\"><strong>Museo de Historia Natural de Viena<\/strong><\/h3>\n\n\n\n<p>El <strong>Museo de Historia Natural de Viena<\/strong>, tambi\u00e9n conocido como <strong>Naturhistorisches Museum<\/strong>, es una de las instituciones m\u00e1s prestigiosas y amplias en su tipo a nivel mundial. Abierto en 1889, exhibe la imponente colecci\u00f3n de los Habsburgo, recopilada a lo largo de los siglos.<\/p>\n\n\n\n<p>Visitando el museo tendr\u00e1s la oportunidad de explorar m\u00e1s de 20 millones de objetos que documentan la diversidad de la vida en la Tierra y su historia.<\/p>\n\n\n\n<p>Las colecciones se encuentran en dos pisos principales:<\/p>\n\n\n\n<ul class=\"wp-block-list\">\n<li><strong>En la planta baja<\/strong> encontrar\u00e1s una de las colecciones de minerales y piedras preciosas m\u00e1s importantes de Europa, junto a hallazgos que ilustran el desarrollo de la humanidad en el paleol\u00edtico y esculturas prehist\u00f3ricas de notable valor.<\/li>\n\n\n\n<li><strong>En el primer piso<\/strong> se presenta una impresionante colecci\u00f3n de espec\u00edmenes zool\u00f3gicos, incluidos algunos animales extintos.<\/li>\n<\/ul>\n\n\n\n<p>Aqu\u00ed tienes la informaci\u00f3n pr\u00e1ctica para visitar el museo:<\/p>\n\n\n\n<ul class=\"wp-block-list\">\n<li><strong>Entradas:<\/strong> Adultos \u20ac18, gratis para ni\u00f1os y adolescentes menores de 19 a\u00f1os.<\/li>\n\n\n\n<li><strong>Horarios:<\/strong> Abierto de mi\u00e9rcoles a lunes, de 9:00 a 18:00; los mi\u00e9rcoles hasta las 20:00.<\/li>\n\n\n\n<li><strong>D\u00f3nde se encuentra:<\/strong> Maria-Theresien-Platz.<\/li>\n<\/ul>\n\n\n<style>.kadence-column4159_2c454d-e9 > .kt-inside-inner-col{padding-top:var(--global-kb-spacing-xs, 1rem);padding-right:var(--global-kb-spacing-xs, 1rem);padding-bottom:var(--global-kb-spacing-xs, 1rem);padding-left:var(--global-kb-spacing-xs, 1rem);}.kadence-column4159_2c454d-e9 > .kt-inside-inner-col,.kadence-column4159_2c454d-e9 > .kt-inside-inner-col:before{border-top-left-radius:0px;border-top-right-radius:0px;border-bottom-right-radius:0px;border-bottom-left-radius:0px;}.kadence-column4159_2c454d-e9 > .kt-inside-inner-col{column-gap:var(--global-kb-gap-sm, 1rem);}.kadence-column4159_2c454d-e9 > .kt-inside-inner-col{flex-direction:column;}.kadence-column4159_2c454d-e9 > .kt-inside-inner-col > .aligncenter{width:100%;}.kadence-column4159_2c454d-e9 > .kt-inside-inner-col{background-color:var(--global-palette8, #F7FAFC);}.kadence-column4159_2c454d-e9 > .kt-inside-inner-col:before{opacity:0.3;}.kadence-column4159_2c454d-e9{position:relative;}.kadence-column4159_2c454d-e9, .kt-inside-inner-col > .kadence-column4159_2c454d-e9:not(.specificity){margin-top:var(--global-kb-spacing-xs, 1rem);margin-bottom:var(--global-kb-spacing-xs, 1rem);}@media all and (max-width: 1024px){.kadence-column4159_2c454d-e9 > .kt-inside-inner-col{flex-direction:column;justify-content:center;}}@media all and (max-width: 767px){.kadence-column4159_2c454d-e9 > .kt-inside-inner-col{flex-direction:column;justify-content:center;}}<\/style>\n<div class=\"wp-block-kadence-column kadence-column4159_2c454d-e9 kb-section-dir-vertical\"><div class=\"kt-inside-inner-col\">\n<p><strong>Curiosidad<\/strong>: entre los objetos m\u00e1s significativos expuestos en el museo se encuentra definitivamente la <strong>Venus de Willendorf<\/strong>, una peque\u00f1a estatuilla femenina que data de hace aproximadamente 29.500 a\u00f1os, y la <strong>Sala de Meteoritos<\/strong>, que alberga la colecci\u00f3n de meteoritos m\u00e1s grande y antigua del mundo.<\/p>\n<\/div><\/div>\n\n\n\n<h3 class=\"wp-block-heading\"><strong>Lleva a los ni\u00f1os al Zoo de Sch\u00f6nbrunn<\/strong><\/h3>\n\n\n\n<p>El <strong><a href=\"https:\/\/www.getyourguide.es\/viena-l7\/entradas-al-zoologico-de-schonbrunn-viena-t7525\/?partner_id=KC753P7&amp;utm_medium=online_publisher&amp;cmp=viena_verano_post\" target=\"_blank\" aria-label=\"Zoo de Sch\u00f6nbrunn (opens in a new tab)\" rel=\"noreferrer noopener nofollow\" class=\"ek-link\">Zoo de Sch\u00f6nbrunn<\/a><\/strong>, ubicado dentro del parque del Palacio de Sch\u00f6nbrunn en Viena, es el <strong>jard\u00edn zool\u00f3gico m\u00e1s antiguo del mundo<\/strong> a\u00fan en funcionamiento, habiendo sido fundado en 1752. Dentro de este zool\u00f3gico hist\u00f3rico encontrar\u00e1s m\u00e1s de 700 especies de animales, colocadas dentro de ambientes que recrean fielmente su h\u00e1bitat natural.<\/p>\n\n\n\n<p>Aqu\u00ed podr\u00e1s tener encuentros cercanos con diversas variedades de especies animales, incluyendo:<\/p>\n\n\n\n<ul class=\"wp-block-list\">\n<li><strong>Pandas gigantes<\/strong>: el zoo es uno de los pocos lugares del mundo donde podr\u00e1s admirar estos raros y fascinantes mam\u00edferos.<\/li>\n\n\n\n<li><strong>Tigres siberianos y orangutanes<\/strong>: a trav\u00e9s de los cristales de las estructuras especiales tendr\u00e1s la oportunidad de observar de cerca estos majestuosos animales.<\/li>\n\n\n\n<li><strong>Elefantes africanos y jirafas<\/strong>: gracias a una zona dedicada especial, podr\u00e1s apreciar de cerca la majestuosidad de estos grandes mam\u00edferos.<\/li>\n\n\n\n<li><strong>La casa de las jirafas<\/strong>: desde aqu\u00ed podr\u00e1s admirar la gran belleza de estos imponentes animales.<\/li>\n\n\n\n<li><strong>La selva tropical<\/strong>: esta zona recrea el ambiente h\u00famedo y exuberante t\u00edpico de las selvas tropicales, con flora y fauna ad hoc.<\/li>\n<\/ul>\n\n\n\n<p>Aqu\u00ed tienes toda la informaci\u00f3n para visitar el zool\u00f3gico:<\/p>\n\n\n\n<ul class=\"wp-block-list\">\n<li><strong>Entradas<\/strong>: Los boletos cuestan 27\u20ac para adultos, 15,50\u20ac para ni\u00f1os y j\u00f3venes de 6 a 18 a\u00f1os, y 0\u20ac para menores de 6 a\u00f1os. <a href=\"https:\/\/www.getyourguide.es\/viena-l7\/entradas-al-zoologico-de-schonbrunn-viena-t7525\/?partner_id=KC753P7&amp;utm_medium=online_publisher&amp;cmp=viena_verano_post\" target=\"_blank\" aria-label=\" (opens in a new tab)\" rel=\"noreferrer noopener nofollow\" class=\"ek-link\"><strong>Aqu\u00ed puedes encontrar las entradas<\/strong><\/a>.<\/li>\n\n\n\n<li><strong>Horarios<\/strong>: De abril a septiembre de 9:00 a 18:30. De octubre a marzo de 9:00 a 17:30.<\/li>\n\n\n\n<li><strong>Ubicaci\u00f3n<\/strong>: Dentro del parque de Sch\u00f6nbrunn.<\/li>\n<\/ul>\n\n\n\n<h2 class=\"wp-block-heading\"><strong>\u00bfC\u00f3mo es Viena en verano? Temperaturas y clima<\/strong><\/h2>\n\n\n\n<figure class=\"wp-block-image size-large\"><img loading=\"lazy\" decoding=\"async\" width=\"1024\" height=\"768\" src=\"https:\/\/viennaguru.com\/wp-content\/uploads\/2024\/03\/Clima-y-temperaturas-en-Viena-en-verano-1024x768.jpg\" alt=\"Clima y temperaturas en Viena en verano\" class=\"wp-image-4164\" srcset=\"https:\/\/viennaguru.com\/wp-content\/uploads\/2024\/03\/Clima-y-temperaturas-en-Viena-en-verano-1024x768.jpg 1024w, https:\/\/viennaguru.com\/wp-content\/uploads\/2024\/03\/Clima-y-temperaturas-en-Viena-en-verano-300x225.jpg 300w, https:\/\/viennaguru.com\/wp-content\/uploads\/2024\/03\/Clima-y-temperaturas-en-Viena-en-verano-768x576.jpg 768w, https:\/\/viennaguru.com\/wp-content\/uploads\/2024\/03\/Clima-y-temperaturas-en-Viena-en-verano-1536x1152.jpg 1536w, https:\/\/viennaguru.com\/wp-content\/uploads\/2024\/03\/Clima-y-temperaturas-en-Viena-en-verano.jpg 1600w\" sizes=\"auto, (max-width: 1024px) 100vw, 1024px\" \/><\/figure>\n\n\n\n<p>\u00bfQu\u00e9 clima puedes esperar en verano en Viena?<\/p>\n\n\n\n<p>En ese per\u00edodo el <strong>clima es c\u00e1lido y seco<\/strong>, durante el cual la ciudad cobra vida con numerosos eventos al aire libre. \u00bfQu\u00e9 temperatura hay? Las temperaturas medias rondan los <strong>26-27\u00b0C durante el d\u00eda<\/strong>, <strong>mientras que por la noche pueden bajar a unos 16\u00b0C.<\/strong> Los meses de julio y agosto son los m\u00e1s calurosos, con temperaturas que ocasionalmente superan los 30\u00b0C.<\/p>\n\n\n\n<p>En cuanto a las precipitaciones, estas son moderadas, con un promedio mensual que oscila entre 74 mm y 83 mm en los meses de junio y julio.<\/p>\n\n\n\n<p>A pesar de alguna lluvia imprevista, puedo confirmarte que los d\u00edas de verano son predominantemente soleados, de hecho, en julio se registra el mayor n\u00famero de horas de sol, aproximadamente 263 horas, lo que te permitir\u00e1 disfrutar plenamente de los largos d\u00edas y explorar la ciudad a pie sin problemas.<\/p>\n\n\n\n<hr class=\"wp-block-separator has-alpha-channel-opacity\"\/>\n\n\n\n<p>\u00bfQuieres descubrir qu\u00e9 hacer en cada uno de los meses de verano? He escrito unas gu\u00edas detalladas, aqu\u00ed est\u00e1n:<\/p>\n\n\n\n<ul class=\"wp-block-list\">\n<li><strong><a href=\"https:\/\/viennaguru.com\/es\/viena-en-junio\/\" class=\"ek-link\">Viena en junio<\/a><\/strong><\/li>\n\n\n\n<li><strong><a href=\"https:\/\/viennaguru.com\/es\/viena-en-julio\/\" class=\"ek-link\">Viena en julio<\/a><\/strong><\/li>\n\n\n\n<li><strong><a href=\"https:\/\/viennaguru.com\/es\/viena-en-agosto\/\" class=\"ek-link\">Viena en agosto<\/a><\/strong><\/li>\n<\/ul>\n","protected":false},"excerpt":{"rendered":"<p>Descubre 10 cosas que hacer en Viena en verano, los eventos imperdibles y las actividades para ni\u00f1os. Todo escrito por alguien que ha vivido en Viena.<\/p>\n","protected":false},"author":1,"featured_media":4188,"comment_status":"open","ping_status":"open","sticky":false,"template":"","format":"standard","meta":{"_editorskit_title_hidden":false,"_editorskit_reading_time":0,"_editorskit_is_block_options_detached":false,"_editorskit_block_options_position":"{}","_kad_blocks_custom_css":"","_kad_blocks_head_custom_js":"","_kad_blocks_body_custom_js":"","_kad_blocks_footer_custom_js":"","_kadence_starter_templates_imported_post":false,"_kad_post_transparent":"","_kad_post_title":"","_kad_post_layout":"","_kad_post_sidebar_id":"","_kad_post_content_style":"","_kad_post_vertical_padding":"","_kad_post_feature":"","_kad_post_feature_position":"","_kad_post_header":false,"_kad_post_footer":false,"footnotes":""},"categories":[25,21],"tags":[],"class_list":["post-4159","post","type-post","status-publish","format-standard","has-post-thumbnail","hentry","category-meses-y-eventos","category-que-hacer"],"taxonomy_info":{"category":[{"value":25,"label":"Meses y eventos"},{"value":21,"label":"Que hacer"}]},"featured_image_src_large":["https:\/\/viennaguru.com\/wp-content\/uploads\/2024\/03\/Viena-en-verano-1024x768.jpg",1024,768,true],"author_info":{"display_name":"Alex","author_link":"https:\/\/viennaguru.com\/es\/author\/alexb89\/"},"comment_info":0,"category_info":[{"term_id":25,"name":"Meses y eventos","slug":"meses-y-eventos","term_group":0,"term_taxonomy_id":25,"taxonomy":"category","description":"","parent":21,"count":12,"filter":"raw","cat_ID":25,"category_count":12,"category_description":"","cat_name":"Meses y eventos","category_nicename":"meses-y-eventos","category_parent":21},{"term_id":21,"name":"Que hacer","slug":"que-hacer","term_group":0,"term_taxonomy_id":21,"taxonomy":"category","description":"","parent":0,"count":14,"filter":"raw","cat_ID":21,"category_count":14,"category_description":"","cat_name":"Que hacer","category_nicename":"que-hacer","category_parent":0}],"tag_info":false,"_links":{"self":[{"href":"https:\/\/viennaguru.com\/es\/wp-json\/wp\/v2\/posts\/4159","targetHints":{"allow":["GET"]}}],"collection":[{"href":"https:\/\/viennaguru.com\/es\/wp-json\/wp\/v2\/posts"}],"about":[{"href":"https:\/\/viennaguru.com\/es\/wp-json\/wp\/v2\/types\/post"}],"author":[{"embeddable":true,"href":"https:\/\/viennaguru.com\/es\/wp-json\/wp\/v2\/users\/1"}],"replies":[{"embeddable":true,"href":"https:\/\/viennaguru.com\/es\/wp-json\/wp\/v2\/comments?post=4159"}],"version-history":[{"count":14,"href":"https:\/\/viennaguru.com\/es\/wp-json\/wp\/v2\/posts\/4159\/revisions"}],"predecessor-version":[{"id":7172,"href":"https:\/\/viennaguru.com\/es\/wp-json\/wp\/v2\/posts\/4159\/revisions\/7172"}],"wp:featuredmedia":[{"embeddable":true,"href":"https:\/\/viennaguru.com\/es\/wp-json\/wp\/v2\/media\/4188"}],"wp:attachment":[{"href":"https:\/\/viennaguru.com\/es\/wp-json\/wp\/v2\/media?parent=4159"}],"wp:term":[{"taxonomy":"category","embeddable":true,"href":"https:\/\/viennaguru.com\/es\/wp-json\/wp\/v2\/categories?post=4159"},{"taxonomy":"post_tag","embeddable":true,"href":"https:\/\/viennaguru.com\/es\/wp-json\/wp\/v2\/tags?post=4159"}],"curies":[{"name":"wp","href":"https:\/\/api.w.org\/{rel}","templated":true}]}}