{"id":5878,"date":"2025-09-23T15:50:36","date_gmt":"2025-09-23T15:50:36","guid":{"rendered":"https:\/\/viennaguru.com\/cosa-vedere-a-vienna-in-4-giorni-itinerario\/"},"modified":"2025-02-06T14:45:32","modified_gmt":"2025-02-06T14:45:32","slug":"visiter-vienne-en-4-jours","status":"publish","type":"post","link":"https:\/\/viennaguru.com\/fr\/visiter-vienne-en-4-jours\/","title":{"rendered":"Visiter Vienne en 4 Jours : Que Faire, Itin\u00e9raire, et Conseils 2025"},"content":{"rendered":"\n<p><strong>Envie de visiter Vienne en 4 jours et vous vous demandez ce que vous pourriez faire ?<\/strong><\/p>\n\n\n\n<p><strong>Vous cherchez un guide complet, r\u00e9dig\u00e9 par quelqu&rsquo;un qui conna\u00eet parfaitement la ville ?<\/strong><\/p>\n\n\n\n<p>Dans cet article, que j&rsquo;ai r\u00e9dig\u00e9 apr\u00e8s avoir v\u00e9cu dans la capitale autrichienne et y \u00eatre retourn\u00e9 plusieurs fois au fil des ans, vous trouverez un itin\u00e9raire complet, d\u00e9taill\u00e9 et pratique pour vous aider \u00e0 planifier au mieux votre visite.<\/p>\n\n\n\n<p><strong>Voici ce que vous d\u00e9couvrirez dans cet article <\/strong>:<\/p>\n\n\n\n<ul class=\"wp-block-list\">\n<li><strong>Que voir \u00e0 Vienne en 4 jours ?<\/strong> Un itin\u00e9raire d\u00e9taill\u00e9 jour par jour.<\/li>\n\n\n\n<li><strong>O\u00f9 s\u00e9journer \u00e0 Vienne en fonction de vos besoins ?<\/strong><\/li>\n\n\n\n<li>Pour chaque attraction mentionn\u00e9e, vous trouverez : une br\u00e8ve description, que voir \u00e0 l&rsquo;int\u00e9rieur,<strong> les prix, les horaires, et des liens pour l&rsquo;achat des billets en ligne.<\/strong><\/li>\n<\/ul>\n\n\n\n<p>Et plein, plein, plein de petites astuces, curiosit\u00e9s et conseils utiles.<\/p>\n\n\n\n<p>Laissez-vous inspirer !<\/p>\n\n\n\n<h2 class=\"wp-block-heading\">Conseils pour Visiter Vienne en 4 Jours<\/h2>\n\n\n\n<h3 class=\"wp-block-heading\">O\u00f9 Loger \u00e0 Vienne en 4 Jours<\/h3>\n\n\n\n<p>Vous venez de visiter Vienne et n&rsquo;avez pas encore choisi o\u00f9 loger ? Dans cette section, d\u00e9couvrez<strong> les meilleures zones<\/strong> \u00e0 consid\u00e9rer, chacune accompagn\u00e9e d&rsquo;une br\u00e8ve description.<\/p>\n\n\n\n<p><strong>Innere Stadt :<\/strong><\/p>\n\n\n\n<p>Le centre historique de Vienne est le choix id\u00e9al pour ceux qui visitent la ville pour la premi\u00e8re fois, surtout si vous avez un int\u00e9r\u00eat particulier pour les mus\u00e9es et les monuments. Le seul inconv\u00e9nient ? Ce n&rsquo;est pas la zone la plus \u00e9conomique.<\/p>\n\n\n<style>.kadence-column5878_06bffc-0b > .kt-inside-inner-col{padding-top:var(--global-kb-spacing-xs, 1rem);padding-right:var(--global-kb-spacing-xs, 1rem);padding-bottom:var(--global-kb-spacing-xs, 1rem);padding-left:var(--global-kb-spacing-xs, 1rem);}.kadence-column5878_06bffc-0b > .kt-inside-inner-col,.kadence-column5878_06bffc-0b > .kt-inside-inner-col:before{border-top-left-radius:0px;border-top-right-radius:0px;border-bottom-right-radius:0px;border-bottom-left-radius:0px;}.kadence-column5878_06bffc-0b > .kt-inside-inner-col{column-gap:var(--global-kb-gap-sm, 1rem);}.kadence-column5878_06bffc-0b > .kt-inside-inner-col{flex-direction:column;}.kadence-column5878_06bffc-0b > .kt-inside-inner-col > .aligncenter{width:100%;}.kadence-column5878_06bffc-0b > .kt-inside-inner-col{background-color:#f2fdec;}.kadence-column5878_06bffc-0b > .kt-inside-inner-col:before{opacity:0.3;}.kadence-column5878_06bffc-0b{position:relative;}.kadence-column5878_06bffc-0b, .kt-inside-inner-col > .kadence-column5878_06bffc-0b:not(.specificity){margin-top:var(--global-kb-spacing-xs, 1rem);margin-bottom:var(--global-kb-spacing-xs, 1rem);}@media all and (max-width: 1024px){.kadence-column5878_06bffc-0b > .kt-inside-inner-col{flex-direction:column;justify-content:center;}}@media all and (max-width: 767px){.kadence-column5878_06bffc-0b > .kt-inside-inner-col{flex-direction:column;justify-content:center;}}<\/style>\n<div class=\"wp-block-kadence-column kadence-column5878_06bffc-0b\"><div class=\"kt-inside-inner-col\">\n<p><strong>O\u00f9 loger ? Voici les solutions recommand\u00e9es :<\/strong><\/p>\n\n\n\n<ul class=\"wp-block-list\">\n<li><strong>Gamme moyenne \u27a1\ufe0f <a aria-label=\" (opens in a new tab)\" href=\"https:\/\/www.booking.com\/hotel\/at\/city-pension.fr.html?aid=2394266&amp;no_rooms=1&amp;group_adults=2&amp;label=vienne_4jours_post\" target=\"_blank\" rel=\"noreferrer noopener nofollow\" class=\"ek-link\">City Pension Stephansplatz<\/a><\/strong><\/li>\n\n\n\n<li><strong>Gamme moyenne \u27a1\ufe0f <a aria-label=\" (opens in a new tab)\" href=\"https:\/\/www.booking.com\/hotel\/at\/ch-wellnessapartments.fr.html?aid=2394266&amp;no_rooms=1&amp;group_adults=2&amp;label=vienne_4jours_post\" target=\"_blank\" rel=\"noreferrer noopener nofollow\" class=\"ek-link\">CH-Hotel Luka<\/a><\/strong><\/li>\n\n\n\n<li><strong>Luxe \u27a1\ufe0f <a aria-label=\" (opens in a new tab)\" href=\"https:\/\/www.booking.com\/hotel\/at\/sacher-wien.fr.html?aid=2394266&amp;no_rooms=1&amp;group_adults=2&amp;label=vienne_4jours_post\" target=\"_blank\" rel=\"noreferrer noopener nofollow\" class=\"ek-link\">Hotel Sacher Wien<\/a><\/strong><\/li>\n<\/ul>\n<\/div><\/div>\n\n\n\n<p><strong>Landstrasse :<\/strong><\/p>\n\n\n\n<p>Un quartier tranquille et \u00e9l\u00e9gant, riche en attractions et en espaces verts. Parfait pour les familles avec enfants. Bien que moins co\u00fbteux que le centre, il reste plus cher que d&rsquo;autres zones de la ville.<\/p>\n\n\n<style>.kadence-column5878_b026f6-a9 > .kt-inside-inner-col{padding-top:var(--global-kb-spacing-xs, 1rem);padding-right:var(--global-kb-spacing-xs, 1rem);padding-bottom:var(--global-kb-spacing-xs, 1rem);padding-left:var(--global-kb-spacing-xs, 1rem);}.kadence-column5878_b026f6-a9 > .kt-inside-inner-col,.kadence-column5878_b026f6-a9 > .kt-inside-inner-col:before{border-top-left-radius:0px;border-top-right-radius:0px;border-bottom-right-radius:0px;border-bottom-left-radius:0px;}.kadence-column5878_b026f6-a9 > .kt-inside-inner-col{column-gap:var(--global-kb-gap-sm, 1rem);}.kadence-column5878_b026f6-a9 > .kt-inside-inner-col{flex-direction:column;}.kadence-column5878_b026f6-a9 > .kt-inside-inner-col > .aligncenter{width:100%;}.kadence-column5878_b026f6-a9 > .kt-inside-inner-col{background-color:#f2fdec;}.kadence-column5878_b026f6-a9 > .kt-inside-inner-col:before{opacity:0.3;}.kadence-column5878_b026f6-a9{position:relative;}.kadence-column5878_b026f6-a9, .kt-inside-inner-col > .kadence-column5878_b026f6-a9:not(.specificity){margin-top:var(--global-kb-spacing-xs, 1rem);margin-bottom:var(--global-kb-spacing-xs, 1rem);}@media all and (max-width: 1024px){.kadence-column5878_b026f6-a9 > .kt-inside-inner-col{flex-direction:column;justify-content:center;}}@media all and (max-width: 767px){.kadence-column5878_b026f6-a9 > .kt-inside-inner-col{flex-direction:column;justify-content:center;}}<\/style>\n<div class=\"wp-block-kadence-column kadence-column5878_b026f6-a9\"><div class=\"kt-inside-inner-col\">\n<p><strong>O\u00f9 loger ? Je vous recommande les solutions suivantes :<\/strong><\/p>\n\n\n\n<ul class=\"wp-block-list\">\n<li><strong>\u00c9conomique \u27a1\ufe0f <a aria-label=\" (opens in a new tab)\" href=\"https:\/\/www.booking.com\/hotel\/at\/amedia-wien.fr.html?aid=2394266&amp;no_rooms=1&amp;group_adults=2&amp;label=vienne_4jours_post\" target=\"_blank\" rel=\"noreferrer noopener nofollow\" class=\"ek-link\">Best Western Plus Amedia Wien<\/a><\/strong><\/li>\n\n\n\n<li><strong>Gamme moyenne \u27a1\ufe0f <a aria-label=\" (opens in a new tab)\" href=\"https:\/\/www.booking.com\/hotel\/at\/appartement-pension-spiess-amp-spiess.fr.html?aid=2394266&amp;no_rooms=1&amp;group_adults=2&amp;label=vienne_4jours_post\" target=\"_blank\" rel=\"noreferrer noopener nofollow\" class=\"ek-link\">Hotel Spiess &amp; Spiess<\/a><\/strong><\/li>\n\n\n\n<li><strong>Luxe \u27a1\ufe0f <a aria-label=\" (opens in a new tab)\" href=\"https:\/\/www.booking.com\/hotel\/at\/intercontinental-wien.fr.html?aid=2394266&amp;no_rooms=1&amp;group_adults=2&amp;label=vienne_4jours_post\" target=\"_blank\" rel=\"noreferrer noopener nofollow\" class=\"ek-link\">InterContinental Wien, an IHG Hotel<\/a><\/strong><\/li>\n<\/ul>\n<\/div><\/div>\n\n\n\n<p><strong>Leopoldstadt :<\/strong><\/p>\n\n\n\n<p>Si vous cherchez un bon rapport qualit\u00e9-prix (et tout de m\u00eame un logement \u00e9conomique), Leopoldstadt est le choix id\u00e9al. Ce quartier est proche du centre et bien desservi. Le seul inconv\u00e9nient ? En dehors du Prater, il offre peu d&rsquo;autres attractions touristiques.<\/p>\n\n\n<style>.kadence-column5878_35d3b8-61 > .kt-inside-inner-col{padding-top:var(--global-kb-spacing-xs, 1rem);padding-right:var(--global-kb-spacing-xs, 1rem);padding-bottom:var(--global-kb-spacing-xs, 1rem);padding-left:var(--global-kb-spacing-xs, 1rem);}.kadence-column5878_35d3b8-61 > .kt-inside-inner-col,.kadence-column5878_35d3b8-61 > .kt-inside-inner-col:before{border-top-left-radius:0px;border-top-right-radius:0px;border-bottom-right-radius:0px;border-bottom-left-radius:0px;}.kadence-column5878_35d3b8-61 > .kt-inside-inner-col{column-gap:var(--global-kb-gap-sm, 1rem);}.kadence-column5878_35d3b8-61 > .kt-inside-inner-col{flex-direction:column;}.kadence-column5878_35d3b8-61 > .kt-inside-inner-col > .aligncenter{width:100%;}.kadence-column5878_35d3b8-61 > .kt-inside-inner-col{background-color:#f2fdec;}.kadence-column5878_35d3b8-61 > .kt-inside-inner-col:before{opacity:0.3;}.kadence-column5878_35d3b8-61{position:relative;}.kadence-column5878_35d3b8-61, .kt-inside-inner-col > .kadence-column5878_35d3b8-61:not(.specificity){margin-top:var(--global-kb-spacing-xs, 1rem);margin-bottom:var(--global-kb-spacing-xs, 1rem);}@media all and (max-width: 1024px){.kadence-column5878_35d3b8-61 > .kt-inside-inner-col{flex-direction:column;justify-content:center;}}@media all and (max-width: 767px){.kadence-column5878_35d3b8-61 > .kt-inside-inner-col{flex-direction:column;justify-content:center;}}<\/style>\n<div class=\"wp-block-kadence-column kadence-column5878_35d3b8-61\"><div class=\"kt-inside-inner-col\">\n<p><strong>Voici o\u00f9 je vous conseille de loger :<\/strong><\/p>\n\n\n\n<ul class=\"wp-block-list\">\n<li><strong>\u00c9conomique \u27a1\ufe0f <a aria-label=\" (opens in a new tab)\" href=\"https:\/\/www.booking.com\/hotel\/at\/the-social-hub-vienna.fr.html?aid=2394266&amp;no_rooms=1&amp;group_adults=2&amp;label=vienne_4jours_post\" target=\"_blank\" rel=\"noreferrer noopener nofollow\" class=\"ek-link\">The Social Hub Vienna<\/a><\/strong><\/li>\n\n\n\n<li><strong>Gamme moyenne \u27a1\ufe0f <a aria-label=\" (opens in a new tab)\" href=\"https:\/\/www.booking.com\/hotel\/at\/alon-homes.fr.html?aid=2394266&amp;no_rooms=1&amp;group_adults=2&amp;label=vienne_4jours_post\" target=\"_blank\" rel=\"noreferrer noopener nofollow\" class=\"ek-link\">ALON HOMES Vienna<\/a><\/strong><\/li>\n\n\n\n<li><strong>Luxe \u27a1\ufe0f <a href=\"https:\/\/www.booking.com\/hotel\/at\/hotelstefanie.fr.html?aid=2394266&amp;no_rooms=1&amp;group_adults=2&amp;label=vienne_2jours_post\" target=\"_blank\" aria-label=\"Hotel Stefanie (opens in a new tab)\" rel=\"noreferrer noopener nofollow\" class=\"ek-link\">Hotel Stefanie<\/a><\/strong><\/li>\n<\/ul>\n<\/div><\/div>\n\n\n<style>.kadence-column5878_9e8445-a6 > .kt-inside-inner-col{padding-top:var(--global-kb-spacing-xs, 1rem);padding-right:var(--global-kb-spacing-xs, 1rem);padding-bottom:var(--global-kb-spacing-xs, 1rem);padding-left:var(--global-kb-spacing-xs, 1rem);}.kadence-column5878_9e8445-a6 > .kt-inside-inner-col,.kadence-column5878_9e8445-a6 > .kt-inside-inner-col:before{border-top-left-radius:0px;border-top-right-radius:0px;border-bottom-right-radius:0px;border-bottom-left-radius:0px;}.kadence-column5878_9e8445-a6 > .kt-inside-inner-col{column-gap:var(--global-kb-gap-sm, 1rem);}.kadence-column5878_9e8445-a6 > .kt-inside-inner-col{flex-direction:column;}.kadence-column5878_9e8445-a6 > .kt-inside-inner-col > .aligncenter{width:100%;}.kadence-column5878_9e8445-a6 > .kt-inside-inner-col{background-color:var(--global-palette8, #F7FAFC);}.kadence-column5878_9e8445-a6 > .kt-inside-inner-col:before{opacity:0.3;}.kadence-column5878_9e8445-a6{position:relative;}.kadence-column5878_9e8445-a6, .kt-inside-inner-col > .kadence-column5878_9e8445-a6:not(.specificity){margin-top:var(--global-kb-spacing-xs, 1rem);margin-bottom:var(--global-kb-spacing-xs, 1rem);}@media all and (max-width: 1024px){.kadence-column5878_9e8445-a6 > .kt-inside-inner-col{flex-direction:column;justify-content:center;}}@media all and (max-width: 767px){.kadence-column5878_9e8445-a6 > .kt-inside-inner-col{flex-direction:column;justify-content:center;}}<\/style>\n<div class=\"wp-block-kadence-column kadence-column5878_9e8445-a6\"><div class=\"kt-inside-inner-col\">\n<p><strong>A lire aussi : <a href=\"https:\/\/viennaguru.com\/fr\/ou-dormir-a-vienne\/\" target=\"_blank\" aria-label=\" (opens in a new tab)\" rel=\"noreferrer noopener\" class=\"ek-link\">O\u00f9 dormir \u00e0 Vienne : D\u00e9couvrez les meilleures quartiers<\/a><\/strong><\/p>\n<\/div><\/div>\n\n\n\n<h3 class=\"wp-block-heading\">Comment rejoindre Vienne depuis l&rsquo;a\u00e9roport?<\/h3>\n\n\n\n<p>Vous vous demandez quel est le meilleur moyen de rejoindre la ville depuis l&rsquo;a\u00e9roport ?<\/p>\n\n\n\n<p>Vienne propose plusieurs options de transport depuis son a\u00e9roport. L&rsquo;une des plus populaires est le <strong>CAT<\/strong>, mais personnellement, je le <strong>d\u00e9conseille<\/strong>. Il s&rsquo;agit d&rsquo;un train touristique qui vous am\u00e8ne en ville en seulement 16 minutes, mais qui, \u00e0 mon avis, est excessivement cher, \u00e0 14,90 \u20ac, pas moins!<\/p>\n\n\n\n<p>La meilleure solution ? <strong>Le train de banlieue S-Bahn<\/strong>, notamment la ligne S7. Il vous am\u00e8ne au centre en environ 20-25 minutes pour seulement 4,50 \u20ac.<\/p>\n\n\n<style>.kadence-column5878_aa146d-6e > .kt-inside-inner-col{padding-top:var(--global-kb-spacing-xs, 1rem);padding-right:var(--global-kb-spacing-xs, 1rem);padding-bottom:var(--global-kb-spacing-xs, 1rem);padding-left:var(--global-kb-spacing-xs, 1rem);}.kadence-column5878_aa146d-6e > .kt-inside-inner-col,.kadence-column5878_aa146d-6e > .kt-inside-inner-col:before{border-top-left-radius:0px;border-top-right-radius:0px;border-bottom-right-radius:0px;border-bottom-left-radius:0px;}.kadence-column5878_aa146d-6e > .kt-inside-inner-col{column-gap:var(--global-kb-gap-sm, 1rem);}.kadence-column5878_aa146d-6e > .kt-inside-inner-col{flex-direction:column;}.kadence-column5878_aa146d-6e > .kt-inside-inner-col > .aligncenter{width:100%;}.kadence-column5878_aa146d-6e > .kt-inside-inner-col{background-color:var(--global-palette8, #F7FAFC);}.kadence-column5878_aa146d-6e > .kt-inside-inner-col:before{opacity:0.3;}.kadence-column5878_aa146d-6e{position:relative;}.kadence-column5878_aa146d-6e, .kt-inside-inner-col > .kadence-column5878_aa146d-6e:not(.specificity){margin-top:var(--global-kb-spacing-xs, 1rem);margin-bottom:var(--global-kb-spacing-xs, 1rem);}@media all and (max-width: 1024px){.kadence-column5878_aa146d-6e > .kt-inside-inner-col{flex-direction:column;justify-content:center;}}@media all and (max-width: 767px){.kadence-column5878_aa146d-6e > .kt-inside-inner-col{flex-direction:column;justify-content:center;}}<\/style>\n<div class=\"wp-block-kadence-column kadence-column5878_aa146d-6e\"><div class=\"kt-inside-inner-col\">\n<p><strong>Si vous ne vous souciez pas de d\u00e9penser plus et pr\u00e9f\u00e9rez le confort maximal, <\/strong>je vous recommande le transfert priv\u00e9, que j&rsquo;utilise moi-m\u00eame de temps en temps. Voici comment cela fonctionne :<\/p>\n\n\n\n<ol class=\"wp-block-list\">\n<li><strong><a href=\"https:\/\/www.civitatis.com\/fr\/vienne\/transferts\/?aid=13436&amp;cmp=vienne_4jours_post\" target=\"_blank\" aria-label=\" (opens in a new tab)\" rel=\"noreferrer noopener nofollow\" class=\"ek-link\">R\u00e9servez le transfert en ligne<\/a><\/strong>.<\/li>\n\n\n\n<li>Attendez la confirmation.<\/li>\n\n\n\n<li>Le jour de votre arriv\u00e9e, un chauffeur vous attendra et vous accompagnera jusqu&rsquo;\u00e0 votre h\u00f4tel.<\/li>\n<\/ol>\n\n\n\n<p>O\u00f9 le r\u00e9server ? <strong><a aria-label=\"Vous pouvez le faire en ligne sur ce site (opens in a new tab)\" href=\"https:\/\/www.civitatis.com\/fr\/vienne\/transferts\/?aid=13436&amp;cmp=vienne_4jours_post\" target=\"_blank\" rel=\"noreferrer noopener nofollow\" class=\"ek-link\">Vous pouvez le faire en ligne sur ce site<\/a><\/strong>.<\/p>\n<\/div><\/div>\n\n\n\n<h2 class=\"wp-block-heading\">Que voir \u00e0 Vienne en 4 jours : Itin\u00e9raire jour par jour<\/h2>\n\n\n\n<h3 class=\"wp-block-heading\">Jour 1 : Hofburg, Stephansplatz et Ringstrasse<\/h3>\n\n\n\n<figure class=\"wp-block-image size-large\"><img loading=\"lazy\" decoding=\"async\" width=\"1024\" height=\"768\" src=\"https:\/\/viennaguru.com\/wp-content\/uploads\/2023\/08\/Que-voir-a-Vienne-en-4-jours-1024x768.jpg\" alt=\"Que voir a\u0300 Vienne en 4 jours\" class=\"wp-image-6409\" srcset=\"https:\/\/viennaguru.com\/wp-content\/uploads\/2023\/08\/Que-voir-a-Vienne-en-4-jours-1024x768.jpg 1024w, https:\/\/viennaguru.com\/wp-content\/uploads\/2023\/08\/Que-voir-a-Vienne-en-4-jours-300x225.jpg 300w, https:\/\/viennaguru.com\/wp-content\/uploads\/2023\/08\/Que-voir-a-Vienne-en-4-jours-768x576.jpg 768w, https:\/\/viennaguru.com\/wp-content\/uploads\/2023\/08\/Que-voir-a-Vienne-en-4-jours-1536x1152.jpg 1536w, https:\/\/viennaguru.com\/wp-content\/uploads\/2023\/08\/Que-voir-a-Vienne-en-4-jours.jpg 1600w\" sizes=\"auto, (max-width: 1024px) 100vw, 1024px\" \/><\/figure>\n\n\n\n<p>Pour ce premier jour, nous explorerons la partie la plus c\u00e9l\u00e8bre du centre historique de Vienne. Nous commencerons au c\u0153ur m\u00eame de la ville et nous terminerons sur l&#8217;embl\u00e9matique Ringstrasse.<\/p>\n\n\n\n<p>Voici une carte de l&rsquo;itin\u00e9raire du premier jour et une liste des attractions :<\/p>\n\n\n\n<ul class=\"wp-block-list\">\n<li><strong>Caf\u00e9 Central.<\/strong><\/li>\n\n\n\n<li><strong>Graben et Kohlmarkt<\/strong>.<\/li>\n\n\n\n<li><strong>Cath\u00e9drale Saint-\u00c9tienne de Vienne.<\/strong><\/li>\n\n\n\n<li><strong>Ankeruhr<\/strong>.<\/li>\n\n\n\n<li><strong>Hofburg<\/strong>.<\/li>\n\n\n\n<li><strong>Tour panoramique sur la Ringstrasse<\/strong>.<\/li>\n\n\n\n<li><strong>Spectacle de musique classique<\/strong>.<\/li>\n<\/ul>\n\n\n\n<iframe loading=\"lazy\" src=\"https:\/\/www.google.com\/maps\/d\/u\/0\/embed?mid=1HpfM-UFn98JWqeLqhpH7mmpWtVaNF-E&#038;ehbc=2E312F&#038;noprof=1\" width=\"640\" height=\"480\"><\/iframe>\n\n\n<style>.kadence-column5878_d1aee7-f4 > .kt-inside-inner-col{padding-top:var(--global-kb-spacing-xs, 1rem);padding-right:var(--global-kb-spacing-xs, 1rem);padding-bottom:var(--global-kb-spacing-xs, 1rem);padding-left:var(--global-kb-spacing-xs, 1rem);}.kadence-column5878_d1aee7-f4 > .kt-inside-inner-col,.kadence-column5878_d1aee7-f4 > .kt-inside-inner-col:before{border-top-left-radius:0px;border-top-right-radius:0px;border-bottom-right-radius:0px;border-bottom-left-radius:0px;}.kadence-column5878_d1aee7-f4 > .kt-inside-inner-col{column-gap:var(--global-kb-gap-sm, 1rem);}.kadence-column5878_d1aee7-f4 > .kt-inside-inner-col{flex-direction:column;}.kadence-column5878_d1aee7-f4 > .kt-inside-inner-col > .aligncenter{width:100%;}.kadence-column5878_d1aee7-f4 > .kt-inside-inner-col{background-color:var(--global-palette8, #F7FAFC);}.kadence-column5878_d1aee7-f4 > .kt-inside-inner-col:before{opacity:0.3;}.kadence-column5878_d1aee7-f4{position:relative;}.kadence-column5878_d1aee7-f4, .kt-inside-inner-col > .kadence-column5878_d1aee7-f4:not(.specificity){margin-top:var(--global-kb-spacing-xs, 1rem);margin-bottom:var(--global-kb-spacing-xs, 1rem);}@media all and (max-width: 1024px){.kadence-column5878_d1aee7-f4 > .kt-inside-inner-col{flex-direction:column;justify-content:center;}}@media all and (max-width: 767px){.kadence-column5878_d1aee7-f4 > .kt-inside-inner-col{flex-direction:column;justify-content:center;}}<\/style>\n<div class=\"wp-block-kadence-column kadence-column5878_d1aee7-f4\"><div class=\"kt-inside-inner-col\">\n<p><strong>Free tour du centre de Vienne :<\/strong><\/p>\n\n\n\n<p>L&rsquo;un des meilleurs moyens d&rsquo;avoir une vue d&rsquo;ensemble sur Vienne est de participer \u00e0 <strong><a href=\"https:\/\/www.civitatis.com\/fr\/vienne\/free-tour-nocturne\/?aid=13436&amp;cmp=vienne_4jours_post\" target=\"_blank\" aria-label=\" (opens in a new tab)\" rel=\"noreferrer noopener nofollow\" class=\"ek-link\">cette merveilleuse visite guid\u00e9e<\/a><\/strong>, que vous pouvez<strong> r\u00e9server gratuitement<\/strong>.<\/p>\n\n\n\n<p>Ce tour vous fera d\u00e9couvrir le centre de Vienne et ses attractions les plus embl\u00e9matiques, tout en vous partageant de nombreuses anecdotes et informations utiles.<\/p>\n\n\n\n<p>Pour participer, <strong><a href=\"https:\/\/www.civitatis.com\/fr\/vienne\/free-tour-nocturne\/?aid=13436&amp;cmp=vienne_4jours_post\" target=\"_blank\" aria-label=\" (opens in a new tab)\" rel=\"noreferrer noopener nofollow\" class=\"ek-link\">cliquez ici et r\u00e9servez votre place gratuitement<\/a><\/strong>.<\/p>\n<\/div><\/div>\n\n\n\n<h4 class=\"wp-block-heading\">Caf\u00e9 Central<\/h4>\n\n\n\n<figure class=\"wp-block-image size-large\"><img loading=\"lazy\" decoding=\"async\" width=\"1024\" height=\"768\" src=\"https:\/\/viennaguru.com\/wp-content\/uploads\/2023\/08\/Cafe-Central-a-visiter-a-Vienne-en-4-jours-1024x768.jpg\" alt=\"Cafe\u0301 Central, a\u0300 visiter a\u0300 Vienne en 4 jours\" class=\"wp-image-6367\" srcset=\"https:\/\/viennaguru.com\/wp-content\/uploads\/2023\/08\/Cafe-Central-a-visiter-a-Vienne-en-4-jours-1024x768.jpg 1024w, https:\/\/viennaguru.com\/wp-content\/uploads\/2023\/08\/Cafe-Central-a-visiter-a-Vienne-en-4-jours-300x225.jpg 300w, https:\/\/viennaguru.com\/wp-content\/uploads\/2023\/08\/Cafe-Central-a-visiter-a-Vienne-en-4-jours-768x576.jpg 768w, https:\/\/viennaguru.com\/wp-content\/uploads\/2023\/08\/Cafe-Central-a-visiter-a-Vienne-en-4-jours-1536x1152.jpg 1536w, https:\/\/viennaguru.com\/wp-content\/uploads\/2023\/08\/Cafe-Central-a-visiter-a-Vienne-en-4-jours.jpg 1600w\" sizes=\"auto, (max-width: 1024px) 100vw, 1024px\" \/><\/figure>\n\n\n\n<p>Nous lan\u00e7ons notre tour de 4 jours \u00e0 Vienne par <strong>une agr\u00e9able pause dans le caf\u00e9 le plus renomm\u00e9 de la ville<\/strong> : le Caf\u00e9 Central. <\/p>\n\n\n\n<p>Fond\u00e9 en <strong>1876 <\/strong>\u00e0 l&rsquo;int\u00e9rieur du Palais Ferstel historique, \u00e9galement connu sous le nom de Bourse de Vienne, ce caf\u00e9 a toujours \u00e9t\u00e9 un lieu de rencontre privil\u00e9gi\u00e9 pour les intellectuels viennois.<\/p>\n\n\n\n<p>Parmi les personnalit\u00e9s illustres qui fr\u00e9quentaient cet \u00e9tablissement, on compte <strong>Sigmund Freud, Alfred Adler et L\u00e9on Trotsky.<\/strong><\/p>\n\n\n\n<p><strong>Conseils utiles :<\/strong><\/p>\n\n\n\n<ul class=\"wp-block-list\">\n<li>Compte tenu de sa popularit\u00e9, pr\u00e9parez-vous \u00e0 faire un peu de queue. Pr\u00e9parez vous \u00e0 attendre plus de 30 minutes, mais l&rsquo;exp\u00e9rience en vaut la peine !<\/li>\n\n\n\n<li>Une fois \u00e0 l&rsquo;int\u00e9rieur, \u00e9vitez l&rsquo;expresso. Ce serait dommage de ne pas savourer un v\u00e9ritable caf\u00e9 viennois ! Commandez un m\u00e9lange et d\u00e9gustez-le avec une part de g\u00e2teau, comme le ferait un Viennois.<\/li>\n<\/ul>\n\n\n\n<h4 class=\"wp-block-heading\">Graben et Kohlmarkt<\/h4>\n\n\n\n<figure class=\"wp-block-image size-large\"><img loading=\"lazy\" decoding=\"async\" width=\"1024\" height=\"768\" src=\"https:\/\/viennaguru.com\/wp-content\/uploads\/2023\/08\/Kohlmarkt-parmi-les-choses-a-voir-a-Vienne-en-4-jours-1024x768.jpg\" alt=\"Kohlmarkt, parmi les choses a\u0300 voir a\u0300 Vienne en 4 jours\" class=\"wp-image-6394\" srcset=\"https:\/\/viennaguru.com\/wp-content\/uploads\/2023\/08\/Kohlmarkt-parmi-les-choses-a-voir-a-Vienne-en-4-jours-1024x768.jpg 1024w, https:\/\/viennaguru.com\/wp-content\/uploads\/2023\/08\/Kohlmarkt-parmi-les-choses-a-voir-a-Vienne-en-4-jours-300x225.jpg 300w, https:\/\/viennaguru.com\/wp-content\/uploads\/2023\/08\/Kohlmarkt-parmi-les-choses-a-voir-a-Vienne-en-4-jours-768x576.jpg 768w, https:\/\/viennaguru.com\/wp-content\/uploads\/2023\/08\/Kohlmarkt-parmi-les-choses-a-voir-a-Vienne-en-4-jours-1536x1152.jpg 1536w, https:\/\/viennaguru.com\/wp-content\/uploads\/2023\/08\/Kohlmarkt-parmi-les-choses-a-voir-a-Vienne-en-4-jours.jpg 1600w\" sizes=\"auto, (max-width: 1024px) 100vw, 1024px\" \/><\/figure>\n\n\n\n<p>Poursuivons notre visite \u00e0 Vienne en 4 jours, en d\u00e9ambulant le long <strong>des \u00e9l\u00e9gants boulevards du centre de Vienne.<\/strong> Nos prochaines destinations sont Graben et Kohlmarkt, deux c\u00e9l\u00e8bres avenues pris\u00e9es pour le <strong>shopping<\/strong>.<\/p>\n\n\n\n<p><strong>Graben<\/strong>, qui fut autrefois un march\u00e9 de fruits et l\u00e9gumes jusqu&rsquo;au XVIIIe si\u00e8cle, est d\u00e9sormais l&rsquo;une des art\u00e8res les plus sophistiqu\u00e9es de la ville. Elle abrite aujourd&rsquo;hui certains des restaurants les plus prestigieux d&rsquo;Autriche ainsi que des boutiques haut de gamme.<\/p>\n\n\n\n<p><strong>La Kohlmarkt<\/strong>, situ\u00e9e \u00e0 la sortie de Michaelerplatz, doit son nom \u00e0 son pass\u00e9 en tant que march\u00e9 du charbon. Aujourd&rsquo;hui, elle est r\u00e9put\u00e9e comme la rue commer\u00e7ante la plus exclusive de Vienne. <\/p>\n\n\n\n<p>On y trouve des enseignes de luxe telles que Tiffany, Dolce &amp; Gabbana, Ferragamo, Gucci et Breitling, qui y ont install\u00e9 leurs \u00e9l\u00e9gantes boutiques.<\/p>\n\n\n\n<p>Je vous laisse la position exacte sur <a href=\"https:\/\/maps.app.goo.gl\/VVsMCD6rJGKUVjHA8\" target=\"_blank\" aria-label=\" (opens in a new tab)\" rel=\"noreferrer noopener\" class=\"ek-link\">Google Maps<\/a>.<\/p>\n\n\n\n<h4 class=\"wp-block-heading\">Cath\u00e9drale Saint-\u00c9tienne de Vienne (Stephansdom)<\/h4>\n\n\n\n<figure class=\"wp-block-image size-large\"><img loading=\"lazy\" decoding=\"async\" width=\"1024\" height=\"768\" src=\"https:\/\/viennaguru.com\/wp-content\/uploads\/2023\/08\/Cathedrale-Saint-Etienne-de-Vienne-1024x768.jpg\" alt=\"Cathe\u0301drale Saint-E\u0301tienne de Vienne\" class=\"wp-image-6370\" srcset=\"https:\/\/viennaguru.com\/wp-content\/uploads\/2023\/08\/Cathedrale-Saint-Etienne-de-Vienne-1024x768.jpg 1024w, https:\/\/viennaguru.com\/wp-content\/uploads\/2023\/08\/Cathedrale-Saint-Etienne-de-Vienne-300x225.jpg 300w, https:\/\/viennaguru.com\/wp-content\/uploads\/2023\/08\/Cathedrale-Saint-Etienne-de-Vienne-768x576.jpg 768w, https:\/\/viennaguru.com\/wp-content\/uploads\/2023\/08\/Cathedrale-Saint-Etienne-de-Vienne-1536x1152.jpg 1536w, https:\/\/viennaguru.com\/wp-content\/uploads\/2023\/08\/Cathedrale-Saint-Etienne-de-Vienne.jpg 1600w\" sizes=\"auto, (max-width: 1024px) 100vw, 1024px\" \/><\/figure>\n\n\n\n<p>Apr\u00e8s avoir travers\u00e9 tout le boulevard de Graben, vous vous retrouverez \u00e0 Stephansplatz, le c\u0153ur du centre historique, et si\u00e8ge de la monumentale \u00e9glise gothique : la Stephansdom (Cath\u00e9drale Saint-\u00c9tienne de Vienne).<\/p>\n\n\n\n<p><strong>Que voir \u00e0 Vienne en 4 jours ?<\/strong> Notre prochaine \u00e9tape est justement <strong><a href=\"https:\/\/www.getyourguide.fr\/vienne-l7\/vienne-billets-pour-la-cathedrale-saint-etienne-et-le-musee-dom-t420422\/?partner_id=KC753P7&amp;utm_medium=online_publisher&amp;cmp=vienne_4jours_post\" target=\"_blank\" aria-label=\"la Cath\u00e9drale Saint-\u00c9tienne (opens in a new tab)\" rel=\"noreferrer noopener nofollow\" class=\"ek-link\">la Cath\u00e9drale Saint-\u00c9tienne<\/a><\/strong>, le temple religieux le plus important de la capitale autrichienne.<\/p>\n\n\n\n<p>Les origines de l&rsquo;\u00e9glise remontent \u00e0 <strong>1137<\/strong>, mais la majestueuse structure gothique que nous admirons aujourd&rsquo;hui a commenc\u00e9 \u00e0 prendre forme au XIVe si\u00e8cle, se poursuivant au XVe. Un exemple de sa splendeur est la tour sud, connue sous le nom de \u00ab\u00a0Steffl\u00a0\u00bb, achev\u00e9e en 1433 et qui se distingue comme l&rsquo;un des traits architecturaux les plus embl\u00e9matiques de la cath\u00e9drale.<\/p>\n\n\n\n<p>Voici quelques-uns des points forts que vous pourrez d\u00e9couvrir \u00e0 l&rsquo;int\u00e9rieur de cette attraction :<\/p>\n\n\n\n<ul class=\"wp-block-list\">\n<li><strong>La Tour Sud (Steffl)<\/strong> : avec ses 136,44 m\u00e8tres de hauteur, c&rsquo;est le point le plus \u00e9lev\u00e9 du centre historique et offre une vue panoramique spectaculaire sur Vienne.<\/li>\n\n\n\n<li><strong>La Tour Nord<\/strong> : elle n&rsquo;est pas aussi haute que la Tour Sud, mais elle abrite la c\u00e9l\u00e8bre Pummerin, l&rsquo;une des plus grandes cloches d&rsquo;Europe.<\/li>\n\n\n\n<li><strong>Les Catacombes : <\/strong>un labyrinthe souterrain renfermant les s\u00e9pultures de nombreux archev\u00eaques et personnalit\u00e9s de Vienne. Les visites guid\u00e9es offrent un fascinant aper\u00e7u de cette partie cach\u00e9e de la cath\u00e9drale.<\/li>\n\n\n\n<li><strong>Les int\u00e9rieurs :<\/strong> en plus des catacombes, vous pourrez admirer la magnifique nef centrale de style gothique, les superbes vitraux et l&rsquo;autel baroque. La cath\u00e9drale compte \u00e9galement de nombreuses chapelles, plus de 20 au total, chacune dans un style diff\u00e9rent, du gothique au baroque.<\/li>\n<\/ul>\n\n\n\n<p><strong>Not\u00e9 bien : <\/strong>pour acc\u00e9der \u00e0 toutes ces zones, vous devrez payer, <strong><a aria-label=\"le billet cumulatif  (opens in a new tab)\" href=\"https:\/\/www.getyourguide.fr\/vienne-l7\/vienne-billets-pour-la-cathedrale-saint-etienne-et-le-musee-dom-t420422\/?partner_id=KC753P7&amp;utm_medium=online_publisher&amp;cmp=vienne_4jours_post\" target=\"_blank\" rel=\"noreferrer noopener nofollow\" class=\"ek-link\">le billet cumulatif<\/a><\/strong> co\u00fbte environ 25 \u20ac, mais vous pouvez \u00e9galement d\u00e9cider de visiter par exemple seulement la Tour Sud ou la Tour Nord et acheter les entr\u00e9es s\u00e9par\u00e9ment.<\/p>\n\n\n\n<p>Voici toutes les informations utiles pour la visite :<\/p>\n\n\n\n<ul class=\"wp-block-list\">\n<li><strong>Billets<\/strong> : le billet pour toutes les zones co\u00fbte 25 \u20ac et inclut les 2 tours, une visite guid\u00e9e des catacombes, le Dom Museum et l&rsquo;audioguide. Le <strong><a href=\"https:\/\/www.getyourguide.fr\/vienne-l7\/vienne-billets-pour-la-cathedrale-saint-etienne-et-le-musee-dom-t420422\/?partner_id=KC753P7&amp;utm_medium=online_publisher&amp;cmp=vienne_4jours_post\" target=\"_blank\" aria-label=\" (opens in a new tab)\" rel=\"noreferrer noopener nofollow\" class=\"ek-link\">billet est disponible en ligne sur ce site<\/a><\/strong>.<\/li>\n\n\n\n<li><strong>Horaires<\/strong> : du lundi au samedi de 9h00 \u00e0 11h30 et de 13h00 \u00e0 16h30. Dimanche et jours f\u00e9ri\u00e9s de 13h00 \u00e0 16h30.<\/li>\n\n\n\n<li><strong>O\u00f9 se trouve<\/strong> : Stephansplatz 3. <a aria-label=\" (opens in a new tab)\" href=\"https:\/\/maps.app.goo.gl\/5KWTPrzXf4JwzLBW7\" target=\"_blank\" rel=\"noreferrer noopener\" class=\"ek-link\">Position sur Maps<\/a>.<\/li>\n<\/ul>\n\n\n\n<h4 class=\"wp-block-heading\"><strong>Ankeruhr<\/strong><\/h4>\n\n\n\n<figure class=\"wp-block-image size-large\"><img loading=\"lazy\" decoding=\"async\" width=\"1024\" height=\"768\" src=\"https:\/\/viennaguru.com\/wp-content\/uploads\/2023\/08\/Ankeruhr-1024x768.jpg\" alt=\"Ankeruhr\" class=\"wp-image-6364\" srcset=\"https:\/\/viennaguru.com\/wp-content\/uploads\/2023\/08\/Ankeruhr-1024x768.jpg 1024w, https:\/\/viennaguru.com\/wp-content\/uploads\/2023\/08\/Ankeruhr-300x225.jpg 300w, https:\/\/viennaguru.com\/wp-content\/uploads\/2023\/08\/Ankeruhr-768x576.jpg 768w, https:\/\/viennaguru.com\/wp-content\/uploads\/2023\/08\/Ankeruhr-1536x1152.jpg 1536w, https:\/\/viennaguru.com\/wp-content\/uploads\/2023\/08\/Ankeruhr.jpg 1600w\" sizes=\"auto, (max-width: 1024px) 100vw, 1024px\" \/><\/figure>\n\n\n\n<p>Notre balade dans le centre historique de Vienne se poursuit : notre prochain arr\u00eat est l\u2019Ankeruhr, situ\u00e9 pr\u00e8s de Hoher Markt. Cette <strong>horloge <\/strong>fascinante de style Art nouveau <strong>a \u00e9t\u00e9 cr\u00e9\u00e9e en 1914<\/strong> par Franz Matsch, un peintre et sculpteur renomm\u00e9 de l\u2019\u00e9poque.<\/p>\n\n\n\n<p>Outre sa beaut\u00e9 remarquable, <strong>cette horloge offre un spectacle \u00e0 chaque heure<\/strong> : \u00e0 l\u2019int\u00e9rieur, vous trouverez douze figures historiques li\u00e9es \u00e0 l\u2019Autriche et \u00e0 Vienne, et \u00e0 chaque heure, l\u2019une d&rsquo;entre elles \u00e9merge pour d\u00e9filer devant l\u2019embl\u00e8me royal, au son d\u2019une m\u00e9lodie envo\u00fbtante.<\/p>\n\n\n\n<p>Parmi ces figures, se distinguent Marc Aur\u00e8le, empereur d\u00e9c\u00e9d\u00e9 dans la Vienne romaine de Vindobona, et Joseph Haydn, le c\u00e9l\u00e8bre compositeur et innovateur de la symphonie et du quatuor \u00e0 cordes.<\/p>\n\n\n<style>.kadence-column5878_2744ef-1a > .kt-inside-inner-col{padding-top:var(--global-kb-spacing-xs, 1rem);padding-right:var(--global-kb-spacing-xs, 1rem);padding-bottom:var(--global-kb-spacing-xs, 1rem);padding-left:var(--global-kb-spacing-xs, 1rem);}.kadence-column5878_2744ef-1a > .kt-inside-inner-col,.kadence-column5878_2744ef-1a > .kt-inside-inner-col:before{border-top-left-radius:0px;border-top-right-radius:0px;border-bottom-right-radius:0px;border-bottom-left-radius:0px;}.kadence-column5878_2744ef-1a > .kt-inside-inner-col{column-gap:var(--global-kb-gap-sm, 1rem);}.kadence-column5878_2744ef-1a > .kt-inside-inner-col{flex-direction:column;}.kadence-column5878_2744ef-1a > .kt-inside-inner-col > .aligncenter{width:100%;}.kadence-column5878_2744ef-1a > .kt-inside-inner-col{background-color:var(--global-palette8, #F7FAFC);}.kadence-column5878_2744ef-1a > .kt-inside-inner-col:before{opacity:0.3;}.kadence-column5878_2744ef-1a{position:relative;}.kadence-column5878_2744ef-1a, .kt-inside-inner-col > .kadence-column5878_2744ef-1a:not(.specificity){margin-top:var(--global-kb-spacing-xs, 1rem);margin-bottom:var(--global-kb-spacing-xs, 1rem);}@media all and (max-width: 1024px){.kadence-column5878_2744ef-1a > .kt-inside-inner-col{flex-direction:column;justify-content:center;}}@media all and (max-width: 767px){.kadence-column5878_2744ef-1a > .kt-inside-inner-col{flex-direction:column;justify-content:center;}}<\/style>\n<div class=\"wp-block-kadence-column kadence-column5878_2744ef-1a\"><div class=\"kt-inside-inner-col\">\n<p><strong>Conseil du Guru : <\/strong>Si vous voulez vivre une exp\u00e9rience vraiment unique, rendez-vous devant l\u2019horloge un peu <strong>avant midi<\/strong>. \u00c0 midi pile, toutes les figures \u00e9mergent successivement, accompagn\u00e9es de musique. Ce spectacle dure environ 15 minutes.<\/p>\n\n\n\n<p>Je vous laisse <a aria-label=\" (opens in a new tab)\" href=\"https:\/\/maps.app.goo.gl\/E6b22WbkYYowY1SJ7\" target=\"_blank\" rel=\"noreferrer noopener\" class=\"ek-link\">la position exacte sur Maps<\/a>.<\/p>\n<\/div><\/div>\n\n\n\n<h4 class=\"wp-block-heading\"><strong>Hofburg, la r\u00e9sidence d\u2019hiver des Habsbourg<\/strong><\/h4>\n\n\n\n<figure class=\"wp-block-image size-large\"><img loading=\"lazy\" decoding=\"async\" width=\"1024\" height=\"768\" src=\"https:\/\/viennaguru.com\/wp-content\/uploads\/2023\/08\/Hofburg-la-residence-dhiver-des-Habsbourg-1024x768.jpg\" alt=\"Hofburg, la re\u0301sidence d\u2019hiver des Habsbourg\" class=\"wp-image-6382\" srcset=\"https:\/\/viennaguru.com\/wp-content\/uploads\/2023\/08\/Hofburg-la-residence-dhiver-des-Habsbourg-1024x768.jpg 1024w, https:\/\/viennaguru.com\/wp-content\/uploads\/2023\/08\/Hofburg-la-residence-dhiver-des-Habsbourg-300x225.jpg 300w, https:\/\/viennaguru.com\/wp-content\/uploads\/2023\/08\/Hofburg-la-residence-dhiver-des-Habsbourg-768x576.jpg 768w, https:\/\/viennaguru.com\/wp-content\/uploads\/2023\/08\/Hofburg-la-residence-dhiver-des-Habsbourg-1536x1152.jpg 1536w, https:\/\/viennaguru.com\/wp-content\/uploads\/2023\/08\/Hofburg-la-residence-dhiver-des-Habsbourg.jpg 1600w\" sizes=\"auto, (max-width: 1024px) 100vw, 1024px\" \/><\/figure>\n\n\n\n<p>Nous poursuivons notre<strong> itin\u00e9raire de 4 jours \u00e0 Vienne<\/strong> en direction du <strong>palais imp\u00e9rial Hofburg<\/strong>.<\/p>\n\n\n\n<p>Ce palais, ou plut\u00f4t ce complexe de palais, a \u00e9t\u00e9 <strong>la r\u00e9sidence d\u2019hiver des puissants Habsbourg pendant 6 si\u00e8cles<\/strong>.<\/p>\n\n\n\n<p>Si vous avez suivi mon itin\u00e9raire jusqu\u2019ici, vous vous retrouverez \u00e0 Michaelerplatz, point de d\u00e9part pour acc\u00e9der aux diff\u00e9rents b\u00e2timents du complexe, chacun abritant une attraction distincte.<\/p>\n\n\n\n<p>Les attractions comprennent :<\/p>\n\n\n\n<ul class=\"wp-block-list\">\n<li><strong>Le Mus\u00e9e de Sissi et les Appartements Imp\u00e9riaux :<\/strong> certainement l\u2019attraction phare. Le mus\u00e9e retrace la vie de Sissi, pr\u00e9sente les Appartements Imp\u00e9riaux o\u00f9 elle a v\u00e9cu, et expose l\u2019Argenterie Imp\u00e9riale, avec des couverts, ustensiles de cuisine et d\u00e9corations de table, tous datant de l&rsquo;\u00e9poque des Habsbourg.<\/li>\n\n\n\n<li><strong>Le Tr\u00e9sor Imp\u00e9rial :<\/strong> h\u00e9berge l\u2019\u00e9norme tr\u00e9sor des Habsbourg, constitu\u00e9 au cours de leurs si\u00e8cles de domination. Il est divis\u00e9 en deux parties, l&rsquo;une consacr\u00e9e aux tr\u00e9sors religieux et l&rsquo;autre aux tr\u00e9sors s\u00e9culiers. Vous y trouverez des \u0153uvres d\u2019art, des bijoux, des pierres pr\u00e9cieuses et des reliques importantes.<\/li>\n\n\n\n<li><strong>L\u2019\u00c9cole Espagnole d\u2019\u00c9quitation :<\/strong> une ancienne institution \u00e9questre fond\u00e9e au XVIe si\u00e8cle, c\u00e9l\u00e8bre pour la formation et les spectacles avec les c\u00e9l\u00e8bres chevaux Lipizzans. Aujourd\u2019hui encore, les chevaux sont entra\u00een\u00e9s selon les m\u00e9thodes traditionnelles. Vous pouvez choisir d\u2019assister \u00e0 l\u2019entra\u00eenement (un peu ennuyeux) ou \u00e0 une visite guid\u00e9e (plus int\u00e9ressante).<\/li>\n<\/ul>\n\n\n\n<p>Toutes les informations utiles pour visiter le <strong>Mus\u00e9e de Sissi<\/strong> :<\/p>\n\n\n\n<ul class=\"wp-block-list\">\n<li><strong>Billets : <\/strong>19,50 \u20ac pour les adultes, et 11 \u20ac pour les enfants de 6 \u00e0 17 ans.<\/li>\n\n\n\n<li><strong>Horaires :<\/strong> tous les jours de 8h00 \u00e0 18h00<\/li>\n\n\n\n<li><strong>O\u00f9 se trouve :<\/strong> Michaelerplatz. <a href=\"https:\/\/maps.app.goo.gl\/okcNeroLdXYVmBAp7\" target=\"_blank\" aria-label=\" (opens in a new tab)\" rel=\"noreferrer noopener\" class=\"ek-link\">Position sur Maps<\/a>. <\/li>\n<\/ul>\n\n\n<style>.kadence-column5878_299e90-7c > .kt-inside-inner-col{padding-top:var(--global-kb-spacing-xs, 1rem);padding-right:var(--global-kb-spacing-xs, 1rem);padding-bottom:var(--global-kb-spacing-xs, 1rem);padding-left:var(--global-kb-spacing-xs, 1rem);}.kadence-column5878_299e90-7c > .kt-inside-inner-col,.kadence-column5878_299e90-7c > .kt-inside-inner-col:before{border-top-left-radius:0px;border-top-right-radius:0px;border-bottom-right-radius:0px;border-bottom-left-radius:0px;}.kadence-column5878_299e90-7c > .kt-inside-inner-col{column-gap:var(--global-kb-gap-sm, 1rem);}.kadence-column5878_299e90-7c > .kt-inside-inner-col{flex-direction:column;}.kadence-column5878_299e90-7c > .kt-inside-inner-col > .aligncenter{width:100%;}.kadence-column5878_299e90-7c > .kt-inside-inner-col{background-color:var(--global-palette8, #F7FAFC);}.kadence-column5878_299e90-7c > .kt-inside-inner-col:before{opacity:0.3;}.kadence-column5878_299e90-7c{position:relative;}.kadence-column5878_299e90-7c, .kt-inside-inner-col > .kadence-column5878_299e90-7c:not(.specificity){margin-top:var(--global-kb-spacing-xs, 1rem);margin-bottom:var(--global-kb-spacing-xs, 1rem);}@media all and (max-width: 1024px){.kadence-column5878_299e90-7c > .kt-inside-inner-col{flex-direction:column;justify-content:center;}}@media all and (max-width: 767px){.kadence-column5878_299e90-7c > .kt-inside-inner-col{flex-direction:column;justify-content:center;}}<\/style>\n<div class=\"wp-block-kadence-column kadence-column5878_299e90-7c\"><div class=\"kt-inside-inner-col\">\n<p><strong><em>Voulez-vous en savoir plus sur Sissi et sa vie \u00e0 Vienne ?<\/em><\/strong><\/p>\n\n\n\n<p>J\u2019ai suivi une\u00a0<strong><a href=\"https:\/\/www.civitatis.com\/fr\/vienne\/visite-sissi-vienne\/?aid=13436&amp;cmp=vienne_4jours_post\" target=\"_blank\" rel=\"noreferrer noopener nofollow\">visite guid\u00e9e en fran\u00e7ais<\/a><\/strong>, qui m\u2019a permis de d\u00e9couvrir de nombreuses anecdotes et moments marquants de sa vie.<\/p>\n\n\n\n<p>Au cours de la visite, le guide nous emm\u00e8ne non seulement au mus\u00e9e (le billet d\u2019entr\u00e9e est inclus), mais aussi dans d\u2019autres lieux embl\u00e9matiques, comme l\u2019\u00e9glise Saint-Augustin, o\u00f9 elle s\u2019est mari\u00e9e.<\/p>\n\n\n\n<p>Les places sont limit\u00e9es, et vous pouvez r\u00e9server votre visite\u00a0<strong><a href=\"https:\/\/www.civitatis.com\/fr\/vienne\/visite-sissi-vienne\/?aid=13436&amp;cmp=vienne_4jours_post\" target=\"_blank\" rel=\"noreferrer noopener nofollow\">en ligne sur ce site<\/a><\/strong>.<\/p>\n<\/div><\/div>\n\n\n\n<h4 class=\"wp-block-heading\">Tour panoramique de la Ringstrasse<\/h4>\n\n\n\n<p>\u00c0 ce stade, la journ\u00e9e touche \u00e0 sa fin et c&rsquo;est le moment id\u00e9al pour profiter des derni\u00e8res lueurs du jour lors d&rsquo;<strong>un tour panoramique sur la Ringstrasse en tram.<\/strong><\/p>\n\n\n\n<p><strong>La Ringstrasse est une large avenue <\/strong>construite pour remplacer les anciens remparts de la ville, abattus entre 1858 et 1865. Ce qui rend cette avenue si sp\u00e9ciale, c&rsquo;est qu&rsquo;elle est bord\u00e9e de certains des b\u00e2timents les plus embl\u00e9matiques de Vienne.<\/p>\n\n\n\n<p>Parmi ces joyaux architecturaux, on trouve: <\/p>\n\n\n\n<ul class=\"wp-block-list\">\n<li><strong>Le Mus\u00e9e d&rsquo;Histoire Naturelle (Naturhistorisches Museum).<\/strong><\/li>\n\n\n\n<li><strong>L&rsquo;Op\u00e9ra de Vienne (Wiener Staatsoper).<\/strong><\/li>\n\n\n\n<li><strong>Le Mus\u00e9e des Beaux-Arts (Kunsthistorisches Museum).<\/strong><\/li>\n\n\n\n<li><strong>L&rsquo;Universit\u00e9 de Vienne (Universit\u00e4t Wien).<\/strong><\/li>\n<\/ul>\n\n\n\n<p><strong>Conseils du Guru :<\/strong><\/p>\n\n\n\n<ul class=\"wp-block-list\">\n<li>La Ringstrasse entoure le centre historique sur 5,5 km. Mais la partie la plus captivante va de l&rsquo;arr\u00eat Oper \u00e0 Schottentor. <\/li>\n\n\n\n<li>Optez pour les trams 1, 71 ou D pour suivre cet itin\u00e9raire que je vous recommande vivement. <\/li>\n\n\n\n<li>Par contre, fuyez le tram jaune destin\u00e9 aux touristes. Il parcourt toute la Ringstrasse, mais c&rsquo;est une arnaque pour les visiteurs.<\/li>\n<\/ul>\n\n\n\n<h4 class=\"wp-block-heading\"><strong>Spectacle dans l&rsquo;un des prestigieux th\u00e9\u00e2tres viennois<\/strong><\/h4>\n\n\n\n<figure class=\"wp-block-image size-large\"><img loading=\"lazy\" decoding=\"async\" width=\"1024\" height=\"768\" src=\"https:\/\/viennaguru.com\/wp-content\/uploads\/2023\/08\/Musikverein-a-visiter-a-Vienne-en-4-jours-1024x768.jpg\" alt=\"Musikverein, a\u0300 visiter a\u0300 Vienne en 4 jours\" class=\"wp-image-6403\" srcset=\"https:\/\/viennaguru.com\/wp-content\/uploads\/2023\/08\/Musikverein-a-visiter-a-Vienne-en-4-jours-1024x768.jpg 1024w, https:\/\/viennaguru.com\/wp-content\/uploads\/2023\/08\/Musikverein-a-visiter-a-Vienne-en-4-jours-300x225.jpg 300w, https:\/\/viennaguru.com\/wp-content\/uploads\/2023\/08\/Musikverein-a-visiter-a-Vienne-en-4-jours-768x576.jpg 768w, https:\/\/viennaguru.com\/wp-content\/uploads\/2023\/08\/Musikverein-a-visiter-a-Vienne-en-4-jours-1536x1152.jpg 1536w, https:\/\/viennaguru.com\/wp-content\/uploads\/2023\/08\/Musikverein-a-visiter-a-Vienne-en-4-jours.jpg 1600w\" sizes=\"auto, (max-width: 1024px) 100vw, 1024px\" \/><\/figure>\n\n\n\n<p>Pour conclure cette premi\u00e8re journ\u00e9e en beaut\u00e9, je vous recommande vivement d<strong>&lsquo;assister \u00e0 un spectacle de musique classique<\/strong> dans l&rsquo;un des principaux th\u00e9\u00e2tres de Vienne.<\/p>\n\n\n\n<p>Vienne est c\u00e9l\u00e8bre dans le monde entier en tant que <strong>capitale de la musique classique<\/strong>, une r\u00e9putation forg\u00e9e par son riche h\u00e9ritage musical et les grands compositeurs qui y ont \u0153uvr\u00e9, tels que<strong> Mozart, Strauss, Schubert et Haydn.<\/strong><\/p>\n\n\n\n<p>Le spectacle le plus m\u00e9morable auquel j&rsquo;ai assist\u00e9 \u00e9tait d\u00e9di\u00e9 \u00e0 Mozart, avec quelques valses de Strauss. Il \u00e9tait pr\u00e9sent\u00e9 \u00e0 la fois \u00e0<strong> l&rsquo;Op\u00e9ra de Vienne et au Musikverein<\/strong>, une salle encore plus prestigieuse, notamment son Goldener Saal, reconnu mondialement pour sa beaut\u00e9 incomparable.<\/p>\n\n\n\n<p>Si vous cherchez une exp\u00e9rience v\u00e9ritablement inoubliable, je recommande vivement le Musikverein. C&rsquo;est la salle de concert la plus prestigieuse et \u00e9l\u00e9gante au monde. <\/p>\n\n\n\n<p>Vous trouverez ci-dessous le <strong>lien pour r\u00e9server les billets<\/strong> pour le spectacle auquel j&rsquo;ai assist\u00e9 : <strong><a href=\"https:\/\/www.civitatis.com\/fr\/vienne\/concert-mozart-musikverein\/?aid=13436&amp;cmp=vienne_4jours_post\" target=\"_blank\" data-type=\"link\" data-id=\"https:\/\/www.civitatis.com\/fr\/vienne\/concert-mozart-musikverein\/?aid=13436&amp;cmp=vienne_4jours_post\" rel=\"noreferrer noopener nofollow\">Concert de Mozart au Musikverein<\/a><\/strong>.<\/p>\n\n\n\n<h3 class=\"wp-block-heading\">Jour 2 : Mus\u00e9es du centre et MuseumQuartier<\/h3>\n\n\n\n<figure class=\"wp-block-image size-large\"><img loading=\"lazy\" decoding=\"async\" width=\"1024\" height=\"768\" src=\"https:\/\/viennaguru.com\/wp-content\/uploads\/2023\/08\/Que-visiter-a-Vienne-en-4-jours-1024x768.jpg\" alt=\"Que visiter a\u0300 Vienne en 4 jours\" class=\"wp-image-6406\" srcset=\"https:\/\/viennaguru.com\/wp-content\/uploads\/2023\/08\/Que-visiter-a-Vienne-en-4-jours-1024x768.jpg 1024w, https:\/\/viennaguru.com\/wp-content\/uploads\/2023\/08\/Que-visiter-a-Vienne-en-4-jours-300x225.jpg 300w, https:\/\/viennaguru.com\/wp-content\/uploads\/2023\/08\/Que-visiter-a-Vienne-en-4-jours-768x576.jpg 768w, https:\/\/viennaguru.com\/wp-content\/uploads\/2023\/08\/Que-visiter-a-Vienne-en-4-jours-1536x1152.jpg 1536w, https:\/\/viennaguru.com\/wp-content\/uploads\/2023\/08\/Que-visiter-a-Vienne-en-4-jours.jpg 1600w\" sizes=\"auto, (max-width: 1024px) 100vw, 1024px\" \/><\/figure>\n\n\n\n<p>Que voir \u00e0 Vienne en 4 jours? <\/p>\n\n\n\n<p>Le deuxi\u00e8me jour sera consacr\u00e9 aux mus\u00e9es du centre et du quartier voisin de Neubau. <\/p>\n\n\n\n<p>Nous visiterons<strong> le mus\u00e9e le plus important de Vienne<\/strong> et un centre culturel tr\u00e8s int\u00e9ressant situ\u00e9 \u00e0 Neubau.<\/p>\n\n\n\n<p>Voici la carte des attractions d&rsquo;aujourd&rsquo;hui :<\/p>\n\n\n\n<ul class=\"wp-block-list\">\n<li><strong>Rathausplatz<\/strong><\/li>\n\n\n\n<li><strong>Kunsthistorisches Museum<\/strong><\/li>\n\n\n\n<li><strong>Mus\u00e9e de la Musique<\/strong><\/li>\n\n\n\n<li><strong>MuseumQuartier<\/strong><\/li>\n\n\n\n<li><strong>Soir\u00e9e \u00e0 Spittelberg<\/strong><\/li>\n<\/ul>\n\n\n\n<iframe loading=\"lazy\" src=\"https:\/\/www.google.com\/maps\/d\/u\/0\/embed?mid=1ug324YQmcY2UU-xJ7nzhgQx9tOG1Izw&#038;ehbc=2E312F&#038;noprof=1\" width=\"640\" height=\"480\"><\/iframe>\n\n\n\n<h4 class=\"wp-block-heading\">Rathausplatz et l&rsquo;H\u00f4tel de Ville de Vienne<\/h4>\n\n\n\n<figure class=\"wp-block-image size-large\"><img loading=\"lazy\" decoding=\"async\" width=\"1024\" height=\"768\" src=\"https:\/\/viennaguru.com\/wp-content\/uploads\/2023\/08\/Rathausplatz-Vienne-1024x768.jpg\" alt=\"Rathausplatz, Vienne\" class=\"wp-image-6412\" srcset=\"https:\/\/viennaguru.com\/wp-content\/uploads\/2023\/08\/Rathausplatz-Vienne-1024x768.jpg 1024w, https:\/\/viennaguru.com\/wp-content\/uploads\/2023\/08\/Rathausplatz-Vienne-300x225.jpg 300w, https:\/\/viennaguru.com\/wp-content\/uploads\/2023\/08\/Rathausplatz-Vienne-768x576.jpg 768w, https:\/\/viennaguru.com\/wp-content\/uploads\/2023\/08\/Rathausplatz-Vienne-1536x1152.jpg 1536w, https:\/\/viennaguru.com\/wp-content\/uploads\/2023\/08\/Rathausplatz-Vienne.jpg 1600w\" sizes=\"auto, (max-width: 1024px) 100vw, 1024px\" \/><\/figure>\n\n\n\n<p>Pour entamer le programme de 4 jours \u00e0 Vienne, nous nous rendrons d&rsquo;abord \u00e0 Rathausplatz, \u00e9galement connue sous le nom de Place de l&rsquo;H\u00f4tel de Ville.<\/p>\n\n\n\n<p>L&rsquo;attraction principale est le superbe b\u00e2timent qui abrite l&rsquo;H\u00f4tel de Ville de Vienne. <\/p>\n\n\n\n<p>Construit entre <strong>1872 et 1883 <\/strong>sous la direction de l&rsquo;architecte <strong>Friedrich von Schmidt<\/strong>, il pr\u00e9sente un style n\u00e9ogothique impressionnant. Sa tour centrale s&rsquo;\u00e9l\u00e8ve \u00e0 pr\u00e8s de 100 m\u00e8tres (97,9 m\u00e8tres pour \u00eatre pr\u00e9cis), avec la c\u00e9l\u00e8bre figure de l&rsquo;Homme de Fer de l&rsquo;H\u00f4tel de Ville, une statue qui ajoute 6 m\u00e8tres \u00e0 la hauteur de la tour.<\/p>\n\n\n\n<p><strong>Conseil: du Guru :<\/strong> En novembre, la place se transforme en un vaste march\u00e9 de No\u00ebl, et de janvier \u00e0 mars, elle devient une patinoire sur glace spectaculaire.<\/p>\n\n\n\n<p>Je vous laisse <a href=\"https:\/\/maps.app.goo.gl\/h6zPw3z257voPEBk8\" target=\"_blank\" aria-label=\" (opens in a new tab)\" rel=\"noreferrer noopener\" class=\"ek-link\">la position sur Google Maps<\/a>.<\/p>\n\n\n\n<h4 class=\"wp-block-heading\">Kunsthistorisches Museum<\/h4>\n\n\n\n<figure class=\"wp-block-image size-large\"><img loading=\"lazy\" decoding=\"async\" width=\"1024\" height=\"768\" src=\"https:\/\/viennaguru.com\/wp-content\/uploads\/2023\/08\/Kunsthistorisches-Museum-dans-un-itineraire-de-4-jours-a-Vienne-1024x768.jpg\" alt=\"Kunsthistorisches Museum, dans un itine\u0301raire de 4 jours a\u0300 Vienne\" class=\"wp-image-6397\" srcset=\"https:\/\/viennaguru.com\/wp-content\/uploads\/2023\/08\/Kunsthistorisches-Museum-dans-un-itineraire-de-4-jours-a-Vienne-1024x768.jpg 1024w, https:\/\/viennaguru.com\/wp-content\/uploads\/2023\/08\/Kunsthistorisches-Museum-dans-un-itineraire-de-4-jours-a-Vienne-300x225.jpg 300w, https:\/\/viennaguru.com\/wp-content\/uploads\/2023\/08\/Kunsthistorisches-Museum-dans-un-itineraire-de-4-jours-a-Vienne-768x576.jpg 768w, https:\/\/viennaguru.com\/wp-content\/uploads\/2023\/08\/Kunsthistorisches-Museum-dans-un-itineraire-de-4-jours-a-Vienne-1536x1152.jpg 1536w, https:\/\/viennaguru.com\/wp-content\/uploads\/2023\/08\/Kunsthistorisches-Museum-dans-un-itineraire-de-4-jours-a-Vienne.jpg 1600w\" sizes=\"auto, (max-width: 1024px) 100vw, 1024px\" \/><\/figure>\n\n\n\n<p>Comme je vous l&rsquo;ai annonc\u00e9, la journ\u00e9e d&rsquo;aujourd&rsquo;hui est presque enti\u00e8rement d\u00e9di\u00e9e \u00e0 la visite des mus\u00e9es. Le premier d&rsquo;entre eux est <strong>le Mus\u00e9e d&rsquo;Histoire de l&rsquo;Art<\/strong> (ou <strong><a href=\"https:\/\/www.getyourguide.fr\/vienne-l7\/billet-pour-le-musee-d-histoire-de-l-art-de-vienne-t128454\/?partner_id=KC753P7&amp;utm_medium=online_publisher&amp;cmp=vienne_4jours_post\" target=\"_blank\" aria-label=\" (opens in a new tab)\" rel=\"noreferrer noopener nofollow\" class=\"ek-link\">Kunsthistorisches Museum<\/a><\/strong>).<\/p>\n\n\n\n<p>Un mus\u00e9e qui abrite une quantit\u00e9 impressionnante d&rsquo;\u0153uvres, allant de l&rsquo;Antiquit\u00e9 au XVIIIe si\u00e8cle.<\/p>\n\n\n\n<p>Pour cette raison, la visite occupera pratiquement toute la matin\u00e9e.<\/p>\n\n\n\n<p><strong>Que voir \u00e0 l&rsquo;int\u00e9rieur ?<\/strong><\/p>\n\n\n\n<p>Comme je l&rsquo;ai mentionn\u00e9, le mus\u00e9e est tr\u00e8s vaste, et il est peu probable que les 3 \u00e0 4 heures dont nous disposons le matin suffisent pour tout voir.<\/p>\n\n\n\n<p>Les sections les plus importantes comprennent :<\/p>\n\n\n\n<ul class=\"wp-block-list\">\n<li><strong>La Pinacoth\u00e8que :<\/strong> une galerie exposant des \u0153uvres d&rsquo;art europ\u00e9ennes, notamment des tableaux des \u00e9coles fran\u00e7aise, espagnole et italienne.<\/li>\n\n\n\n<li><strong>La Collection \u00c9gyptienne et l&rsquo;Art Antique :<\/strong> deux sections pr\u00e9sentant des artefacts provenant de diverses civilisations, notamment les civilisations romaine et \u00e9gyptienne.<\/li>\n\n\n\n<li><strong>La Kunstkammer : <\/strong>une collection abritant environ 2000 objets curieux et de petites \u0153uvres d&rsquo;art, rassembl\u00e9s par les Habsbourg au fil des si\u00e8cles. Parmi eux, la pi\u00e8ce la plus remarquable est la Saliera, cr\u00e9\u00e9e par Benvenuto Cellini.<\/li>\n<\/ul>\n\n\n\n<p>Et voici toutes les informations pour planifier votre visite :<\/p>\n\n\n\n<ul class=\"wp-block-list\">\n<li><strong>Billets<\/strong> : 21 \u20ac pour les adultes, 18 \u20ac pour les \u00e9tudiants universitaires avec carte et les plus de 65 ans, gratuit pour les moins de 18 ans. <strong><a href=\"https:\/\/www.getyourguide.fr\/vienne-l7\/billet-pour-le-musee-d-histoire-de-l-art-de-vienne-t128454\/?partner_id=KC753P7&amp;utm_medium=online_publisher&amp;cmp=vienne_4jours_post\" target=\"_blank\" aria-label=\" (opens in a new tab)\" rel=\"noreferrer noopener nofollow\" class=\"ek-link\">Le billet est achetable en ligne sur ce site<\/a><\/strong>.<\/li>\n\n\n\n<li><strong>Horaires<\/strong> : tous les jours de 10h00 \u00e0 18h00.<\/li>\n\n\n\n<li><strong>Emplacement<\/strong> : Maria-Theresien-Platz. Si vous suivez l&rsquo;itin\u00e9raire que je vous propose, vous pourrez atteindre l&rsquo;attraction \u00e0 pied depuis le Mus\u00e9e de Sissi en seulement 8 minutes. <a href=\"https:\/\/maps.app.goo.gl\/xRseX16iFAGKxBey7\" target=\"_blank\" aria-label=\" (opens in a new tab)\" rel=\"noreferrer noopener\" class=\"ek-link\">Voici l&#8217;emplacement exact<\/a>.<\/li>\n<\/ul>\n\n\n\n<h4 class=\"wp-block-heading\">Mus\u00e9e de la Musique<\/h4>\n\n\n\n<p>Pendant mon s\u00e9jour \u00e0 Vienne, l&rsquo;un des mus\u00e9es qui m&rsquo;a le plus impressionn\u00e9 est celui d\u00e9di\u00e9 \u00e0 la musique, <strong>la Haus der Musik<\/strong>, un centre culturel c\u00e9l\u00e9brant l&rsquo;illustre h\u00e9ritage musical de la ville. <\/p>\n\n\n\n<p>Et honn\u00eatement, si vous venez visiter Vienne en 4 jours, ne ratez pas l&rsquo;occasion de d\u00e9couvrir la beaut\u00e9 et le charme du mus\u00e9e de la musique dans la capitale de la musique.<\/p>\n\n\n\n<p>Vienne est souvent qualifi\u00e9e de <strong>capitale de la musique classique<\/strong>, car elle a vu na\u00eetre un nombre extraordinaire de compositeurs, dont des ic\u00f4nes telles que Mozart, Schubert, Strauss (fils) et Haydn.<\/p>\n\n\n\n<p>Plus qu&rsquo;un simple mus\u00e9e, je d\u00e9crirais la Haus der Musik comme <strong>une v\u00e9ritable exp\u00e9rience interactive et immersive.<\/strong><\/p>\n\n\n\n<p>En explorant la riche histoire musicale viennoise et ses instruments, vous avez \u00e9galement la possibilit\u00e9 d&rsquo;interagir avec diff\u00e9rentes installations interactives.<\/p>\n\n\n\n<p>L&rsquo;une des exp\u00e9riences les plus m\u00e9morables pour moi a \u00e9t\u00e9 \u00ab\u00a0<strong>The Opera Brain<\/strong>\u00ab\u00a0, situ\u00e9e au dernier \u00e9tage. Cette exp\u00e9rience vous met dans la peau d&rsquo;un chef d&rsquo;orchestre, dirigeant l&rsquo;orchestre symphonique.<\/p>\n\n\n\n<p>Pendant quelques instants, j&rsquo;ai eu l&rsquo;impression d&rsquo;\u00eatre un vrai chef d&rsquo;orchestre, dirigeant l&rsquo;Orchestre Philharmonique de Vienne dans la Goldener Saal du Wiener Musikverein, modulant dynamique, rythme et accents. C&rsquo;\u00e9tait une exp\u00e9rience immersive et amusante, aussi bien pour les adultes que pour les enfants.<\/p>\n\n\n\n<ul class=\"wp-block-list\">\n<li><strong>Billets<\/strong> : le billet co\u00fbte 17 \u20ac pour les adultes, 13 \u20ac pour les 12 \u00e0 17 ans et 7 \u20ac pour les enfants de 3 \u00e0 11 ans. <strong><a aria-label=\" Le billet est achetable en ligne sur ce site (opens in a new tab)\" href=\"https:\/\/www.getyourguide.fr\/vienne-l7\/vienne-billet-coupe-file-pour-la-maison-de-la-musique-t707\/?partner_id=KC753P7&amp;utm_medium=online_publisher&amp;cmp=vienne_4jours_post\" target=\"_blank\" rel=\"noreferrer noopener nofollow\" class=\"ek-link\">Le billet est achetable en ligne sur ce site<\/a><\/strong>.<\/li>\n\n\n\n<li><strong>Horaires<\/strong> : tous les jours de 10h00 \u00e0 22h00.<\/li>\n\n\n\n<li><strong>Emplacement<\/strong> : Seilerst\u00e4tte 30. <a href=\"https:\/\/maps.app.goo.gl\/VTMs3qnkTfgZgXKh7\" target=\"_blank\" aria-label=\" (opens in a new tab)\" rel=\"noreferrer noopener\" class=\"ek-link\">Position sur Maps<\/a>.<\/li>\n<\/ul>\n\n\n\n<h3 class=\"wp-block-heading\">MuseumQuartier<\/h3>\n\n\n\n<figure class=\"wp-block-image size-large\"><img loading=\"lazy\" decoding=\"async\" width=\"1024\" height=\"768\" src=\"https:\/\/viennaguru.com\/wp-content\/uploads\/2023\/08\/MuseumQuartier-a-visiter-en-4-jours-a-Vienne-1024x768.jpg\" alt=\"MuseumQuartier, a\u0300 visiter en 4 jours a\u0300 Vienne\" class=\"wp-image-6400\" srcset=\"https:\/\/viennaguru.com\/wp-content\/uploads\/2023\/08\/MuseumQuartier-a-visiter-en-4-jours-a-Vienne-1024x768.jpg 1024w, https:\/\/viennaguru.com\/wp-content\/uploads\/2023\/08\/MuseumQuartier-a-visiter-en-4-jours-a-Vienne-300x225.jpg 300w, https:\/\/viennaguru.com\/wp-content\/uploads\/2023\/08\/MuseumQuartier-a-visiter-en-4-jours-a-Vienne-768x576.jpg 768w, https:\/\/viennaguru.com\/wp-content\/uploads\/2023\/08\/MuseumQuartier-a-visiter-en-4-jours-a-Vienne-1536x1152.jpg 1536w, https:\/\/viennaguru.com\/wp-content\/uploads\/2023\/08\/MuseumQuartier-a-visiter-en-4-jours-a-Vienne.jpg 1600w\" sizes=\"auto, (max-width: 1024px) 100vw, 1024px\" \/><\/figure>\n\n\n\n<p>Pour la prochaine \u00e9tape, nous nous dirigeons vers le quartier de Neubau, tr\u00e8s proche du centre. Le MuseumQuartier est <strong>l&rsquo;un des plus grands centres culturels d&rsquo;Europe.<\/strong><\/p>\n\n\n\n<p>Le complexe qui abrite le MQ a \u00e9t\u00e9 construit \u00e0 la fin du XIXe si\u00e8cle pour servir d&rsquo;\u00e9curies de la cour, pouvant accueillir 200 carrosses et plus de 600 chevaux.<\/p>\n\n\n\n<p>En 2001, il a \u00e9t\u00e9 transform\u00e9 en un immense centre culturel, s&rsquo;\u00e9tendant sur une superficie de 60 000 m\u00b2.<\/p>\n\n\n\n<p><strong>Que trouverez-vous \u00e0 l&rsquo;int\u00e9rieur du MQ ?<\/strong><\/p>\n\n\n\n<p>Tout d&rsquo;abord, des mus\u00e9es. Voici les principaux :<\/p>\n\n\n\n<ul class=\"wp-block-list\">\n<li><strong>Mus\u00e9e Leopold : <\/strong>exposant des \u0153uvres d&rsquo;artistes autrichiens, notamment Schiele.<\/li>\n\n\n\n<li><strong>Museum Moderner Kunst Stiftung Ludwig Wien (MUMOK)<\/strong> : un important mus\u00e9e d&rsquo;art moderne et contemporain.<\/li>\n\n\n\n<li><strong>Kunsthalle Wien :<\/strong> une galerie d&rsquo;art ax\u00e9e sur le si\u00e8cle pr\u00e9c\u00e9dent.<\/li>\n\n\n\n<li><strong>Architekturzentrum Wien :<\/strong> un mus\u00e9e se concentrant sur l&rsquo;architecture autrichienne et le design.<\/li>\n\n\n\n<li><strong>ZOOM Kindermuseum : <\/strong>un mus\u00e9e enti\u00e8rement d\u00e9di\u00e9 aux enfants, proposant de nombreuses activit\u00e9s int\u00e9ressantes et engageantes.<\/li>\n<\/ul>\n\n\n<style>.kadence-column5878_bfa521-a4 > .kt-inside-inner-col{padding-top:var(--global-kb-spacing-xs, 1rem);padding-right:var(--global-kb-spacing-xs, 1rem);padding-bottom:var(--global-kb-spacing-xs, 1rem);padding-left:var(--global-kb-spacing-xs, 1rem);}.kadence-column5878_bfa521-a4 > .kt-inside-inner-col,.kadence-column5878_bfa521-a4 > .kt-inside-inner-col:before{border-top-left-radius:0px;border-top-right-radius:0px;border-bottom-right-radius:0px;border-bottom-left-radius:0px;}.kadence-column5878_bfa521-a4 > .kt-inside-inner-col{column-gap:var(--global-kb-gap-sm, 1rem);}.kadence-column5878_bfa521-a4 > .kt-inside-inner-col{flex-direction:column;}.kadence-column5878_bfa521-a4 > .kt-inside-inner-col > .aligncenter{width:100%;}.kadence-column5878_bfa521-a4 > .kt-inside-inner-col{background-color:var(--global-palette8, #F7FAFC);}.kadence-column5878_bfa521-a4 > .kt-inside-inner-col:before{opacity:0.3;}.kadence-column5878_bfa521-a4{position:relative;}.kadence-column5878_bfa521-a4, .kt-inside-inner-col > .kadence-column5878_bfa521-a4:not(.specificity){margin-top:var(--global-kb-spacing-xs, 1rem);margin-bottom:var(--global-kb-spacing-xs, 1rem);}@media all and (max-width: 1024px){.kadence-column5878_bfa521-a4 > .kt-inside-inner-col{flex-direction:column;justify-content:center;}}@media all and (max-width: 767px){.kadence-column5878_bfa521-a4 > .kt-inside-inner-col{flex-direction:column;justify-content:center;}}<\/style>\n<div class=\"wp-block-kadence-column kadence-column5878_bfa521-a4\"><div class=\"kt-inside-inner-col\">\n<p><strong>Conseils du Guru : <\/strong>Le MuseumQuartier, en plus d&rsquo;abriter des mus\u00e9es, propose plusieurs restaurants, caf\u00e9s et bars qui, durant la belle saison, attirent les jeunes et transforment ce centre culturel en une v\u00e9ritable zone de vie nocturne.<\/p>\n<\/div><\/div>\n\n\n<style>.kadence-column5878_bd8924-df > .kt-inside-inner-col{padding-top:var(--global-kb-spacing-xs, 1rem);padding-right:var(--global-kb-spacing-xs, 1rem);padding-bottom:var(--global-kb-spacing-xs, 1rem);padding-left:var(--global-kb-spacing-xs, 1rem);}.kadence-column5878_bd8924-df > .kt-inside-inner-col,.kadence-column5878_bd8924-df > .kt-inside-inner-col:before{border-top-left-radius:0px;border-top-right-radius:0px;border-bottom-right-radius:0px;border-bottom-left-radius:0px;}.kadence-column5878_bd8924-df > .kt-inside-inner-col{column-gap:var(--global-kb-gap-sm, 1rem);}.kadence-column5878_bd8924-df > .kt-inside-inner-col{flex-direction:column;}.kadence-column5878_bd8924-df > .kt-inside-inner-col > .aligncenter{width:100%;}.kadence-column5878_bd8924-df > .kt-inside-inner-col{background-color:#f2fdec;}.kadence-column5878_bd8924-df > .kt-inside-inner-col:before{opacity:0.3;}.kadence-column5878_bd8924-df{position:relative;}.kadence-column5878_bd8924-df, .kt-inside-inner-col > .kadence-column5878_bd8924-df:not(.specificity){margin-top:var(--global-kb-spacing-xs, 1rem);margin-bottom:var(--global-kb-spacing-xs, 1rem);}@media all and (max-width: 1024px){.kadence-column5878_bd8924-df > .kt-inside-inner-col{flex-direction:column;justify-content:center;}}@media all and (max-width: 767px){.kadence-column5878_bd8924-df > .kt-inside-inner-col{flex-direction:column;justify-content:center;}}<\/style>\n<div class=\"wp-block-kadence-column kadence-column5878_bd8924-df\"><div class=\"kt-inside-inner-col\">\n<p><strong>Quel mus\u00e9e visiter ?<\/strong><\/p>\n\n\n\n<p>Je vous recommande vivement <strong>de visiter au moins un mus\u00e9e<\/strong> avant de conclure cette journ\u00e9e avec notre prochaine \u00e9tape. <\/p>\n\n\n\n<p><strong>Mon conseil ?<\/strong> Le Leopold Museum, o\u00f9 l&rsquo;exposition de Klimt et Schiele est remarquable ! Voici le lien pour acheter vos billets en ligne : <strong><a aria-label=\" (opens in a new tab)\" href=\"https:\/\/www.getyourguide.fr\/musee-leopold-l4620\/vienne-billets-pour-le-musee-leopold-t15813\/?partner_id=KC753P7&amp;utm_medium=online_publisher&amp;cmp=vienne_4jours_post\" target=\"_blank\" rel=\"noreferrer noopener nofollow\" class=\"ek-link\">Billet pour le Leopold Museum<\/a><\/strong>.<\/p>\n<\/div><\/div>\n\n\n\n<h4 class=\"wp-block-heading\">Soir\u00e9e \u00e0 Spittelberg<\/h4>\n\n\n\n<p><strong><em>O\u00f9 sortir le soir \u00e0 Vienne pendant ces 4 jours ?<\/em><\/strong><\/p>\n\n\n\n<p>Les zones de vie nocturne sont diss\u00e9min\u00e9es dans diff\u00e9rentes parties de la ville. Cependant, comme notre itin\u00e9raire se concentre sur <strong>la partie sud du centre et le district de Neubau<\/strong>, je vous recommande de visiter Spittelberg, une zone proche du MuseumQuartier. <\/p>\n\n\n\n<p>Ce quartier est c\u00e9l\u00e8bre pour ses ruelles pav\u00e9es, ses \u00e9l\u00e9gantes cours romantiques, et sa grande <strong>concentration de bars et de lieux pris\u00e9s<\/strong> par les Viennois et les \u00e9tudiants de l&rsquo;universit\u00e9 voisine.<\/p>\n\n\n<style>.kadence-column5878_681d12-ba > .kt-inside-inner-col{padding-top:var(--global-kb-spacing-xs, 1rem);padding-right:var(--global-kb-spacing-xs, 1rem);padding-bottom:var(--global-kb-spacing-xs, 1rem);padding-left:var(--global-kb-spacing-xs, 1rem);}.kadence-column5878_681d12-ba > .kt-inside-inner-col,.kadence-column5878_681d12-ba > .kt-inside-inner-col:before{border-top-left-radius:0px;border-top-right-radius:0px;border-bottom-right-radius:0px;border-bottom-left-radius:0px;}.kadence-column5878_681d12-ba > .kt-inside-inner-col{column-gap:var(--global-kb-gap-sm, 1rem);}.kadence-column5878_681d12-ba > .kt-inside-inner-col{flex-direction:column;}.kadence-column5878_681d12-ba > .kt-inside-inner-col > .aligncenter{width:100%;}.kadence-column5878_681d12-ba > .kt-inside-inner-col{background-color:var(--global-palette8, #F7FAFC);}.kadence-column5878_681d12-ba > .kt-inside-inner-col:before{opacity:0.3;}.kadence-column5878_681d12-ba{position:relative;}.kadence-column5878_681d12-ba, .kt-inside-inner-col > .kadence-column5878_681d12-ba:not(.specificity){margin-top:var(--global-kb-spacing-xs, 1rem);margin-bottom:var(--global-kb-spacing-xs, 1rem);}@media all and (max-width: 1024px){.kadence-column5878_681d12-ba > .kt-inside-inner-col{flex-direction:column;justify-content:center;}}@media all and (max-width: 767px){.kadence-column5878_681d12-ba > .kt-inside-inner-col{flex-direction:column;justify-content:center;}}<\/style>\n<div class=\"wp-block-kadence-column kadence-column5878_681d12-ba\"><div class=\"kt-inside-inner-col\">\n<p><strong>Conseil du Guru :<\/strong> \u00c0 partir de novembre, Spittelberg accueille l&rsquo;un des march\u00e9s de No\u00ebl les plus c\u00e9l\u00e8bres et pittoresques de Vienne. \u00c0 ne pas manquer ! Voici <a aria-label=\" (opens in a new tab)\" href=\"https:\/\/maps.app.goo.gl\/wi6bhaCKTPun7zqs5\" target=\"_blank\" rel=\"noreferrer noopener\" class=\"ek-link\">la position de Spittelberg sur Maps<\/a>.<\/p>\n<\/div><\/div>\n\n\n\n<h2 class=\"wp-block-heading\">Jour 3 : Landstrasse et Wieden<\/h2>\n\n\n\n<figure class=\"wp-block-image size-large\"><img loading=\"lazy\" decoding=\"async\" width=\"1024\" height=\"768\" src=\"https:\/\/viennaguru.com\/wp-content\/uploads\/2023\/08\/4-jours-a-vienne-1024x768.jpg\" alt=\"4 jours a\u0300 vienne\" class=\"wp-image-6361\" srcset=\"https:\/\/viennaguru.com\/wp-content\/uploads\/2023\/08\/4-jours-a-vienne-1024x768.jpg 1024w, https:\/\/viennaguru.com\/wp-content\/uploads\/2023\/08\/4-jours-a-vienne-300x225.jpg 300w, https:\/\/viennaguru.com\/wp-content\/uploads\/2023\/08\/4-jours-a-vienne-768x576.jpg 768w, https:\/\/viennaguru.com\/wp-content\/uploads\/2023\/08\/4-jours-a-vienne-1536x1152.jpg 1536w, https:\/\/viennaguru.com\/wp-content\/uploads\/2023\/08\/4-jours-a-vienne.jpg 1600w\" sizes=\"auto, (max-width: 1024px) 100vw, 1024px\" \/><\/figure>\n\n\n\n<p><strong>Terminons notre d\u00e9couverte de Vienne en 4 jours avec l&rsquo;itin\u00e9raire du troisi\u00e8me jour.<\/strong><\/p>\n\n\n\n<p>Aujourd&rsquo;hui, nous explorerons 2 quartiers fascinants : <strong>Landstrasse<\/strong>, un quartier \u00e9l\u00e9gant riche en espaces verts, et <strong>Wieden<\/strong>, qui abrite la plus grande place de Vienne.<\/p>\n\n\n\n<p>Voici la carte de l&rsquo;itin\u00e9raire d&rsquo;aujourd&rsquo;hui et une liste des attractions :<\/p>\n\n\n\n<ul class=\"wp-block-list\">\n<li><strong>Hundertwasserhaus<\/strong><\/li>\n\n\n\n<li><strong>Kunst Haus Wien<\/strong><\/li>\n\n\n\n<li><strong>Ch\u00e2teau du Belv\u00e9d\u00e8re<\/strong><\/li>\n\n\n\n<li><strong>Karlskirche<\/strong><\/li>\n\n\n\n<li><strong>Naschmarkt et discoth\u00e8que Club U<\/strong><\/li>\n<\/ul>\n\n\n\n<iframe loading=\"lazy\" src=\"https:\/\/www.google.com\/maps\/d\/u\/0\/embed?mid=10UKV7zxSGjrJ8asnR5Gq8b0i1Q0nqLo&#038;ehbc=2E312F&#038;noprof=1\" width=\"640\" height=\"480\"><\/iframe>\n\n\n\n<h3 class=\"wp-block-heading\">Hundertwasserhaus<\/h3>\n\n\n\n<figure class=\"wp-block-image size-large\"><img loading=\"lazy\" decoding=\"async\" width=\"1024\" height=\"768\" src=\"https:\/\/viennaguru.com\/wp-content\/uploads\/2023\/08\/Hundertwasserhaus-Vienne-1024x768.jpg\" alt=\"Hundertwasserhaus, Vienne\" class=\"wp-image-6385\" srcset=\"https:\/\/viennaguru.com\/wp-content\/uploads\/2023\/08\/Hundertwasserhaus-Vienne-1024x768.jpg 1024w, https:\/\/viennaguru.com\/wp-content\/uploads\/2023\/08\/Hundertwasserhaus-Vienne-300x225.jpg 300w, https:\/\/viennaguru.com\/wp-content\/uploads\/2023\/08\/Hundertwasserhaus-Vienne-768x576.jpg 768w, https:\/\/viennaguru.com\/wp-content\/uploads\/2023\/08\/Hundertwasserhaus-Vienne-1536x1152.jpg 1536w, https:\/\/viennaguru.com\/wp-content\/uploads\/2023\/08\/Hundertwasserhaus-Vienne.jpg 1600w\" sizes=\"auto, (max-width: 1024px) 100vw, 1024px\" \/><\/figure>\n\n\n\n<p>Nous commen\u00e7ons le troisi\u00e8me jour de ce tour de 4 jours \u00e0 Vienne avec le quartier \u00e9l\u00e9gant de Landstrasse, et la visite de l&rsquo;une de ses attractions les plus fascinantes.<\/p>\n\n\n\n<p>Hundertwasserhaus, <strong>un b\u00e2timent compos\u00e9 de 52 logements sociaux<\/strong>, est le fruit de l&rsquo;ing\u00e9niosit\u00e9 de l&rsquo;artiste Friedensreich Hundertwasser, qui a cr\u00e9\u00e9 un \u00e9difice incroyable.<\/p>\n\n\n\n<p>Un mosa\u00efque vivant de couleurs, de formes et de v\u00e9g\u00e9tation, sans lignes droites, angles ou ar\u00eates.<\/p>\n\n\n\n<p>Malheureusement, il n&rsquo;est pas possible de visiter l&rsquo;int\u00e9rieur du b\u00e2timent, car il s&rsquo;agit d&rsquo;une structure r\u00e9sidentielle.<\/p>\n\n\n\n<p>Cependant, juste en face de cette structure \u00e9clectique, nous trouvons une autre \u0153uvre int\u00e9ressante con\u00e7ue par l&rsquo;artiste, <strong>le Hundertwasser Village<\/strong>.<\/p>\n\n\n\n<p>Il s&rsquo;agit d&rsquo;une usine de pneus, convertie par Hundertwasser en un mini centre commercial aux caract\u00e9ristiques similaires au complexe de logements sociaux.<\/p>\n\n\n\n<p>Voici la position exacte de la <a href=\"https:\/\/maps.app.goo.gl\/g5GF3mnfHevA9YeYA\" target=\"_blank\" aria-label=\" (opens in a new tab)\" rel=\"noreferrer noopener\" class=\"ek-link\">Hundertwasserhaus<\/a>.<\/p>\n\n\n\n<h4 class=\"wp-block-heading\">Kunst Haus Wien<\/h4>\n\n\n\n<figure class=\"wp-block-embed is-type-video is-provider-youtube wp-block-embed-youtube wp-embed-aspect-16-9 wp-has-aspect-ratio\"><div class=\"wp-block-embed__wrapper\">\n<iframe loading=\"lazy\" title=\"Kunst Haus Wien - VIENNA\/NOW Sights\" width=\"720\" height=\"405\" src=\"https:\/\/www.youtube.com\/embed\/CP_-5YmudE4?feature=oembed\" frameborder=\"0\" allow=\"accelerometer; autoplay; clipboard-write; encrypted-media; gyroscope; picture-in-picture; web-share\" referrerpolicy=\"strict-origin-when-cross-origin\" allowfullscreen><\/iframe>\n<\/div><\/figure>\n\n\n\n<p>Continuons notre itin\u00e9raire sur l&rsquo;Untere Wei\u00dfgerberstra\u00dfe, o\u00f9 se trouve le <strong><a href=\"https:\/\/www.tiqets.com\/fr\/activites-attractions-vienne-c60335\/billets-pour-kunst-haus-wien-musee-hundertwasser-p976261\/?partner=viennaguru&amp;tq_campaign=vienne_4jours_post\" target=\"_blank\" rel=\"noreferrer noopener nofollow\">Kunst Haus Wien<\/a><\/strong>, une ancienne usine de meubles transform\u00e9e en mus\u00e9e enti\u00e8rement d\u00e9di\u00e9 \u00e0 l&rsquo;artiste singulier Friedensreich Hundertwasser.<\/p>\n\n\n\n<p>\u00c0 l&rsquo;int\u00e9rieur, vous pourrez d\u00e9couvrir <strong>l&rsquo;histoire de cet artiste<\/strong>, ses \u0153uvres, ses peintures, ses dessins, et sa philosophie de vie ax\u00e9e sur les changements climatiques et la durabilit\u00e9.<\/p>\n\n\n\n<p><em>Le mus\u00e9e est r\u00e9parti sur 2 \u00e9tages et abrite une exposition permanente centr\u00e9e sur Hundertwasser, un caf\u00e9-restaurant, une boutique, et une zone pour les expositions temporaires de photographie.<\/em><\/p>\n\n\n\n<p>Voici toutes les informations utiles pour planifier votre visite :<\/p>\n\n\n\n<ul class=\"wp-block-list\">\n<li><strong>Billets<\/strong> : 15 \u20ac pour les adultes et 6 \u20ac pour les enfants. Les billets sont disponibles <strong><a href=\"https:\/\/www.tiqets.com\/fr\/activites-attractions-vienne-c60335\/billets-pour-kunst-haus-wien-musee-hundertwasser-p976261\/?partner=viennaguru&amp;tq_campaign=vienne_4jours_post\" target=\"_blank\" rel=\"noreferrer noopener nofollow\">en ligne sur ce site<\/a><\/strong>.<\/li>\n\n\n\n<li><strong>Horaires<\/strong> : tous les jours de 10h00 \u00e0 18h00.<\/li>\n\n\n\n<li><strong>Emplacement<\/strong> : Untere Wei\u00dfgerberstra\u00dfe 13. <a href=\"https:\/\/maps.app.goo.gl\/t8Tn9ppCHAzL3pgQ9\" target=\"_blank\" aria-label=\" (opens in a new tab)\" rel=\"noreferrer noopener\" class=\"ek-link\">Position sur Maps<\/a>.<\/li>\n<\/ul>\n\n\n\n<h4 class=\"wp-block-heading\">Ch\u00e2teau du Belv\u00e9d\u00e8re<\/h4>\n\n\n\n<figure class=\"wp-block-image size-large\"><img loading=\"lazy\" decoding=\"async\" width=\"1024\" height=\"768\" src=\"https:\/\/viennaguru.com\/wp-content\/uploads\/2023\/08\/Chateau-du-Belvedere-Vienne-1-1024x768.jpg\" alt=\"Cha\u0302teau du Belve\u0301de\u0300re, Vienne\" class=\"wp-image-6376\" srcset=\"https:\/\/viennaguru.com\/wp-content\/uploads\/2023\/08\/Chateau-du-Belvedere-Vienne-1-1024x768.jpg 1024w, https:\/\/viennaguru.com\/wp-content\/uploads\/2023\/08\/Chateau-du-Belvedere-Vienne-1-300x225.jpg 300w, https:\/\/viennaguru.com\/wp-content\/uploads\/2023\/08\/Chateau-du-Belvedere-Vienne-1-768x576.jpg 768w, https:\/\/viennaguru.com\/wp-content\/uploads\/2023\/08\/Chateau-du-Belvedere-Vienne-1-1536x1152.jpg 1536w, https:\/\/viennaguru.com\/wp-content\/uploads\/2023\/08\/Chateau-du-Belvedere-Vienne-1.jpg 1600w\" sizes=\"auto, (max-width: 1024px) 100vw, 1024px\" \/><\/figure>\n\n\n<style>.kadence-column5878_6ed58b-e2 > .kt-inside-inner-col{padding-top:var(--global-kb-spacing-xs, 1rem);padding-right:var(--global-kb-spacing-xs, 1rem);padding-bottom:var(--global-kb-spacing-xs, 1rem);padding-left:var(--global-kb-spacing-xs, 1rem);}.kadence-column5878_6ed58b-e2 > .kt-inside-inner-col,.kadence-column5878_6ed58b-e2 > .kt-inside-inner-col:before{border-top-left-radius:0px;border-top-right-radius:0px;border-bottom-right-radius:0px;border-bottom-left-radius:0px;}.kadence-column5878_6ed58b-e2 > .kt-inside-inner-col{column-gap:var(--global-kb-gap-sm, 1rem);}.kadence-column5878_6ed58b-e2 > .kt-inside-inner-col{flex-direction:column;}.kadence-column5878_6ed58b-e2 > .kt-inside-inner-col > .aligncenter{width:100%;}.kadence-column5878_6ed58b-e2 > .kt-inside-inner-col{background-color:#f2fdec;}.kadence-column5878_6ed58b-e2 > .kt-inside-inner-col:before{opacity:0.3;}.kadence-column5878_6ed58b-e2{position:relative;}.kadence-column5878_6ed58b-e2, .kt-inside-inner-col > .kadence-column5878_6ed58b-e2:not(.specificity){margin-top:var(--global-kb-spacing-xs, 1rem);margin-bottom:var(--global-kb-spacing-xs, 1rem);}@media all and (max-width: 1024px){.kadence-column5878_6ed58b-e2 > .kt-inside-inner-col{flex-direction:column;justify-content:center;}}@media all and (max-width: 767px){.kadence-column5878_6ed58b-e2 > .kt-inside-inner-col{flex-direction:column;justify-content:center;}}<\/style>\n<div class=\"wp-block-kadence-column kadence-column5878_6ed58b-e2\"><div class=\"kt-inside-inner-col\">\n<p><strong>Attraction incluse avec le Vienna Pass ?<\/strong> Oui, le Belv\u00e9d\u00e8re et tous ses espaces sont accessibles gratuitement si vous disposez du Vienna Pass.<\/p>\n\n\n\n<p>O\u00f9 obtenir cette carte ? Vous pouvez la trouver <strong><a href=\"https:\/\/www.getyourguide.fr\/vienne-l7\/vienna-pass-deux-trois-ou-six-jours-de-visites-t50028\/?partner_id=KC753P7&amp;utm_medium=online_publisher&amp;cmp=vienne_4jours_post\" target=\"_blank\" aria-label=\" (opens in a new tab)\" rel=\"noreferrer noopener nofollow\" class=\"ek-link\">en ligne sur ce site<\/a><\/strong>.<\/p>\n<\/div><\/div>\n\n\n\n<p>Que voir \u00e0 Vienne en 4 jours ? <\/p>\n\n\n\n<p>Continuons notre itin\u00e9raire dans le quartier de Landstrasse, avec la visite de l&rsquo;attraction la plus importante, le <strong>Ch\u00e2teau du Belv\u00e9d\u00e8re.<\/strong><\/p>\n\n\n\n<p>Il s&rsquo;agit d&rsquo;un domaine princier, qui comprend 2 b\u00e2timents baroques et un \u00e9l\u00e9gant jardin. L&rsquo;\u0153uvre a \u00e9t\u00e9 command\u00e9e par le Prince Eug\u00e8ne de Savoie et con\u00e7ue par l&rsquo;architecte baroque <strong>Johann Lucas von Hildebrandt<\/strong>.<\/p>\n\n\n\n<p>Les deux b\u00e2timents \u00e0 visiter sont :<\/p>\n\n\n\n<ul class=\"wp-block-list\">\n<li><strong>Belv\u00e9d\u00e8re Sup\u00e9rieur<\/strong> : abrite l&rsquo;exposition la plus importante, retra\u00e7ant 800 ans d&rsquo;histoire de l&rsquo;art autrichien. L&rsquo;\u0153uvre la plus c\u00e9l\u00e8bre est \u00ab\u00a0Le Baiser\u00a0\u00bb de Gustav Klimt.<\/li>\n\n\n\n<li><strong>Belv\u00e9d\u00e8re Inf\u00e9rieur<\/strong> : abrite une exposition d&rsquo;art baroque et des expositions temporaires.<\/li>\n<\/ul>\n\n\n\n<p>Pour acc\u00e9der aux deux b\u00e2timents, il faudra acheter deux billets s\u00e9par\u00e9s. Si vous manquez de temps, je vous conseille de<strong> <a href=\"https:\/\/www.civitatis.com\/fr\/vienne\/billet-musees-belvedere\/?aid=13436&amp;cmp=vienne_4jours_post\" target=\"_blank\" data-type=\"link\" data-id=\"https:\/\/www.civitatis.com\/fr\/vienne\/billet-musees-belvedere\/?aid=13436&amp;cmp=vienne_4jours_post\" rel=\"noreferrer noopener nofollow\">visiter uniquement le Belv\u00e9d\u00e8re Sup\u00e9rieur<\/a><\/strong>, qui abrite l&rsquo;exposition la plus importante.<\/p>\n\n\n\n<p>Voici les informations pour la visite :<\/p>\n\n\n\n<ul class=\"wp-block-list\">\n<li><strong>Billets pour le Belv\u00e9d\u00e8re Sup\u00e9rieur<\/strong> : 17,50 \u20ac pour les adultes et 14,10 \u20ac pour les plus de 65 ans. <a href=\"https:\/\/www.civitatis.com\/fr\/vienne\/billet-musees-belvedere\/?aid=13436&amp;cmp=vienne_4jours_post\" target=\"_blank\" data-type=\"link\" data-id=\"https:\/\/www.civitatis.com\/fr\/vienne\/billet-musees-belvedere\/?aid=13436&amp;cmp=vienne_4jours_post\" rel=\"noreferrer noopener nofollow\"><strong>Vous pouvez acheter les billets en ligne<\/strong><\/a>.<\/li>\n\n\n\n<li><strong>Billets pour le Belv\u00e9d\u00e8re Inf\u00e9rieur<\/strong> : 14,60 \u20ac pour les adultes et 10,90 \u20ac pour les \u00e9tudiants avec carte et les plus de 65 ans. La visite inclut les expositions temporaires. <strong><a href=\"https:\/\/www.civitatis.com\/fr\/vienne\/billet-musees-belvedere\/?aid=13436&amp;cmp=vienne_4jours_post\" target=\"_blank\" data-type=\"link\" data-id=\"https:\/\/www.civitatis.com\/fr\/vienne\/billet-musees-belvedere\/?aid=13436&amp;cmp=vienne_4jours_post\" rel=\"noreferrer noopener nofollow\">Les billets sont disponibles en ligne sur ce site<\/a><\/strong>.<\/li>\n\n\n\n<li><strong>Horaires<\/strong> : tous les jours de 9h00 \u00e0 18h00.<\/li>\n\n\n\n<li><strong>Emplacement<\/strong> : Prinz-Eugen-Stra\u00dfe 27, facilement accessible par le tram D, arr\u00eat Schloss Belvedere.<\/li>\n<\/ul>\n\n\n\n<h4 class=\"wp-block-heading\">Karlskirche, l&rsquo;\u00e9glise baroque de Karlsplatz<\/h4>\n\n\n\n<figure class=\"wp-block-image size-large\"><img loading=\"lazy\" decoding=\"async\" width=\"1024\" height=\"768\" src=\"https:\/\/viennaguru.com\/wp-content\/uploads\/2023\/08\/Karlskirche-a-visiter-a-Vienne-en-4-jours-1024x768.jpg\" alt=\"Karlskirche, a\u0300 visiter a\u0300 Vienne en 4 jours\" class=\"wp-image-6391\" srcset=\"https:\/\/viennaguru.com\/wp-content\/uploads\/2023\/08\/Karlskirche-a-visiter-a-Vienne-en-4-jours-1024x768.jpg 1024w, https:\/\/viennaguru.com\/wp-content\/uploads\/2023\/08\/Karlskirche-a-visiter-a-Vienne-en-4-jours-300x225.jpg 300w, https:\/\/viennaguru.com\/wp-content\/uploads\/2023\/08\/Karlskirche-a-visiter-a-Vienne-en-4-jours-768x576.jpg 768w, https:\/\/viennaguru.com\/wp-content\/uploads\/2023\/08\/Karlskirche-a-visiter-a-Vienne-en-4-jours-1536x1152.jpg 1536w, https:\/\/viennaguru.com\/wp-content\/uploads\/2023\/08\/Karlskirche-a-visiter-a-Vienne-en-4-jours.jpg 1600w\" sizes=\"auto, (max-width: 1024px) 100vw, 1024px\" \/><\/figure>\n\n\n\n<p><strong><em>Quoi visiter \u00e0 Vienne en 4 jours ?<\/em><\/strong><\/p>\n\n\n\n<p>Pour la deuxi\u00e8me partie de cet itin\u00e9raire, dirigeons-nous vers <strong>le quartier de Wieden<\/strong>, facilement accessible par le m\u00e9tro (station Karlsplatz).<\/p>\n\n\n\n<p>\u00c0 ce point, vous vous trouverez devant la plus grande place de Vienne, Karlsplatz. Vous ne pourrez pas manquer la majestueuse \u00e9glise baroque d\u00e9di\u00e9e \u00e0 Saint Charles Borrom\u00e9e, la <strong>Karlskirche<\/strong>.<\/p>\n\n\n\n<p>L&rsquo;\u00e9glise a \u00e9t\u00e9 \u00e9difi\u00e9e \u00e0 la fin de la peste du XVIIIe si\u00e8cle, qui a frapp\u00e9 la capitale autrichienne. La construction a eu lieu suite \u00e0 un v\u0153u fait par Charles VI, et l&rsquo;\u00e9glise est aujourd&rsquo;hui consid\u00e9r\u00e9e comme un exemple tr\u00e8s important du baroque autrichien.<\/p>\n\n\n\n<p>La fa\u00e7ade imposante est caract\u00e9ris\u00e9e par <strong>un grand d\u00f4me elliptique<\/strong> qui domine la structure de haut, s&rsquo;\u00e9levant \u00e0 72 m\u00e8tres de hauteur. De chaque c\u00f4t\u00e9, vous remarquerez <strong>deux grandes colonnes<\/strong>, tr\u00e8s similaires \u00e0 celle de <strong>Trajan <\/strong>\u00e0 Rome.<\/p>\n\n\n\n<p>L&rsquo;int\u00e9rieur est un triomphe d&rsquo;art d\u00e9coratif, avec des stucs en marbre, des reliefs, des statues et des \u00e9clats d&rsquo;or partout.<\/p>\n\n\n\n<p>La partie int\u00e9rieure du d\u00f4me est d\u00e9cor\u00e9e d&rsquo;une fresque d&rsquo;une beaut\u00e9 \u00e0 couper le souffle. Il est \u00e9galement possible de monter pour voir le d\u00f4me de plus pr\u00e8s, et ensuite se retrouver devant un panorama spectaculaire sur le centre de Vienne.<\/p>\n\n\n<style>.kadence-column5878_2c5838-0c > .kt-inside-inner-col{padding-top:var(--global-kb-spacing-xs, 1rem);padding-right:var(--global-kb-spacing-xs, 1rem);padding-bottom:var(--global-kb-spacing-xs, 1rem);padding-left:var(--global-kb-spacing-xs, 1rem);}.kadence-column5878_2c5838-0c > .kt-inside-inner-col,.kadence-column5878_2c5838-0c > .kt-inside-inner-col:before{border-top-left-radius:0px;border-top-right-radius:0px;border-bottom-right-radius:0px;border-bottom-left-radius:0px;}.kadence-column5878_2c5838-0c > .kt-inside-inner-col{column-gap:var(--global-kb-gap-sm, 1rem);}.kadence-column5878_2c5838-0c > .kt-inside-inner-col{flex-direction:column;}.kadence-column5878_2c5838-0c > .kt-inside-inner-col > .aligncenter{width:100%;}.kadence-column5878_2c5838-0c > .kt-inside-inner-col{background-color:var(--global-palette8, #F7FAFC);}.kadence-column5878_2c5838-0c > .kt-inside-inner-col:before{opacity:0.3;}.kadence-column5878_2c5838-0c{position:relative;}.kadence-column5878_2c5838-0c, .kt-inside-inner-col > .kadence-column5878_2c5838-0c:not(.specificity){margin-top:var(--global-kb-spacing-xs, 1rem);margin-bottom:var(--global-kb-spacing-xs, 1rem);}@media all and (max-width: 1024px){.kadence-column5878_2c5838-0c > .kt-inside-inner-col{flex-direction:column;justify-content:center;}}@media all and (max-width: 767px){.kadence-column5878_2c5838-0c > .kt-inside-inner-col{flex-direction:column;justify-content:center;}}<\/style>\n<div class=\"wp-block-kadence-column kadence-column5878_2c5838-0c\"><div class=\"kt-inside-inner-col\">\n<p><strong>Conseil du Guru:<\/strong> Si vous visitez la Karlskirche le soir, vous aurez la possibilit\u00e9 d&rsquo;assister \u00e0 un concert de musique classique int\u00e9ressant d\u00e9di\u00e9 \u00e0 Vivaldi (ou Mozart), \u00e0 un co\u00fbt tr\u00e8s raisonnable.<\/p>\n<\/div><\/div>\n\n\n\n<ul class=\"wp-block-list\">\n<li><strong>Billets<\/strong> : l&rsquo;entr\u00e9e co\u00fbte 9,50 \u20ac et est achetable \u00e0 l&rsquo;entr\u00e9e.<\/li>\n\n\n\n<li><strong>Horaires<\/strong> : tous les jours sauf le dimanche de 9h00 \u00e0 18h00. Dimanche de 11h00 \u00e0 19h00.<\/li>\n\n\n\n<li><strong>Emplacement<\/strong> : Karlskirche, Karlsplatz 10. <a aria-label=\" (opens in a new tab)\" href=\"https:\/\/maps.app.goo.gl\/HhK8FMYr5g8dgxdM8\" target=\"_blank\" rel=\"noreferrer noopener\" class=\"ek-link\">Position sur Maps<\/a>.<\/li>\n<\/ul>\n\n\n<style>.kadence-column5878_0152f4-61 > .kt-inside-inner-col{padding-top:var(--global-kb-spacing-xs, 1rem);padding-right:var(--global-kb-spacing-xs, 1rem);padding-bottom:var(--global-kb-spacing-xs, 1rem);padding-left:var(--global-kb-spacing-xs, 1rem);}.kadence-column5878_0152f4-61 > .kt-inside-inner-col,.kadence-column5878_0152f4-61 > .kt-inside-inner-col:before{border-top-left-radius:0px;border-top-right-radius:0px;border-bottom-right-radius:0px;border-bottom-left-radius:0px;}.kadence-column5878_0152f4-61 > .kt-inside-inner-col{column-gap:var(--global-kb-gap-sm, 1rem);}.kadence-column5878_0152f4-61 > .kt-inside-inner-col{flex-direction:column;}.kadence-column5878_0152f4-61 > .kt-inside-inner-col > .aligncenter{width:100%;}.kadence-column5878_0152f4-61 > .kt-inside-inner-col{background-color:#f2fdec;}.kadence-column5878_0152f4-61 > .kt-inside-inner-col:before{opacity:0.3;}.kadence-column5878_0152f4-61{position:relative;}.kadence-column5878_0152f4-61, .kt-inside-inner-col > .kadence-column5878_0152f4-61:not(.specificity){margin-top:var(--global-kb-spacing-xs, 1rem);margin-bottom:var(--global-kb-spacing-xs, 1rem);}@media all and (max-width: 1024px){.kadence-column5878_0152f4-61 > .kt-inside-inner-col{flex-direction:column;justify-content:center;}}@media all and (max-width: 767px){.kadence-column5878_0152f4-61 > .kt-inside-inner-col{flex-direction:column;justify-content:center;}}<\/style>\n<div class=\"wp-block-kadence-column kadence-column5878_0152f4-61\"><div class=\"kt-inside-inner-col\">\n<p><strong>Concert Vivaldi : une exp\u00e9rience musicale inoubliable<\/strong><\/p>\n\n\n\n<p>La magnifique \u00e9glise Saint-Charles-Borrom\u00e9e accueille \u00e9galement des concerts de musique classique. Je vous recommande particuli\u00e8rement&nbsp;<strong>\u00ab&nbsp;Les Quatre Saisons&nbsp;\u00bb de Vivaldi<\/strong>, une \u0153uvre intemporelle interpr\u00e9t\u00e9e par l\u2019excellente&nbsp;<strong>Orchestra 1756<\/strong>.<\/p>\n\n\n\n<p>Le concert dure environ&nbsp;<strong>75 minutes<\/strong>&nbsp;et l\u2019orchestre joue avec des instruments et des costumes d\u2019\u00e9poque, ce qui rend l\u2019exp\u00e9rience encore plus immersive et captivante.<\/p>\n\n\n\n<p>Vous pouvez\u00a0<strong><a href=\"https:\/\/www.getyourguide.fr\/vienne-l7\/concert-a-vienne-les-quatre-saisons-de-vivaldi-a-la-karlskirche-t44883\/?partner_id=KC753P7&amp;utm_medium=online_publisher&amp;cmp=vienne_4jours_post\" target=\"_blank\" data-type=\"link\" data-id=\"https:\/\/www.getyourguide.fr\/vienne-l7\/concert-a-vienne-les-quatre-saisons-de-vivaldi-a-la-karlskirche-t44883\/?partner_id=KC753P7&amp;utm_medium=online_publisher&amp;cmp=vienne_4jours_post\" rel=\"noreferrer noopener nofollow\">r\u00e9server vos billets en ligne sur ce site<\/a><\/strong>.<\/p>\n<\/div><\/div>\n\n\n\n<h4 class=\"wp-block-heading\">Naschmarkt et discoth\u00e8que Club U<\/h4>\n\n\n\n<p>Pour conclure la journ\u00e9e sous le signe de la <strong>bonne cuisine<\/strong>, je vous conseille de vous diriger vers le <strong>plus grand et le plus populaire march\u00e9 alimentaire de Vienne<\/strong> : le Naschmarkt.<\/p>\n\n\n\n<p><strong>Le Naschmarkt<\/strong> a des origines tr\u00e8s anciennes. On pense qu&rsquo;il y avait d\u00e9j\u00e0 un march\u00e9 dans cette zone d\u00e8s 1500. <\/p>\n\n\n\n<p>Cependant, les premi\u00e8res preuves d&rsquo;un march\u00e9 stable ne datent que de la seconde moiti\u00e9 du XVIIIe si\u00e8cle. Au d\u00e9but, c&rsquo;\u00e9tait un simple march\u00e9 de lait, puis il est devenu un march\u00e9 de lait, de fruits et de l\u00e9gumes, et \u00e0 partir de 1950, il a commenc\u00e9 \u00e0 prendre son aspect actuel. Aujourd&rsquo;hui, des dizaines de <strong>restaurants<\/strong>, <strong>boutiques traditionnelles<\/strong> et <strong>stands<\/strong> vendent de tout, du fast-food aux produits locaux, en passant par la cuisine ethnique.<\/p>\n\n\n\n<p>L&rsquo;un des endroits o\u00f9 je me suis le mieux senti est le <strong>restaurant turc\/oriental Naschmarkt Deli<\/strong> (position sur Maps).<\/p>\n\n\n\n<p><strong>Que faire ensuite ?<\/strong><\/p>\n\n\n\n<p>Si vous \u00eates \u00e0 la recherche d&rsquo;une <strong>soir\u00e9e anim\u00e9e<\/strong>, retournez \u00e0 <strong>Karlsplatz<\/strong>. Devant l&rsquo;ancienne station (devenue maintenant un monument), se trouve la discoth\u00e8que <strong>Club U<\/strong>. <a href=\"https:\/\/maps.app.goo.gl\/KiaZpo5m4ev4B2uy9\" target=\"_blank\" aria-label=\" (opens in a new tab)\" rel=\"noreferrer noopener\" class=\"ek-link\">Position sur Maps<\/a>.<\/p>\n\n\n\n<h3 class=\"wp-block-heading\">Jour 4 : Sch\u00f6nbrunn, Haus des Meeres et Prater<\/h3>\n\n\n\n<figure class=\"wp-block-image size-large\"><img loading=\"lazy\" decoding=\"async\" width=\"1024\" height=\"768\" src=\"https:\/\/viennaguru.com\/wp-content\/uploads\/2023\/08\/Itineraire-Vienne-4-jours-1024x768.jpg\" alt=\"Itineraire Vienne 4 jours\" class=\"wp-image-6388\" srcset=\"https:\/\/viennaguru.com\/wp-content\/uploads\/2023\/08\/Itineraire-Vienne-4-jours-1024x768.jpg 1024w, https:\/\/viennaguru.com\/wp-content\/uploads\/2023\/08\/Itineraire-Vienne-4-jours-300x225.jpg 300w, https:\/\/viennaguru.com\/wp-content\/uploads\/2023\/08\/Itineraire-Vienne-4-jours-768x576.jpg 768w, https:\/\/viennaguru.com\/wp-content\/uploads\/2023\/08\/Itineraire-Vienne-4-jours-1536x1152.jpg 1536w, https:\/\/viennaguru.com\/wp-content\/uploads\/2023\/08\/Itineraire-Vienne-4-jours.jpg 1600w\" sizes=\"auto, (max-width: 1024px) 100vw, 1024px\" \/><\/figure>\n\n\n\n<p>Aujourd&rsquo;hui, je vous emm\u00e8nerai \u00e0 la d\u00e9couverte de Sch\u00f6nbrunn, l&rsquo;attraction la plus visit\u00e9e d&rsquo;Autriche, ce qui occupera toute la matin\u00e9e.<\/p>\n\n\n\n<p>Ensuite, nous retournerons \u00e0 Neubau pour visiter un aquarium aux caract\u00e9ristiques assez bizarres et enfin, nous visiterons le Prater, le c\u00e9l\u00e8bre parc d&rsquo;attractions vintage de Vienne. Pour la soir\u00e9e, j&rsquo;ai une petite surprise pour vous.<\/p>\n\n\n\n<p>Voici la liste des attractions de l&rsquo;itin\u00e9raire d&rsquo;aujourd&rsquo;hui :<\/p>\n\n\n\n<ul class=\"wp-block-list\">\n<li><strong>Ch\u00e2teau de Sch\u00f6nbrunn<\/strong>.<\/li>\n\n\n\n<li><strong>Haus des Meeres<\/strong><\/li>\n\n\n\n<li><strong>Prater et Riesenrad<\/strong><\/li>\n\n\n\n<li><strong>Bermuda Dreieck<\/strong><\/li>\n<\/ul>\n\n\n\n<iframe loading=\"lazy\" src=\"https:\/\/www.google.com\/maps\/d\/u\/0\/embed?mid=10x3xSR5e817ASksfYKEQPQfI13kgeXg&#038;ehbc=2E312F&#038;noprof=1\" width=\"640\" height=\"480\"><\/iframe>\n\n\n\n<h4 class=\"wp-block-heading\">Ch\u00e2teau de Sch\u00f6nbrunn<\/h4>\n\n\n\n<figure class=\"wp-block-image size-large\"><img loading=\"lazy\" decoding=\"async\" width=\"1024\" height=\"768\" src=\"https:\/\/viennaguru.com\/wp-content\/uploads\/2023\/08\/Chateau-de-Schonbrunn-Vienne-1024x768.jpg\" alt=\"Cha\u0302teau de Scho\u0308nbrunn, Vienne\" class=\"wp-image-6373\" srcset=\"https:\/\/viennaguru.com\/wp-content\/uploads\/2023\/08\/Chateau-de-Schonbrunn-Vienne-1024x768.jpg 1024w, https:\/\/viennaguru.com\/wp-content\/uploads\/2023\/08\/Chateau-de-Schonbrunn-Vienne-300x225.jpg 300w, https:\/\/viennaguru.com\/wp-content\/uploads\/2023\/08\/Chateau-de-Schonbrunn-Vienne-768x576.jpg 768w, https:\/\/viennaguru.com\/wp-content\/uploads\/2023\/08\/Chateau-de-Schonbrunn-Vienne-1536x1152.jpg 1536w, https:\/\/viennaguru.com\/wp-content\/uploads\/2023\/08\/Chateau-de-Schonbrunn-Vienne.jpg 1600w\" sizes=\"auto, (max-width: 1024px) 100vw, 1024px\" \/><\/figure>\n\n\n<style>.kadence-column5878_776f48-7f > .kt-inside-inner-col{padding-top:var(--global-kb-spacing-xs, 1rem);padding-right:var(--global-kb-spacing-xs, 1rem);padding-bottom:var(--global-kb-spacing-xs, 1rem);padding-left:var(--global-kb-spacing-xs, 1rem);}.kadence-column5878_776f48-7f > .kt-inside-inner-col,.kadence-column5878_776f48-7f > .kt-inside-inner-col:before{border-top-left-radius:0px;border-top-right-radius:0px;border-bottom-right-radius:0px;border-bottom-left-radius:0px;}.kadence-column5878_776f48-7f > .kt-inside-inner-col{column-gap:var(--global-kb-gap-sm, 1rem);}.kadence-column5878_776f48-7f > .kt-inside-inner-col{flex-direction:column;}.kadence-column5878_776f48-7f > .kt-inside-inner-col > .aligncenter{width:100%;}.kadence-column5878_776f48-7f > .kt-inside-inner-col{background-color:#f2fdec;}.kadence-column5878_776f48-7f > .kt-inside-inner-col:before{opacity:0.3;}.kadence-column5878_776f48-7f{position:relative;}.kadence-column5878_776f48-7f, .kt-inside-inner-col > .kadence-column5878_776f48-7f:not(.specificity){margin-top:var(--global-kb-spacing-xs, 1rem);margin-bottom:var(--global-kb-spacing-xs, 1rem);}@media all and (max-width: 1024px){.kadence-column5878_776f48-7f > .kt-inside-inner-col{flex-direction:column;justify-content:center;}}@media all and (max-width: 767px){.kadence-column5878_776f48-7f > .kt-inside-inner-col{flex-direction:column;justify-content:center;}}<\/style>\n<div class=\"wp-block-kadence-column kadence-column5878_776f48-7f\"><div class=\"kt-inside-inner-col\">\n<p><strong>Attraction incluse avec le Vienna Pass ? \u2705<\/strong> Oui, le Ch\u00e2teau\/Palais de Sch\u00f6nbrunn est inclus avec acc\u00e8s gratuit si vous poss\u00e9dez le <strong><a aria-label=\" (opens in a new tab)\" href=\"https:\/\/www.getyourguide.fr\/vienne-l7\/vienna-pass-deux-trois-ou-six-jours-de-visites-t50028\/?partner_id=KC753P7&amp;utm_medium=online_publisher&amp;cmp=vienne_4jours_post\" target=\"_blank\" rel=\"noreferrer noopener nofollow\" class=\"ek-link\">Vienna Pass<\/a><\/strong>.<\/p>\n<\/div><\/div>\n\n\n\n<p><strong>Que voir \u00e0 Vienne en 4 jours ?<\/strong><\/p>\n\n\n\n<p>Nous commen\u00e7ons le quatri\u00e8me jour par la visite du <strong>majestueux Ch\u00e2teau de Sch\u00f6nbrunn<\/strong>, l&rsquo;un des principaux symboles de Vienne. Avec ses 8 millions de visiteurs par an, c&rsquo;est<strong> l&rsquo;attraction la plus visit\u00e9e du pays.<\/strong><\/p>\n\n\n\n<p>Mais qu&rsquo;est-ce exactement ? Quelles sont ses origines ?<\/p>\n\n\n\n<p>La structure a subi plusieurs transformations au fil des ans, mais elle a atteint sa splendeur maximale sous le r\u00e8gne de <strong>Marie-Th\u00e9r\u00e8se d&rsquo;Autriche <\/strong>au milieu du XVIIIe si\u00e8cle. <\/p>\n\n\n\n<p>C&rsquo;est sous son r\u00e8gne que Sch\u00f6nbrunn est devenu la r\u00e9sidence d&rsquo;\u00e9t\u00e9 officielle des Habsbourg et un lieu de repr\u00e9sentation, accueillant de nombreux banquets, bals et rencontres politiques.<\/p>\n\n\n\n<p>Pendant la visite, vous pourrez admirer <strong>les int\u00e9rieurs luxueux<\/strong> (la visite la plus compl\u00e8te inclut <strong>44 pi\u00e8ces<\/strong>), des fresques et des meubles d&rsquo;\u00e9poque, ainsi que d\u00e9couvrir l&rsquo;histoire du ch\u00e2teau et des souverains qui ont eu un impact majeur sur celui-ci.<\/p>\n\n\n\n<p>L&rsquo;une des principales attractions du palais est la vaste zone verte qui l&rsquo;entoure. <\/p>\n\n\n\n<p><strong>Les Jardins de Sch\u00f6nbrunn <\/strong>sont en effet parmi les plus beaux d&rsquo;Europe et s&rsquo;\u00e9tendent sur une superficie de 1,2 kilom\u00e8tre carr\u00e9. \u00c0 l&rsquo;int\u00e9rieur, on trouve de nombreuses fontaines, statues, un labyrinthe et le c\u00e9l\u00e8bre <strong>zoo de Sch\u00f6nbrunn<\/strong>, le plus ancien encore en activit\u00e9 au monde.<\/p>\n\n\n\n<p>Un autre \u00e9l\u00e9ment distinctif du complexe est <strong>la Gloriette<\/strong>, un \u00e9l\u00e9gant pavillon situ\u00e9 sur une colline qui offre une vue panoramique \u00e0 couper le souffle sur la ville de Vienne et sur le palais lui-m\u00eame.<\/p>\n\n\n\n<p><strong>Curiosit\u00e9s sur Sch\u00f6nbrunn :<\/strong><\/p>\n\n\n\n<ul class=\"wp-block-list\">\n<li>Le ch\u00e2teau est de dimensions gigantesques. Il abrite pas moins de 1441 pi\u00e8ces, bien que seulement 44 soient visitables.<\/li>\n\n\n\n<li>L&#8217;empereur Fran\u00e7ois-Joseph Ier (Franz) est n\u00e9 \u00e0 Sch\u00f6nbrunn en 1830. C\u00e9l\u00e8bre pour avoir \u00e9t\u00e9 le mari de Sissi, il est \u00e9galement l&rsquo;un des monarques ayant r\u00e9gn\u00e9 le plus longtemps dans l&rsquo;histoire, avec un r\u00e8gne de 68 ans.<\/li>\n\n\n\n<li>Le zoo de Sch\u00f6nbrunn, comme mentionn\u00e9 pr\u00e9c\u00e9demment, est le plus ancien au monde. Il a \u00e9t\u00e9 fond\u00e9 en 1752.<\/li>\n<\/ul>\n\n\n\n<p>En visitant le Ch\u00e2teau de Sch\u00f6nbrunn, vous plongerez dans l&rsquo;histoire fascinante de l&rsquo;Autriche et d\u00e9couvrirez l&rsquo;opulence de la dynastie des Habsbourg. C&rsquo;est une exp\u00e9rience incontournable pour tout voyageur \u00e0 Vienne.<\/p>\n\n\n<style>.kadence-column5878_43972a-31 > .kt-inside-inner-col{padding-top:var(--global-kb-spacing-xs, 1rem);padding-right:var(--global-kb-spacing-xs, 1rem);padding-bottom:var(--global-kb-spacing-xs, 1rem);padding-left:var(--global-kb-spacing-xs, 1rem);}.kadence-column5878_43972a-31 > .kt-inside-inner-col,.kadence-column5878_43972a-31 > .kt-inside-inner-col:before{border-top-left-radius:0px;border-top-right-radius:0px;border-bottom-right-radius:0px;border-bottom-left-radius:0px;}.kadence-column5878_43972a-31 > .kt-inside-inner-col{column-gap:var(--global-kb-gap-sm, 1rem);}.kadence-column5878_43972a-31 > .kt-inside-inner-col{flex-direction:column;}.kadence-column5878_43972a-31 > .kt-inside-inner-col > .aligncenter{width:100%;}.kadence-column5878_43972a-31 > .kt-inside-inner-col{background-color:var(--global-palette8, #F7FAFC);}.kadence-column5878_43972a-31 > .kt-inside-inner-col:before{opacity:0.3;}.kadence-column5878_43972a-31{position:relative;}.kadence-column5878_43972a-31, .kt-inside-inner-col > .kadence-column5878_43972a-31:not(.specificity){margin-top:var(--global-kb-spacing-xs, 1rem);margin-bottom:var(--global-kb-spacing-xs, 1rem);}@media all and (max-width: 1024px){.kadence-column5878_43972a-31 > .kt-inside-inner-col{flex-direction:column;justify-content:center;}}@media all and (max-width: 767px){.kadence-column5878_43972a-31 > .kt-inside-inner-col{flex-direction:column;justify-content:center;}}<\/style>\n<div class=\"wp-block-kadence-column kadence-column5878_43972a-31\"><div class=\"kt-inside-inner-col\">\n<p><strong>Voulez-vous conna\u00eetre tous les secrets du Palais de Sch\u00f6nbrunn ?<\/strong><\/p>\n\n\n\n<p>L&rsquo;un des meilleurs moyens de visiter le magnifique palais royal de Sch\u00f6nbrunn est de <strong><a href=\"https:\/\/www.civitatis.com\/fr\/vienne\/visite-guidee-chateau-schonbrunn\/?aid=13436&amp;cmp=vienne_4jours_post\" target=\"_blank\" data-type=\"link\" data-id=\"https:\/\/www.civitatis.com\/fr\/vienne\/visite-guidee-chateau-schonbrunn\/?aid=13436&amp;cmp=vienne_4jours_post\" rel=\"noreferrer noopener nofollow\">participer \u00e0 une visite guid\u00e9e<\/a><\/strong>.<\/p>\n\n\n\n<p>De cette fa\u00e7on, en plus d&rsquo;avoir un acc\u00e8s prioritaire, vous pourrez d\u00e9couvrir des faits, des curiosit\u00e9s et des anecdotes sur la r\u00e9sidence d&rsquo;\u00e9t\u00e9 des Habsbourg. La visite guid\u00e9e \u00e0 laquelle nous avons particip\u00e9 est celle-ci,<strong><a href=\"https:\/\/www.civitatis.com\/fr\/vienne\/visite-guidee-chateau-schonbrunn\/?aid=13436&amp;cmp=vienne_4jours_post\" target=\"_blank\" data-type=\"link\" data-id=\"https:\/\/www.civitatis.com\/fr\/vienne\/visite-guidee-chateau-schonbrunn\/?aid=13436&amp;cmp=vienne_4jours_post\" rel=\"noreferrer noopener nofollow\"> que vous pouvez r\u00e9server en ligne<\/a><\/strong>.<\/p>\n<\/div><\/div>\n\n\n\n<h4 class=\"wp-block-heading\">Haus des Meeres<\/h4>\n\n\n\n<p>Apr\u00e8s une visite aussi intense que celle de Sch\u00f6nbrunn, je vous recommande de passer \u00e0 quelque chose de plus l\u00e9ger, comme le <strong>Haus des Meeres<\/strong>, un aquarium aux caract\u00e9ristiques uniques.<\/p>\n\n\n\n<p>De quoi s&rsquo;agit-il ? De la structure qui l&rsquo;abrite :<strong> une ancienne tour antia\u00e9rienne<\/strong> construite par les Allemands pendant la Seconde Guerre mondiale et situ\u00e9e dans le parc Esterhazy.<\/p>\n\n\n\n<p>\u00c0 l&rsquo;int\u00e9rieur, vous d\u00e9couvrirez <strong>des centaines d&rsquo;esp\u00e8ces de poissons, de reptiles, d&rsquo;oiseaux, d&rsquo;amphibiens et de mammif\u00e8res<\/strong>. La visite se d\u00e9roule enti\u00e8rement en vertical : on commence par le bas et on monte en d\u00e9couvrant de nouveaux environnements et aquariums \u00e0 chaque \u00e9tage.<\/p>\n\n\n\n<p>L&rsquo;une des zones qui m&rsquo;a le plus impressionn\u00e9 est celle qui reproduit l&rsquo;\u00e9cosyst\u00e8me d&rsquo;une for\u00eat tropicale, avec des animaux en libert\u00e9, des singes, des oiseaux et m\u00eame un pont suspendu en bois et en lianes.<\/p>\n\n\n\n<p>Bien entendu, vous trouverez \u00e9galement des requins, des raies, des mur\u00e8nes et d&rsquo;autres esp\u00e8ces typiques des aquariums.<\/p>\n\n\n\n<p><strong>Conseil du Guru:<\/strong> Je vous recommande, une fois la visite termin\u00e9e, de continuer jusqu&rsquo;\u00e0 la terrasse panoramique situ\u00e9e en haut. La vue sur la ville est tout simplement spectaculaire !<\/p>\n\n\n\n<ul class=\"wp-block-list\">\n<li><strong>Billets<\/strong> : 22,90 \u20ac pour les adultes, 9,80 \u20ac pour les enfants de 6 \u00e0 15 ans et 6,50 \u20ac pour les enfants de 3 \u00e0 5 ans.<\/li>\n\n\n\n<li><strong>Horaires<\/strong> : tous les jours de 9h00 \u00e0 20h00.<\/li>\n\n\n\n<li><strong>Emplacement<\/strong> : Fritz-Gr\u00fcnbaum-Platz 1. Prenez la U-Bahn U3 et descendez \u00e0 l&rsquo;arr\u00eat Neubaugasse.<\/li>\n<\/ul>\n\n\n\n<h4 class=\"wp-block-heading\">Prater et Riesenrad<\/h4>\n\n\n\n<figure class=\"wp-block-image size-large\"><img loading=\"lazy\" decoding=\"async\" width=\"1024\" height=\"768\" src=\"https:\/\/viennaguru.com\/wp-content\/uploads\/2023\/08\/Grande-roue-de-Vienne-1024x768.jpg\" alt=\"Grande roue de Vienne\" class=\"wp-image-6379\" srcset=\"https:\/\/viennaguru.com\/wp-content\/uploads\/2023\/08\/Grande-roue-de-Vienne-1024x768.jpg 1024w, https:\/\/viennaguru.com\/wp-content\/uploads\/2023\/08\/Grande-roue-de-Vienne-300x225.jpg 300w, https:\/\/viennaguru.com\/wp-content\/uploads\/2023\/08\/Grande-roue-de-Vienne-768x576.jpg 768w, https:\/\/viennaguru.com\/wp-content\/uploads\/2023\/08\/Grande-roue-de-Vienne-1536x1152.jpg 1536w, https:\/\/viennaguru.com\/wp-content\/uploads\/2023\/08\/Grande-roue-de-Vienne.jpg 1600w\" sizes=\"auto, (max-width: 1024px) 100vw, 1024px\" \/><\/figure>\n\n\n\n<p>Depuis la station Neubaugasse, prenez le m\u00e9tro jusqu&rsquo;\u00e0 la station Praterstern, \u00e0 quelques pas de notre prochaine destination : le <strong>Prater<\/strong>.<\/p>\n\n\n\n<p>Il s&rsquo;agit d&rsquo;<strong>un parc d&rsquo;attractions inaugur\u00e9 en 1897<\/strong>, ce qui en fait l&rsquo;un des plus anciens au monde encore en activit\u00e9. L&rsquo;entr\u00e9e est gratuite, et vous pouvez d\u00e9cider de vous promener dans la zone verte ou de vous aventurer dans le parc d&rsquo;attractions, o\u00f9 les attractions sont bien s\u00fbr payantes.<\/p>\n\n\n\n<ul class=\"wp-block-list\">\n<li><strong>Conseils du Guru : <\/strong>Commencez votre aventure par un tour en train <strong>Lilliputbahn<\/strong>. C&rsquo;est un moyen de transport sympathique qui vous permettra de faire le tour complet du parc en 20 minutes.<\/li>\n<\/ul>\n\n\n\n<p>Arr\u00eatez-vous ensuite devant le parc d&rsquo;attractions et faites un tour sur l&rsquo;une des attractions les plus embl\u00e9matiques que sont :<\/p>\n\n\n\n<ul class=\"wp-block-list\">\n<li><strong>Riesenrad<\/strong> : la grande roue la plus ancienne au monde. Apparue dans de nombreux films \u00ab\u00a0cultes\u00a0\u00bb comme \u00ab\u00a0007 Tuer n&rsquo;est pas jouer\u00a0\u00bb.<\/li>\n\n\n\n<li><strong>Praterturm<\/strong> : une course excitante sur des chaises volantes \u00e0 une hauteur de 117 m\u00e8tres.<\/li>\n\n\n\n<li><strong>Hochschaubahn<\/strong> : un voyage palpitant sur des montagnes russes \u00e0 travers des paysages montagneux, des tunnels et des cascades.<\/li>\n<\/ul>\n\n\n<style>.kadence-column5878_52e709-ff > .kt-inside-inner-col{padding-top:var(--global-kb-spacing-xs, 1rem);padding-right:var(--global-kb-spacing-xs, 1rem);padding-bottom:var(--global-kb-spacing-xs, 1rem);padding-left:var(--global-kb-spacing-xs, 1rem);}.kadence-column5878_52e709-ff > .kt-inside-inner-col,.kadence-column5878_52e709-ff > .kt-inside-inner-col:before{border-top-left-radius:0px;border-top-right-radius:0px;border-bottom-right-radius:0px;border-bottom-left-radius:0px;}.kadence-column5878_52e709-ff > .kt-inside-inner-col{column-gap:var(--global-kb-gap-sm, 1rem);}.kadence-column5878_52e709-ff > .kt-inside-inner-col{flex-direction:column;}.kadence-column5878_52e709-ff > .kt-inside-inner-col > .aligncenter{width:100%;}.kadence-column5878_52e709-ff > .kt-inside-inner-col{background-color:var(--global-palette8, #F7FAFC);}.kadence-column5878_52e709-ff > .kt-inside-inner-col:before{opacity:0.3;}.kadence-column5878_52e709-ff{position:relative;}.kadence-column5878_52e709-ff, .kt-inside-inner-col > .kadence-column5878_52e709-ff:not(.specificity){margin-top:var(--global-kb-spacing-xs, 1rem);margin-bottom:var(--global-kb-spacing-xs, 1rem);}@media all and (max-width: 1024px){.kadence-column5878_52e709-ff > .kt-inside-inner-col{flex-direction:column;justify-content:center;}}@media all and (max-width: 767px){.kadence-column5878_52e709-ff > .kt-inside-inner-col{flex-direction:column;justify-content:center;}}<\/style>\n<div class=\"wp-block-kadence-column kadence-column5878_52e709-ff\"><div class=\"kt-inside-inner-col\">\n<p><strong>L&rsquo;attraction phare ? Le Riesenrad.<\/strong> Cette grande roue est l&#8217;embl\u00e8me du Prater, et personnellement, je pense qu&rsquo;un tour est un incontournable lors d&rsquo;une visite \u00e0 Vienne. Vous pouvez acheter vos <strong><a aria-label=\"billets coupe-file (opens in a new tab)\" href=\"https:\/\/www.getyourguide.fr\/vienne-l7\/grande-roue-de-vienne-t41837\/?partner_id=KC753P7&amp;utm_medium=online_publisher&amp;cmp=vienne_4jours_post\" target=\"_blank\" rel=\"noreferrer noopener nofollow\" class=\"ek-link\">billets coupe-file<\/a><\/strong> pour la grande roue de Vienne via ce lien.<\/p>\n<\/div><\/div>\n\n\n\n<h4 class=\"wp-block-heading\">Bermuda Dreieck<\/h4>\n\n\n\n<p>Enfin, pour une plong\u00e9e dans la vie nocturne vibrante de Vienne, je vous invite \u00e0 d\u00e9couvrir l&rsquo;un de ses quartiers les plus c\u00e9l\u00e8bres : le \u00ab\u00a0<strong>Bermuda Dreieck<\/strong>\u00ab\u00a0, ou Triangle des Bermudes. Ce nom \u00e9nigmatique provient de <strong>ses ruelles historiques<\/strong> qui forment un v\u00e9ritable d\u00e9dale, parsem\u00e9 de nombreux bars, discoth\u00e8ques, pubs irlandais et bars \u00e0 cocktails.<\/p>\n\n\n\n<p>Pour rejoindre le Bermuda Dreieck, prenez la ligne de m\u00e9tro U1 ou U4 jusqu&rsquo;\u00e0 Schwedenplatz. Ensuite, dirigez-vous vers l&rsquo;une de ces rues : <a aria-label=\" (opens in a new tab)\" class=\"ek-link\" href=\"https:\/\/maps.app.goo.gl\/4PwUdad3xacmHaRh9\" target=\"_blank\" rel=\"noreferrer noopener\">Seitenstettengasse<\/a>, <strong>Sterngasse <\/strong>ou <strong>Rabensteig<\/strong>.<\/p>\n\n\n\n<p>Vous pouvez \u00e9galement trouver sa <a href=\"https:\/\/maps.app.goo.gl\/fm7ZD4jh7TU53mqo9\" target=\"_blank\" aria-label=\" (opens in a new tab)\" rel=\"noreferrer noopener\" class=\"ek-link\">position sur Maps<\/a> pour plus de facilit\u00e9.<\/p>\n\n\n\n<h2 class=\"wp-block-heading\">Questions fr\u00e9quentes<\/h2>\n\n\n\n<h3 class=\"wp-block-heading\">Combien de jours faut-il pour voir Vienne ?<\/h3>\n\n\n\n<p><strong>Pour visiter Vienne, il faut au moins 3 jours. C&rsquo;est le minimum pour admirer les principales attractions. Pour une visite plus tranquille, je recommande de r\u00e9server au moins 4 jours.<\/strong><\/p>\n\n\n\n<h3 class=\"wp-block-heading\">Que voir \u00e0 Vienne \u00e0 pied ?<\/h3>\n\n\n\n<p><strong>Le centre historique de Vienne est une zone pi\u00e9tonne id\u00e9ale pour les visites \u00e0 pied. D\u00e9limit\u00e9 par la Ringstrasse, qui l&rsquo;entoure compl\u00e8tement, il s&rsquo;\u00e9tend sur seulement 3 kilom\u00e8tres carr\u00e9s, ce qui le rend facilement accessible \u00e0 pied.<\/strong><\/p>\n\n\n\n<p>Voulez-vous en savoir plus ? Lisez mon guide pour visiter Vienne en marchant : <strong>Itin\u00e9raires pour visiter Vienne \u00e0 pied.<\/strong><\/p>\n\n\n\n<h3 class=\"wp-block-heading\">Que mange-t-on \u00e0 Vienne ?<\/h3>\n\n\n\n<h3 class=\"wp-block-heading\">La Tradition Culinaire de Vienne<\/h3>\n\n\n\n<p>Vienne est r\u00e9put\u00e9e pour sa riche tradition culinaire. Voici quelques-unes des sp\u00e9cialit\u00e9s typiques :<\/p>\n\n\n\n<ul class=\"wp-block-list\">\n<li><strong>Wiener Schnitzel<\/strong> : une escalope de veau pan\u00e9e et frite, similaire \u00e0 la c\u00f4telette milanaise.<\/li>\n\n\n\n<li><strong>Sacher-Torte<\/strong> : un g\u00e2teau au chocolat avec de la confiture d&rsquo;abricot, c\u00e9l\u00e8bre dans le monde entier. Pour go\u00fbter l&rsquo;original, visitez l&rsquo;H\u00f4tel Sacher.<\/li>\n\n\n\n<li><strong>Apfelstrudel<\/strong> : un strudel aux pommes, souvent servi avec une boule de glace \u00e0 la vanille.<\/li>\n\n\n\n<li><strong>Gulasch<\/strong> : un rago\u00fbt \u00e9pic\u00e9 \u00e0 base de b\u0153uf.<\/li>\n\n\n\n<li><strong>W\u00fcrstel<\/strong> : des saucisses servies avec de la moutarde et du pain.<\/li>\n\n\n\n<li><strong>Kaiserschmarrn<\/strong> : un dessert \u00e9miett\u00e9, similaire \u00e0 des pancakes sucr\u00e9s, avec des raisins secs et du sucre glace.<\/li>\n<\/ul>\n\n\n\n<p>Bon app\u00e9tit !<\/p>\n\n\n\n<p>Avez_vous besoin d&rsquo;autres itin\u00e9raires pour visiter Vienne ?<\/p>\n\n\n\n<p>Les voici :<\/p>\n\n\n\n<ul class=\"wp-block-list\">\n<li><strong><a href=\"https:\/\/viennaguru.com\/fr\/vienne-en-1-jour\/\" class=\"ek-link\">Que voir \u00e0 Vienne en 1 jour<\/a><\/strong><\/li>\n\n\n\n<li><strong><a href=\"https:\/\/viennaguru.com\/fr\/vienne-en-2-jours\/\" class=\"ek-link\">Que voir \u00e0 Vienne en 2 jours<\/a><\/strong><\/li>\n<\/ul>\n","protected":false},"excerpt":{"rendered":"<p>Votre guide complet pour visiter Vienne en 4 jours: Itin\u00e9raire jour par jour, conseils, horaires, billets et prix.<\/p>\n","protected":false},"author":1,"featured_media":6415,"comment_status":"open","ping_status":"open","sticky":false,"template":"","format":"standard","meta":{"_editorskit_title_hidden":false,"_editorskit_reading_time":0,"_editorskit_is_block_options_detached":false,"_editorskit_block_options_position":"{}","_kad_blocks_custom_css":"","_kad_blocks_head_custom_js":"","_kad_blocks_body_custom_js":"","_kad_blocks_footer_custom_js":"","_kadence_starter_templates_imported_post":false,"_kad_post_transparent":"","_kad_post_title":"","_kad_post_layout":"","_kad_post_sidebar_id":"","_kad_post_content_style":"","_kad_post_vertical_padding":"","_kad_post_feature":"","_kad_post_feature_position":"","_kad_post_header":false,"_kad_post_footer":false,"footnotes":""},"categories":[331,329],"tags":[],"class_list":["post-5878","post","type-post","status-publish","format-standard","has-post-thumbnail","hentry","category-itineraires","category-que-voir"],"taxonomy_info":{"category":[{"value":331,"label":"Itin\u00e9raires"},{"value":329,"label":"Que voir"}]},"featured_image_src_large":["https:\/\/viennaguru.com\/wp-content\/uploads\/2023\/08\/Visiter-Vienne-en-4-jours-1024x768.jpg",1024,768,true],"author_info":{"display_name":"Alex","author_link":"https:\/\/viennaguru.com\/fr\/author\/alexb89\/"},"comment_info":1,"category_info":[{"term_id":331,"name":"Itin\u00e9raires","slug":"itineraires","term_group":0,"term_taxonomy_id":331,"taxonomy":"category","description":"","parent":0,"count":7,"filter":"raw","cat_ID":331,"category_count":7,"category_description":"","cat_name":"Itin\u00e9raires","category_nicename":"itineraires","category_parent":0},{"term_id":329,"name":"Que voir","slug":"que-voir","term_group":0,"term_taxonomy_id":329,"taxonomy":"category","description":"","parent":0,"count":11,"filter":"raw","cat_ID":329,"category_count":11,"category_description":"","cat_name":"Que voir","category_nicename":"que-voir","category_parent":0}],"tag_info":false,"_links":{"self":[{"href":"https:\/\/viennaguru.com\/fr\/wp-json\/wp\/v2\/posts\/5878","targetHints":{"allow":["GET"]}}],"collection":[{"href":"https:\/\/viennaguru.com\/fr\/wp-json\/wp\/v2\/posts"}],"about":[{"href":"https:\/\/viennaguru.com\/fr\/wp-json\/wp\/v2\/types\/post"}],"author":[{"embeddable":true,"href":"https:\/\/viennaguru.com\/fr\/wp-json\/wp\/v2\/users\/1"}],"replies":[{"embeddable":true,"href":"https:\/\/viennaguru.com\/fr\/wp-json\/wp\/v2\/comments?post=5878"}],"version-history":[{"count":53,"href":"https:\/\/viennaguru.com\/fr\/wp-json\/wp\/v2\/posts\/5878\/revisions"}],"predecessor-version":[{"id":7880,"href":"https:\/\/viennaguru.com\/fr\/wp-json\/wp\/v2\/posts\/5878\/revisions\/7880"}],"wp:featuredmedia":[{"embeddable":true,"href":"https:\/\/viennaguru.com\/fr\/wp-json\/wp\/v2\/media\/6415"}],"wp:attachment":[{"href":"https:\/\/viennaguru.com\/fr\/wp-json\/wp\/v2\/media?parent=5878"}],"wp:term":[{"taxonomy":"category","embeddable":true,"href":"https:\/\/viennaguru.com\/fr\/wp-json\/wp\/v2\/categories?post=5878"},{"taxonomy":"post_tag","embeddable":true,"href":"https:\/\/viennaguru.com\/fr\/wp-json\/wp\/v2\/tags?post=5878"}],"curies":[{"name":"wp","href":"https:\/\/api.w.org\/{rel}","templated":true}]}}