{"id":6454,"date":"2025-10-21T13:12:38","date_gmt":"2025-10-21T13:12:38","guid":{"rendered":"https:\/\/viennaguru.com\/cosa-vedere-a-vienna-in-3-giorni-itinerario\/"},"modified":"2025-02-06T17:00:29","modified_gmt":"2025-02-06T17:00:29","slug":"vienne-en-3-jours","status":"publish","type":"post","link":"https:\/\/viennaguru.com\/fr\/vienne-en-3-jours\/","title":{"rendered":"Visiter Vienne en 3 Jours : Itin\u00e9raire, Que Faire et Infos Utiles 2025"},"content":{"rendered":"\n<p>Vous envisagez de <strong>visiter Vienne en 3 jours<\/strong> et vous vous demandez que faire et que voir?<\/p>\n\n\n\n<p>Dans cet article, que j\u2019ai \u00e9crit <strong>apr\u00e8s avoir v\u00e9cu \u00e0 Vienne<\/strong> et y \u00eatre retourn\u00e9 plusieurs fois au fil des ann\u00e9es, vous trouverez un guide complet pour visiter Vienne en 3 jours.<\/p>\n\n\n\n<p>Dans ce guide complet pour visiter Vienne, vous d\u00e9couvrirez :<\/p>\n\n\n\n<ul class=\"wp-block-list\">\n<li>Un itin\u00e9raire d\u00e9taill\u00e9 pour explorer la ville en 3 jours.<\/li>\n\n\n\n<li><strong>3 cartes<\/strong> journali\u00e8res pour vous orienter facilement.<\/li>\n\n\n\n<li>Une liste des <strong>attractions incontournables<\/strong> avec des <strong>infos pratiques sur les billets, la localisation et les horaires.<\/strong><\/li>\n\n\n\n<li>Des informations utiles sur les <strong>transports<\/strong>, <strong>l\u2019h\u00e9bergement<\/strong>, et de nombreuses <strong>curiosit\u00e9s<\/strong> sur la capitale autrichienne.<\/li>\n<\/ul>\n\n\n\n<p><strong>J&rsquo;esp\u00e8re que ce guide vous aidera \u00e0 profiter pleinement de votre s\u00e9jour \u00e0 Vienne !<\/strong><\/p>\n\n\n\n<p>Laissez-vous inspirer !<\/p>\n\n\n\n<h2 class=\"wp-block-heading\"><strong>PRESSEZ-VOUS ? VOICI EN BREF L\u2019ITIN\u00c9RAIRE DE 3 JOURS \u00c0 VIENNE<\/strong><\/h2>\n\n\n\n<p>Pour ceux qui sont press\u00e9s et veulent consulter imm\u00e9diatement <strong>l\u2019itin\u00e9raire<\/strong>, voici en bref ce qu\u2019il faut visiter \u00e0 <strong>Vienne en 3 jours<\/strong> :<\/p>\n\n\n\n<p><strong>Jour 1 : Centre historique et Ringstrasse<\/strong><\/p>\n\n\n\n<ul class=\"wp-block-list\">\n<li>Hofburg et Mus\u00e9e de Sissi<\/li>\n\n\n\n<li>Biblioth\u00e8que nationale autrichienne<\/li>\n\n\n\n<li>Graben et Kohlmarkt<\/li>\n\n\n\n<li>Ankeruhr<\/li>\n\n\n\n<li>Stephansplatz et Stephansdom<\/li>\n\n\n\n<li>Mozarthaus<\/li>\n\n\n\n<li>Tour sur la Ringstrasse<\/li>\n<\/ul>\n\n\n\n<p><strong>Jour 2 : Sch\u00f6nbrunn et Prater<\/strong><\/p>\n\n\n\n<ul class=\"wp-block-list\">\n<li>Ch\u00e2teau de Sch\u00f6nbrunn<\/li>\n\n\n\n<li>Optionnel : Zoo de Sch\u00f6nbrunn<\/li>\n\n\n\n<li>Prater et Grande Roue (Riesenrad)<\/li>\n\n\n\n<li>Tour du Danube (Donauturm)<\/li>\n<\/ul>\n\n\n\n<p><strong>Jour 3 : Landstrasse et Karlsplatz<\/strong><\/p>\n\n\n\n<ul class=\"wp-block-list\">\n<li>Belv\u00e9d\u00e8re Sup\u00e9rieur et exposition permanente<\/li>\n\n\n\n<li>Hundertwasserhaus<\/li>\n\n\n\n<li>Kunst Haus Wien<\/li>\n\n\n\n<li>Karlskirche<\/li>\n\n\n\n<li>Naschmarkt<\/li>\n\n\n\n<li>Spectacle du soir \u00e0 l\u2019Annakirche<\/li>\n<\/ul>\n\n\n\n<p>Voulez-vous approfondir ? Continuez \u00e0 lire pour d\u00e9couvrir plus de d\u00e9tails sur toutes ces attractions, les cartes des itin\u00e9raires quotidiens, les prix, les billets, les conseils et les curiosit\u00e9s int\u00e9ressantes.<\/p>\n\n\n\n<h2 class=\"wp-block-heading\"><strong>Comment se rendre \u00e0 Vienne depuis l\u2019a\u00e9roport?<\/strong><\/h2>\n\n\n\n<p>L\u2019a\u00e9roport de Vienne-Schwechat <strong>se trouve \u00e0 environ 21 km du centre, et est reli\u00e9 \u00e0 la ville par plusieurs moyens de transport.<\/strong><\/p>\n\n\n\n<ul class=\"wp-block-list\">\n<li><strong>CAT<\/strong> : train sp\u00e9cialement con\u00e7u pour les touristes, qui permet de rejoindre la ville en seulement 16 minutes. Co\u00fbt : 14,90 \u20ac l\u2019aller simple.<\/li>\n\n\n\n<li><strong>S-BAHN<\/strong> : ce sont les trains suburbains de Vienne. La ligne qui relie la ville \u00e0 l\u2019a\u00e9roport est la S7. Elle atteint le centre en 20-25 minutes et co\u00fbte seulement 4,50 \u20ac.<\/li>\n<\/ul>\n\n\n\n<p><strong>Conseil du Guru :<\/strong> Bien entendu, je vous d\u00e9conseille le train CAT. Optez plut\u00f4t pour la S-Bahn S7. Bien que cela prenne 10 minutes de plus, c&rsquo;est trois fois moins cher.<\/p>\n\n\n<style>.kadence-column6454_1aa9e0-a8 > .kt-inside-inner-col{padding-top:var(--global-kb-spacing-xs, 1rem);padding-right:var(--global-kb-spacing-xs, 1rem);padding-bottom:var(--global-kb-spacing-xs, 1rem);padding-left:var(--global-kb-spacing-xs, 1rem);}.kadence-column6454_1aa9e0-a8 > .kt-inside-inner-col,.kadence-column6454_1aa9e0-a8 > .kt-inside-inner-col:before{border-top-left-radius:0px;border-top-right-radius:0px;border-bottom-right-radius:0px;border-bottom-left-radius:0px;}.kadence-column6454_1aa9e0-a8 > .kt-inside-inner-col{column-gap:var(--global-kb-gap-sm, 1rem);}.kadence-column6454_1aa9e0-a8 > .kt-inside-inner-col{flex-direction:column;}.kadence-column6454_1aa9e0-a8 > .kt-inside-inner-col > .aligncenter{width:100%;}.kadence-column6454_1aa9e0-a8 > .kt-inside-inner-col{background-color:var(--global-palette8, #F7FAFC);}.kadence-column6454_1aa9e0-a8 > .kt-inside-inner-col:before{opacity:0.3;}.kadence-column6454_1aa9e0-a8{position:relative;}.kadence-column6454_1aa9e0-a8, .kt-inside-inner-col > .kadence-column6454_1aa9e0-a8:not(.specificity){margin-top:var(--global-kb-spacing-xs, 1rem);margin-bottom:var(--global-kb-spacing-xs, 1rem);}@media all and (max-width: 1024px){.kadence-column6454_1aa9e0-a8 > .kt-inside-inner-col{flex-direction:column;justify-content:center;}}@media all and (max-width: 767px){.kadence-column6454_1aa9e0-a8 > .kt-inside-inner-col{flex-direction:column;justify-content:center;}}<\/style>\n<div class=\"wp-block-kadence-column kadence-column6454_1aa9e0-a8\"><div class=\"kt-inside-inner-col\">\n<p><strong>Voulez-vous rejoindre la ville de mani\u00e8re confortable sans souci d&rsquo;\u00e9conomie ?<\/strong><\/p>\n\n\n\n<p>Dans ce cas, je vous conseille de r\u00e9server <strong><a href=\"https:\/\/www.civitatis.com\/fr\/vienne\/transferts\/?aid=13436&amp;cmp=vienne_3jours_post\" target=\"_blank\" aria-label=\"un transfert priv\u00e9 (opens in a new tab)\" rel=\"noreferrer noopener nofollow\" class=\"ek-link\">un transfert priv\u00e9<\/a>.<\/strong><\/p>\n\n\n\n<p>Cela fonctionne de cette fa\u00e7on : vous r\u00e9servez le transfert en ligne, et d\u00e8s votre arriv\u00e9e, vous trouverez dans le hall (ou juste \u00e0 l\u2019ext\u00e9rieur) le chauffeur priv\u00e9 qui vous attend. Celui-ci vous accompagnera jusqu\u2019\u00e0 votre h\u00f4tel. <a aria-label=\" (opens in a new tab)\" href=\"https:\/\/www.civitatis.com\/fr\/vienne\/transferts\/?aid=13436&amp;cmp=vienne_3jours_post\" target=\"_blank\" rel=\"noreferrer noopener nofollow\" class=\"ek-link\"><strong>Vous pouvez r\u00e9server votre transfert priv\u00e9 ici<\/strong><\/a>.<\/p>\n<\/div><\/div>\n\n\n\n<h2 class=\"wp-block-heading\"><strong>O\u00f9 se loger \u00e0 Vienne en 3 jours?<\/strong><\/h2>\n\n\n\n<p>Vous n\u2019avez pas encore r\u00e9serv\u00e9 d\u2019h\u00e9bergement ?<\/p>\n\n\n\n<p>Dans cette partie de notre article, je vous explique rapidement les zones recommand\u00e9es pour 3 jours et je vous sugg\u00e8re quelques excellents h\u00f4tels et logements.<\/p>\n\n\n\n<p><strong>Centre de Vienne :<\/strong><\/p>\n\n\n\n<p>Compte tenu du temps limit\u00e9, le quartier que je recommande vivement est <strong>le centre de Vienne<\/strong>, mieux connu sous le nom d&rsquo;<strong>Innere Stadt<\/strong>.<\/p>\n\n\n\n<p>Ce quartier est bien desservi et regorge d&rsquo;attractions que nous explorerons au cours de cet itin\u00e9raire de 3 jours. En y s\u00e9journant, vous pourrez facilement vous d\u00e9placer \u00e0 pied pour la plupart des visites.<\/p>\n\n\n\n<p>Cependant, notez que les prix y sont en moyenne de 20 \u00e0 30 % plus \u00e9lev\u00e9s que dans d&rsquo;autres quartiers.<\/p>\n\n\n<style>.kadence-column6454_845624-86 > .kt-inside-inner-col{padding-top:var(--global-kb-spacing-xs, 1rem);padding-right:var(--global-kb-spacing-xs, 1rem);padding-bottom:var(--global-kb-spacing-xs, 1rem);padding-left:var(--global-kb-spacing-xs, 1rem);}.kadence-column6454_845624-86 > .kt-inside-inner-col,.kadence-column6454_845624-86 > .kt-inside-inner-col:before{border-top-left-radius:0px;border-top-right-radius:0px;border-bottom-right-radius:0px;border-bottom-left-radius:0px;}.kadence-column6454_845624-86 > .kt-inside-inner-col{column-gap:var(--global-kb-gap-sm, 1rem);}.kadence-column6454_845624-86 > .kt-inside-inner-col{flex-direction:column;}.kadence-column6454_845624-86 > .kt-inside-inner-col > .aligncenter{width:100%;}.kadence-column6454_845624-86 > .kt-inside-inner-col{background-color:var(--global-palette8, #F7FAFC);}.kadence-column6454_845624-86 > .kt-inside-inner-col:before{opacity:0.3;}.kadence-column6454_845624-86{position:relative;}.kadence-column6454_845624-86, .kt-inside-inner-col > .kadence-column6454_845624-86:not(.specificity){margin-top:var(--global-kb-spacing-xs, 1rem);margin-bottom:var(--global-kb-spacing-xs, 1rem);}@media all and (max-width: 1024px){.kadence-column6454_845624-86 > .kt-inside-inner-col{flex-direction:column;justify-content:center;}}@media all and (max-width: 767px){.kadence-column6454_845624-86 > .kt-inside-inner-col{flex-direction:column;justify-content:center;}}<\/style>\n<div class=\"wp-block-kadence-column kadence-column6454_845624-86\"><div class=\"kt-inside-inner-col\">\n<p><strong>Voici quelques h\u00e9bergements recommand\u00e9s dans cette zone :<\/strong><\/p>\n\n\n\n<ul class=\"wp-block-list\">\n<li><strong>Milieu de gamme : <strong>\u27a1\ufe0f<\/strong> <a aria-label=\" (opens in a new tab)\" href=\"https:\/\/www.booking.com\/hotel\/at\/city-pension.fr.html?aid=2394266&amp;no_rooms=1&amp;group_adults=2&amp;label=vienne_3jours_post\" target=\"_blank\" rel=\"noreferrer noopener nofollow\" class=\"ek-link\">City Pension Stephansplatz<\/a><\/strong><\/li>\n\n\n\n<li><strong>Milieu de gamme : <strong>\u27a1\ufe0f<\/strong> <a aria-label=\" (opens in a new tab)\" href=\"https:\/\/www.booking.com\/hotel\/at\/ch-wellnessapartments.fr.html?aid=2394266&amp;no_rooms=1&amp;group_adults=2&amp;label=vienne_3jours_post\" target=\"_blank\" rel=\"noreferrer noopener nofollow\" class=\"ek-link\">CH-H\u00f4tel Luka<\/a><\/strong><\/li>\n\n\n\n<li><strong>Luxe : <strong>\u27a1\ufe0f<\/strong> <a aria-label=\" (opens in a new tab)\" href=\"https:\/\/www.booking.com\/hotel\/at\/sacher-wien.fr.html?aid=2394266&amp;no_rooms=1&amp;group_adults=2&amp;label=vienne_3jours_post\" target=\"_blank\" rel=\"noreferrer noopener nofollow\" class=\"ek-link\">H\u00f4tel Sacher Wien<\/a><\/strong><\/li>\n<\/ul>\n<\/div><\/div>\n\n\n\n<p><strong>Leopoldstadt :<\/strong><\/p>\n\n\n\n<p>Une solution alternative et beaucoup plus \u00e9conomique est le quartier de Leopoldstadt, qui se trouve juste au nord du centre de Vienne.<\/p>\n\n\n\n<p><strong>En termes de connexions ?<\/strong><\/p>\n\n\n\n<p>Le quartier est bien reli\u00e9 au centre et \u00e0 l\u2019a\u00e9roport, cependant, il est important de loger \u00e0 proximit\u00e9 d\u2019une station de m\u00e9tro.<\/p>\n\n\n\n<p>La seule note n\u00e9gative est qu\u2019\u00e0 part le Prater et peu d\u2019autres choses, Leopoldstadt n\u2019abrite pas beaucoup d\u2019attractions, donc vous ne pourrez pas vous d\u00e9placer \u00e0 pied, mais devrez prendre les transports en commun plusieurs fois par jour.<\/p>\n\n\n<style>.kadence-column6454_2c67aa-9a > .kt-inside-inner-col{padding-top:var(--global-kb-spacing-xs, 1rem);padding-right:var(--global-kb-spacing-xs, 1rem);padding-bottom:var(--global-kb-spacing-xs, 1rem);padding-left:var(--global-kb-spacing-xs, 1rem);}.kadence-column6454_2c67aa-9a > .kt-inside-inner-col,.kadence-column6454_2c67aa-9a > .kt-inside-inner-col:before{border-top-left-radius:0px;border-top-right-radius:0px;border-bottom-right-radius:0px;border-bottom-left-radius:0px;}.kadence-column6454_2c67aa-9a > .kt-inside-inner-col{column-gap:var(--global-kb-gap-sm, 1rem);}.kadence-column6454_2c67aa-9a > .kt-inside-inner-col{flex-direction:column;}.kadence-column6454_2c67aa-9a > .kt-inside-inner-col > .aligncenter{width:100%;}.kadence-column6454_2c67aa-9a > .kt-inside-inner-col{background-color:var(--global-palette8, #F7FAFC);}.kadence-column6454_2c67aa-9a > .kt-inside-inner-col:before{opacity:0.3;}.kadence-column6454_2c67aa-9a{position:relative;}.kadence-column6454_2c67aa-9a, .kt-inside-inner-col > .kadence-column6454_2c67aa-9a:not(.specificity){margin-top:var(--global-kb-spacing-xs, 1rem);margin-bottom:var(--global-kb-spacing-xs, 1rem);}@media all and (max-width: 1024px){.kadence-column6454_2c67aa-9a > .kt-inside-inner-col{flex-direction:column;justify-content:center;}}@media all and (max-width: 767px){.kadence-column6454_2c67aa-9a > .kt-inside-inner-col{flex-direction:column;justify-content:center;}}<\/style>\n<div class=\"wp-block-kadence-column kadence-column6454_2c67aa-9a\"><div class=\"kt-inside-inner-col\">\n<p><strong>H\u00e9bergements recommand\u00e9s dans ce quartier :<\/strong><\/p>\n\n\n\n<ul class=\"wp-block-list\">\n<li><strong>\u00c9conomique : \u27a1\ufe0f <a aria-label=\" (opens in a new tab)\" href=\"https:\/\/www.booking.com\/hotel\/at\/hotelpensionkaffeemuehle.fr.html?aid=2394266&amp;no_rooms=1&amp;group_adults=2&amp;label=vienne_3jours_post\" target=\"_blank\" rel=\"noreferrer noopener nofollow\" class=\"ek-link\">H\u00f4tel Kaffeem\u00fchle<\/a><\/strong><\/li>\n\n\n\n<li><strong>Milieu de gamme : \u27a1\ufe0f <a aria-label=\" (opens in a new tab)\" href=\"https:\/\/www.booking.com\/hotel\/at\/hotel-schani-salon-austria.fr.html?aid=2394266&amp;no_rooms=1&amp;group_adults=2&amp;label=vienne_3jours_post\" target=\"_blank\" rel=\"noreferrer noopener nofollow\" class=\"ek-link\">H\u00f4tel Schani Salon<\/a><\/strong><\/li>\n\n\n\n<li><strong>Luxe : \u27a1\ufe0f <a aria-label=\" (opens in a new tab)\" href=\"https:\/\/www.booking.com\/hotel\/at\/sans-souci-wien.fr.html?aid=2394266&amp;no_rooms=1&amp;group_adults=2&amp;label=vienne_3jours_post\" target=\"_blank\" rel=\"noreferrer noopener nofollow\" class=\"ek-link\">H\u00f4tel Sans Souci Wien<\/a><\/strong><\/li>\n<\/ul>\n<\/div><\/div>\n\n\n\n<h2 class=\"wp-block-heading\"><strong>Que voir \u00e0 Vienne en 3 jours<\/strong><\/h2>\n\n\n\n<h3 class=\"wp-block-heading\"><strong>Jour 1 : Centre de Vienne<\/strong><\/h3>\n\n\n\n<figure class=\"wp-block-image size-large\"><img loading=\"lazy\" decoding=\"async\" width=\"1024\" height=\"768\" src=\"https:\/\/viennaguru.com\/wp-content\/uploads\/2023\/09\/Premier-jour-dun-itineraire-de-3-jours-a-Vienne-1024x768.jpg\" alt=\"Premier jour d\u2019un itine\u0301raire de 3 jours a\u0300 Vienne\" class=\"wp-image-6946\" srcset=\"https:\/\/viennaguru.com\/wp-content\/uploads\/2023\/09\/Premier-jour-dun-itineraire-de-3-jours-a-Vienne-1024x768.jpg 1024w, https:\/\/viennaguru.com\/wp-content\/uploads\/2023\/09\/Premier-jour-dun-itineraire-de-3-jours-a-Vienne-300x225.jpg 300w, https:\/\/viennaguru.com\/wp-content\/uploads\/2023\/09\/Premier-jour-dun-itineraire-de-3-jours-a-Vienne-768x576.jpg 768w, https:\/\/viennaguru.com\/wp-content\/uploads\/2023\/09\/Premier-jour-dun-itineraire-de-3-jours-a-Vienne-1536x1152.jpg 1536w, https:\/\/viennaguru.com\/wp-content\/uploads\/2023\/09\/Premier-jour-dun-itineraire-de-3-jours-a-Vienne.jpg 1600w\" sizes=\"auto, (max-width: 1024px) 100vw, 1024px\" \/><\/figure>\n\n\n\n<p>Arriv\u00e9 et bien install\u00e9 dans votre h\u00f4tel ? Allons-y pour le premier jour de notre tour de 3 jours \u00e0 Vienne, ax\u00e9 sur le centre historique, mieux connu sous le nom d&rsquo;<strong>Innere Stadt.<\/strong><\/p>\n\n\n\n<p>Voici la liste des attractions que nous visiterons aujourd\u2019hui et la carte du jour :<\/p>\n\n\n\n<iframe loading=\"lazy\" src=\"https:\/\/www.google.com\/maps\/d\/u\/0\/embed?mid=1fm4Jd-QhsN3CzP2fsn3Ei7MOITMahWk&#038;ehbc=2E312F&#038;noprof=1\" width=\"640\" height=\"480\"><\/iframe>\n\n\n\n<ul class=\"wp-block-list\">\n<li>Hofburg et Mus\u00e9e de Sissi<\/li>\n\n\n\n<li>Biblioth\u00e8que nationale autrichienne<\/li>\n\n\n\n<li>Graben et Kohlmarkt<\/li>\n\n\n\n<li>Ankeruhr<\/li>\n\n\n\n<li>Stephansplatz et Stephansdom<\/li>\n\n\n\n<li>Mozarthaus<\/li>\n\n\n\n<li>Tour sur la Ringstrasse<\/li>\n<\/ul>\n\n\n<style>.kadence-column6454_fe8544-aa > .kt-inside-inner-col{padding-top:var(--global-kb-spacing-xs, 1rem);padding-right:var(--global-kb-spacing-xs, 1rem);padding-bottom:var(--global-kb-spacing-xs, 1rem);padding-left:var(--global-kb-spacing-xs, 1rem);}.kadence-column6454_fe8544-aa > .kt-inside-inner-col,.kadence-column6454_fe8544-aa > .kt-inside-inner-col:before{border-top-left-radius:0px;border-top-right-radius:0px;border-bottom-right-radius:0px;border-bottom-left-radius:0px;}.kadence-column6454_fe8544-aa > .kt-inside-inner-col{column-gap:var(--global-kb-gap-sm, 1rem);}.kadence-column6454_fe8544-aa > .kt-inside-inner-col{flex-direction:column;}.kadence-column6454_fe8544-aa > .kt-inside-inner-col > .aligncenter{width:100%;}.kadence-column6454_fe8544-aa > .kt-inside-inner-col{background-color:#f2fdec;}.kadence-column6454_fe8544-aa > .kt-inside-inner-col:before{opacity:0.3;}.kadence-column6454_fe8544-aa{position:relative;}.kadence-column6454_fe8544-aa, .kt-inside-inner-col > .kadence-column6454_fe8544-aa:not(.specificity){margin-top:var(--global-kb-spacing-xs, 1rem);margin-bottom:var(--global-kb-spacing-xs, 1rem);}@media all and (max-width: 1024px){.kadence-column6454_fe8544-aa > .kt-inside-inner-col{flex-direction:column;justify-content:center;}}@media all and (max-width: 767px){.kadence-column6454_fe8544-aa > .kt-inside-inner-col{flex-direction:column;justify-content:center;}}<\/style>\n<div class=\"wp-block-kadence-column kadence-column6454_fe8544-aa\"><div class=\"kt-inside-inner-col\">\n<p><strong>Conseil du Guru :<\/strong> Je dois vous parler de <a href=\"https:\/\/www.civitatis.com\/fr\/vienne\/free-tour-nocturne\/?aid=13436&amp;cmp=vienne_3jours_post\" target=\"_blank\" data-type=\"link\" data-id=\"https:\/\/www.civitatis.com\/fr\/vienne\/free-tour-nocturne\/?aid=13436&amp;cmp=vienne_3jours_post\" rel=\"noreferrer noopener nofollow\"><strong>cette visite gratuite tr\u00e8s int\u00e9ressante<\/strong><\/a> qui se d\u00e9roule en plein c\u0153ur de Vienne. Avec Michael comme guide, c&rsquo;\u00e9tait vraiment formidable. Il \u00e9tait super pr\u00e9par\u00e9 et a su nous captiver tout au long de la visite.<\/p>\n\n\n\n<p>Vous pouvez r\u00e9server gratuitement <a href=\"https:\/\/www.civitatis.com\/fr\/vienne\/free-tour-nocturne\/?aid=13436&amp;cmp=vienne_3jours_post\" target=\"_blank\" data-type=\"link\" data-id=\"https:\/\/www.civitatis.com\/fr\/vienne\/free-tour-nocturne\/?aid=13436&amp;cmp=vienne_3jours_post\" rel=\"noreferrer noopener nofollow\"><strong>cette visite en ligne sur ce site<\/strong><\/a>.<\/p>\n<\/div><\/div>\n\n\n\n<h4 class=\"wp-block-heading\"><strong>Hofburg et Mus\u00e9e de Sissi<\/strong><\/h4>\n\n\n\n<figure class=\"wp-block-image size-large\"><img loading=\"lazy\" decoding=\"async\" width=\"1024\" height=\"768\" src=\"https:\/\/viennaguru.com\/wp-content\/uploads\/2023\/09\/Musee-de-Sissi-a-Vienne-1024x768.jpg\" alt=\"Muse\u0301e de Sissi a\u0300 Vienne\" class=\"wp-image-6940\" srcset=\"https:\/\/viennaguru.com\/wp-content\/uploads\/2023\/09\/Musee-de-Sissi-a-Vienne-1024x768.jpg 1024w, https:\/\/viennaguru.com\/wp-content\/uploads\/2023\/09\/Musee-de-Sissi-a-Vienne-300x225.jpg 300w, https:\/\/viennaguru.com\/wp-content\/uploads\/2023\/09\/Musee-de-Sissi-a-Vienne-768x576.jpg 768w, https:\/\/viennaguru.com\/wp-content\/uploads\/2023\/09\/Musee-de-Sissi-a-Vienne-1536x1152.jpg 1536w, https:\/\/viennaguru.com\/wp-content\/uploads\/2023\/09\/Musee-de-Sissi-a-Vienne.jpg 1600w\" sizes=\"auto, (max-width: 1024px) 100vw, 1024px\" \/><\/figure>\n\n\n\n<p>Nous entamons notre itin\u00e9raire de Vienne en 3 jours par la visite de l&rsquo;un de ses lieux les plus embl\u00e9matiques : <strong>l&rsquo;Hofburg<\/strong>.<\/p>\n\n\n\n<p>Pendant six si\u00e8cles, ce fut la r\u00e9sidence hivernale de la puissante dynastie des Habsbourg. Aujourd&rsquo;hui, ce complexe de palais et de jardins abrite plusieurs mus\u00e9es, institutions culturelles et les bureaux du Pr\u00e9sident de la R\u00e9publique.<\/p>\n\n\n\n<p>Je vous recommande de visiter le b\u00e2timent principal, qui propose trois attractions :<\/p>\n\n\n\n<ul class=\"wp-block-list\">\n<li><strong>Le Mus\u00e9e de Sissi<\/strong> : retrouvez l&rsquo;histoire de l&rsquo;imp\u00e9ratrice la plus c\u00e9l\u00e8bre et aim\u00e9e de l&rsquo;histoire, \u00c9lisabeth de Bavi\u00e8re. \u00c0 l&rsquo;int\u00e9rieur, d\u00e9couvrez plus de 300 objets personnels, v\u00eatements, maquillage, accessoires d&rsquo;\u00e9poque et de nombreuses curiosit\u00e9s sur Sissi.<\/li>\n\n\n\n<li><strong>Les appartements imp\u00e9riaux (Kaiserappartements)<\/strong> : ces pi\u00e8ces ont \u00e9t\u00e9 le foyer de Sissi et de son \u00e9poux, Franz.<\/li>\n\n\n\n<li><strong>Le Mus\u00e9e de l&rsquo;Argenterie (Silberkammer)<\/strong> : une vaste collection de porcelaines, de couverts et bien d&rsquo;autres tr\u00e9sors vous attend.<\/li>\n<\/ul>\n\n\n<style>.kadence-column6454_500776-4b > .kt-inside-inner-col{padding-top:var(--global-kb-spacing-xs, 1rem);padding-right:var(--global-kb-spacing-xs, 1rem);padding-bottom:var(--global-kb-spacing-xs, 1rem);padding-left:var(--global-kb-spacing-xs, 1rem);}.kadence-column6454_500776-4b > .kt-inside-inner-col,.kadence-column6454_500776-4b > .kt-inside-inner-col:before{border-top-left-radius:0px;border-top-right-radius:0px;border-bottom-right-radius:0px;border-bottom-left-radius:0px;}.kadence-column6454_500776-4b > .kt-inside-inner-col{column-gap:var(--global-kb-gap-sm, 1rem);}.kadence-column6454_500776-4b > .kt-inside-inner-col{flex-direction:column;}.kadence-column6454_500776-4b > .kt-inside-inner-col > .aligncenter{width:100%;}.kadence-column6454_500776-4b > .kt-inside-inner-col{background-color:var(--global-palette8, #F7FAFC);}.kadence-column6454_500776-4b > .kt-inside-inner-col:before{opacity:0.3;}.kadence-column6454_500776-4b{position:relative;}.kadence-column6454_500776-4b, .kt-inside-inner-col > .kadence-column6454_500776-4b:not(.specificity){margin-top:var(--global-kb-spacing-xs, 1rem);margin-bottom:var(--global-kb-spacing-xs, 1rem);}@media all and (max-width: 1024px){.kadence-column6454_500776-4b > .kt-inside-inner-col{flex-direction:column;justify-content:center;}}@media all and (max-width: 767px){.kadence-column6454_500776-4b > .kt-inside-inner-col{flex-direction:column;justify-content:center;}}<\/style>\n<div class=\"wp-block-kadence-column kadence-column6454_500776-4b\"><div class=\"kt-inside-inner-col\">\n<p><strong><em>Voulez-vous en savoir plus sur Sissi et sa vie \u00e0 Vienne ?<\/em><\/strong><\/p>\n\n\n\n<p>J\u2019ai suivi une visite guid\u00e9e passionnante en fran\u00e7ais, qui m\u2019a permis de d\u00e9couvrir de nombreuses anecdotes et moments marquants de sa vie.<\/p>\n\n\n\n<p>Au cours de la visite, le guide nous emm\u00e8ne non seulement au mus\u00e9e (le billet d\u2019entr\u00e9e est inclus), mais aussi dans d\u2019autres lieux embl\u00e9matiques, comme l\u2019\u00e9glise Saint-Augustin, o\u00f9 elle s\u2019est mari\u00e9e.<\/p>\n\n\n\n<p>Les places sont limit\u00e9es, et vous pouvez r\u00e9server votre visite <strong><a href=\"https:\/\/www.civitatis.com\/fr\/vienne\/visite-sissi-vienne\/?aid=13436&amp;cmp=vienne_3jours_post\" target=\"_blank\" rel=\"noreferrer noopener nofollow\">en ligne sur ce site<\/a><\/strong>.<\/p>\n<\/div><\/div>\n\n\n\n<h4 class=\"wp-block-heading\"><strong>Biblioth\u00e8que Nationale Autrichienne<\/strong><\/h4>\n\n\n\n<figure class=\"wp-block-image size-large\"><img loading=\"lazy\" decoding=\"async\" width=\"1024\" height=\"768\" src=\"https:\/\/viennaguru.com\/wp-content\/uploads\/2023\/09\/Bibliotheque-Nationale-Autrichienne-1024x768.jpg\" alt=\"Bibliothe\u0300que Nationale Autrichienne\" class=\"wp-image-6910\" srcset=\"https:\/\/viennaguru.com\/wp-content\/uploads\/2023\/09\/Bibliotheque-Nationale-Autrichienne-1024x768.jpg 1024w, https:\/\/viennaguru.com\/wp-content\/uploads\/2023\/09\/Bibliotheque-Nationale-Autrichienne-300x225.jpg 300w, https:\/\/viennaguru.com\/wp-content\/uploads\/2023\/09\/Bibliotheque-Nationale-Autrichienne-768x576.jpg 768w, https:\/\/viennaguru.com\/wp-content\/uploads\/2023\/09\/Bibliotheque-Nationale-Autrichienne-1536x1152.jpg 1536w, https:\/\/viennaguru.com\/wp-content\/uploads\/2023\/09\/Bibliotheque-Nationale-Autrichienne.jpg 1600w\" sizes=\"auto, (max-width: 1024px) 100vw, 1024px\" \/><\/figure>\n\n\n\n<p><strong>Que voir \u00e0 Vienne en 3 jours ?<\/strong><\/p>\n\n\n\n<p>Apr\u00e8s la visite du Mus\u00e9e de Sissi, dirigez-vous vers l\u2019autre b\u00e2timent de l\u2019Hofburg qui abrite la <strong>Biblioth\u00e8que Nationale Autrichienne.<\/strong><\/p>\n\n\n\n<p>De quoi s\u2019agit-il ?<\/p>\n\n\n\n<p>L\u2019une des biblioth\u00e8ques les plus spectaculaires que j\u2019aie jamais visit\u00e9es !<\/p>\n\n\n\n<p>La biblioth\u00e8que est vraiment remarquable, compos\u00e9e de plusieurs salles. La plus importante est le <strong>Salon de Gala<\/strong>, un espace de style baroque long de 80 m\u00e8tres et haut de pr\u00e8s de 30 m\u00e8tres, couronn\u00e9 au centre par une grande coupole magnifiquement d\u00e9cor\u00e9e de fresques.<\/p>\n\n\n\n<p>En tout, elle abrite 200 000 volumes historiques tr\u00e8s pr\u00e9cieux, dont 15 000 volumes appartenant \u00e0 Eug\u00e8ne de Savoie.<\/p>\n\n\n\n<ul class=\"wp-block-list\">\n<li><strong>Tarifs :<\/strong> l&rsquo;entr\u00e9e \u00e0 la biblioth\u00e8que co\u00fbte 10\u20ac par personne, et l&rsquo;acc\u00e8s aux deux mus\u00e9es mentionn\u00e9s est de 5 \u20ac par mus\u00e9e.<\/li>\n\n\n\n<li><strong>Horaires :<\/strong> du mardi au dimanche, de 10h00 \u00e0 18h00.<\/li>\n\n\n\n<li><strong>Localisation :<\/strong> Josefsplatz 1.<\/li>\n<\/ul>\n\n\n\n<h4 class=\"wp-block-heading\"><strong>Graben et Kohlmarkt<\/strong><\/h4>\n\n\n\n<figure class=\"wp-block-image size-large\"><img loading=\"lazy\" decoding=\"async\" width=\"1024\" height=\"768\" src=\"https:\/\/viennaguru.com\/wp-content\/uploads\/2023\/09\/Kohlmarkt-Vienne-1024x768.jpg\" alt=\"Kohlmarkt, Vienne\" class=\"wp-image-6937\" srcset=\"https:\/\/viennaguru.com\/wp-content\/uploads\/2023\/09\/Kohlmarkt-Vienne-1024x768.jpg 1024w, https:\/\/viennaguru.com\/wp-content\/uploads\/2023\/09\/Kohlmarkt-Vienne-300x225.jpg 300w, https:\/\/viennaguru.com\/wp-content\/uploads\/2023\/09\/Kohlmarkt-Vienne-768x576.jpg 768w, https:\/\/viennaguru.com\/wp-content\/uploads\/2023\/09\/Kohlmarkt-Vienne-1536x1152.jpg 1536w, https:\/\/viennaguru.com\/wp-content\/uploads\/2023\/09\/Kohlmarkt-Vienne.jpg 1600w\" sizes=\"auto, (max-width: 1024px) 100vw, 1024px\" \/><\/figure>\n\n\n\n<p><strong><em>Que visiter \u00e0 Vienne en 3 jours ?<\/em><\/strong><\/p>\n\n\n\n<p>Continuons notre tour \u00e0 la d\u00e9couverte de 2 avenues commer\u00e7antes parmi les plus exclusives de Vienne.<\/p>\n\n\n\n<p>La premi\u00e8re est <strong>Graben<\/strong>, une rue\/place qui \u00e9tait autrefois un march\u00e9 de fruits et l\u00e9gumes, mais qui, \u00e0 partir du XIXe si\u00e8cle, est devenue l&rsquo;une des avenues les plus belles et raffin\u00e9es de la ville. Aujourd&rsquo;hui, elle abrite un grand nombre de restaurants (certains \u00e9toil\u00e9s) ainsi que des boutiques de luxe.<\/p>\n\n\n\n<p><strong>Kohlmarkt<\/strong>, quant \u00e0 elle, \u00e9tait \u00e0 l&rsquo;origine un march\u00e9 de charbon. Elle est maintenant connue comme la rue commer\u00e7ante la plus exclusive de Vienne. Le long de cette avenue, vous trouverez de magnifiques boutiques de marques comme Dolce &amp; Gabbana, Gucci et Tiffany.<\/p>\n\n\n\n<h4 class=\"wp-block-heading\"><strong>Ankeruhr<\/strong><\/h4>\n\n\n\n<figure class=\"wp-block-image size-large\"><img loading=\"lazy\" decoding=\"async\" width=\"1024\" height=\"768\" src=\"https:\/\/viennaguru.com\/wp-content\/uploads\/2023\/09\/Ankeruhr-a-voir-dans-un-itineraire-de-3-jours-a-Vienne-1024x768.jpg\" alt=\"Ankeruhr, a\u0300 voir dans un itine\u0301raire de 3 jours a\u0300 Vienne\" class=\"wp-image-6907\" srcset=\"https:\/\/viennaguru.com\/wp-content\/uploads\/2023\/09\/Ankeruhr-a-voir-dans-un-itineraire-de-3-jours-a-Vienne-1024x768.jpg 1024w, https:\/\/viennaguru.com\/wp-content\/uploads\/2023\/09\/Ankeruhr-a-voir-dans-un-itineraire-de-3-jours-a-Vienne-300x225.jpg 300w, https:\/\/viennaguru.com\/wp-content\/uploads\/2023\/09\/Ankeruhr-a-voir-dans-un-itineraire-de-3-jours-a-Vienne-768x576.jpg 768w, https:\/\/viennaguru.com\/wp-content\/uploads\/2023\/09\/Ankeruhr-a-voir-dans-un-itineraire-de-3-jours-a-Vienne-1536x1152.jpg 1536w, https:\/\/viennaguru.com\/wp-content\/uploads\/2023\/09\/Ankeruhr-a-voir-dans-un-itineraire-de-3-jours-a-Vienne.jpg 1600w\" sizes=\"auto, (max-width: 1024px) 100vw, 1024px\" \/><\/figure>\n\n\n\n<p>Continuons notre <strong>itin\u00e9raire de 3 jours \u00e0 Vienn<\/strong>e en visitant une attraction relativement \u00ab\u00a0cach\u00e9e\u00a0\u00bb.<\/p>\n\n\n\n<p><strong>L&rsquo;Ankeruhr<\/strong> se trouve pr\u00e8s du Hoher Markt, \u00e0 courte distance de Graben. Une fois arriv\u00e9 sur place, vous d\u00e9couvrirez une magnifique horloge de style Art Nouveau, <strong>cr\u00e9\u00e9e en 1914<\/strong> <strong>par le c\u00e9l\u00e8bre artiste Franz Matsch.<\/strong><\/p>\n\n\n\n<p>En plus d&rsquo;\u00eatre visuellement splendide, l&rsquo;horloge est caract\u00e9ris\u00e9e par un m\u00e9canisme complexe form\u00e9 de <strong>12 figures<\/strong> qui se relaient chaque heure, apparaissant accompagn\u00e9es de musique.<\/p>\n\n\n\n<p>Qui sont exactement les 12 figures ? <strong>Il s&rsquo;agit de personnages historiques<\/strong> li\u00e9s \u00e0 l&rsquo;histoire de la ville.<\/p>\n\n\n\n<p>On commence en effet par <strong>Marc Aur\u00e8le<\/strong>, empereur romain qui r\u00e9sida plusieurs ann\u00e9es \u00e0 Vindobona (ancienne Vienne) et y mourut en 180 apr\u00e8s J.-C., jusqu&rsquo;\u00e0 <strong>Joseph Haydn<\/strong>, p\u00e8re de la symphonie et l&rsquo;un des plus grands compositeurs autrichiens.<\/p>\n\n\n<style>.kadence-column6454_c5f0bb-16 > .kt-inside-inner-col{padding-top:var(--global-kb-spacing-xs, 1rem);padding-right:var(--global-kb-spacing-xs, 1rem);padding-bottom:var(--global-kb-spacing-xs, 1rem);padding-left:var(--global-kb-spacing-xs, 1rem);}.kadence-column6454_c5f0bb-16 > .kt-inside-inner-col,.kadence-column6454_c5f0bb-16 > .kt-inside-inner-col:before{border-top-left-radius:0px;border-top-right-radius:0px;border-bottom-right-radius:0px;border-bottom-left-radius:0px;}.kadence-column6454_c5f0bb-16 > .kt-inside-inner-col{column-gap:var(--global-kb-gap-sm, 1rem);}.kadence-column6454_c5f0bb-16 > .kt-inside-inner-col{flex-direction:column;}.kadence-column6454_c5f0bb-16 > .kt-inside-inner-col > .aligncenter{width:100%;}.kadence-column6454_c5f0bb-16 > .kt-inside-inner-col{background-color:var(--global-palette8, #F7FAFC);}.kadence-column6454_c5f0bb-16 > .kt-inside-inner-col:before{opacity:0.3;}.kadence-column6454_c5f0bb-16{position:relative;}.kadence-column6454_c5f0bb-16, .kt-inside-inner-col > .kadence-column6454_c5f0bb-16:not(.specificity){margin-top:var(--global-kb-spacing-xs, 1rem);margin-bottom:var(--global-kb-spacing-xs, 1rem);}@media all and (max-width: 1024px){.kadence-column6454_c5f0bb-16 > .kt-inside-inner-col{flex-direction:column;justify-content:center;}}@media all and (max-width: 767px){.kadence-column6454_c5f0bb-16 > .kt-inside-inner-col{flex-direction:column;justify-content:center;}}<\/style>\n<div class=\"wp-block-kadence-column kadence-column6454_c5f0bb-16\"><div class=\"kt-inside-inner-col\">\n<p><strong>Conseil du Guru<\/strong> : Pr\u00e9sentez-vous devant l&rsquo;horloge peu avant midi. \u00c0 cette heure, les 12 figures historiques \u00e9mergent une \u00e0 une, accompagn\u00e9es de diff\u00e9rentes m\u00e9lodies pendant environ 15 minutes.<\/p>\n<\/div><\/div>\n\n\n\n<h4 class=\"wp-block-heading\"><strong>Stephansplatz et Stephansdom<\/strong><\/h4>\n\n\n\n<figure class=\"wp-block-image size-large\"><img loading=\"lazy\" decoding=\"async\" width=\"1024\" height=\"768\" src=\"https:\/\/viennaguru.com\/wp-content\/uploads\/2023\/09\/Stephansdom-a-visiter-en-3-jours-a-Vienne-1024x768.jpg\" alt=\"Stephansdom, a\u0300 visiter en 3 jours a\u0300 Vienne\" class=\"wp-image-6949\" srcset=\"https:\/\/viennaguru.com\/wp-content\/uploads\/2023\/09\/Stephansdom-a-visiter-en-3-jours-a-Vienne-1024x768.jpg 1024w, https:\/\/viennaguru.com\/wp-content\/uploads\/2023\/09\/Stephansdom-a-visiter-en-3-jours-a-Vienne-300x225.jpg 300w, https:\/\/viennaguru.com\/wp-content\/uploads\/2023\/09\/Stephansdom-a-visiter-en-3-jours-a-Vienne-768x576.jpg 768w, https:\/\/viennaguru.com\/wp-content\/uploads\/2023\/09\/Stephansdom-a-visiter-en-3-jours-a-Vienne-1536x1152.jpg 1536w, https:\/\/viennaguru.com\/wp-content\/uploads\/2023\/09\/Stephansdom-a-visiter-en-3-jours-a-Vienne.jpg 1600w\" sizes=\"auto, (max-width: 1024px) 100vw, 1024px\" \/><\/figure>\n\n\n\n<p><strong>Que visiter \u00e0 Vienne en 3 jours ?<\/strong><\/p>\n\n\n\n<p>La prochaine \u00e9tape, \u00e0 une courte distance de l&rsquo;Ankeruhr, vous m\u00e8ne \u00e0 l&rsquo;une des places les plus c\u00e9l\u00e8bres de Vienne, Stephansplatz. Cette place est particuli\u00e8rement renomm\u00e9e pour sa magnifique <a href=\"https:\/\/www.getyourguide.fr\/vienne-l7\/vienne-billets-pour-la-cathedrale-saint-etienne-et-le-musee-dom-t420422\/?partner_id=KC753P7&amp;utm_medium=online_publisher&amp;cmp=vienne_3jours_post\" target=\"_blank\" aria-label=\" (opens in a new tab)\" rel=\"noreferrer noopener nofollow\" class=\"ek-link\"><strong>cath\u00e9drale de Vienne,<\/strong><\/a> \u00e9galement connue sous le nom de Stephansdom.<\/p>\n\n\n\n<p>Il s&rsquo;agit d&rsquo;un des exemples <strong>les plus importants de l&rsquo;architecture gothique en Europe<\/strong>. La premi\u00e8re construction a d\u00e9but\u00e9 en 1137, mais l&rsquo;\u00e9glise a \u00e9t\u00e9 reconstruite dans un style gothique \u00e0 partir du XIVe si\u00e8cle.<\/p>\n\n\n\n<p>L&rsquo;une de ses caract\u00e9ristiques les plus reconnaissables est sa <strong>tour sud<\/strong>, qui s&rsquo;\u00e9l\u00e8ve \u00e0 136,44 m\u00e8tres de hauteur. Vous pouvez m\u00eame monter jusqu&rsquo;\u00e0 environ 65 m\u00e8tres et profiter d&rsquo;une vue spectaculaire sur la ville.<\/p>\n\n\n\n<p><strong>L&rsquo;acc\u00e8s \u00e0 l&rsquo;\u00e9glise est gratuit<\/strong>, mais pour visiter les deux tours clochers (y compris la tour sud), le tr\u00e9sor et les catacombes, un billet est n\u00e9cessaire.<\/p>\n\n\n\n<p>Vous avez le choix entre un billet combin\u00e9 ou la visite de la zone qui vous int\u00e9resse le plus.<\/p>\n\n\n\n<p>Mon conseil ? <strong>Visitez au moins la Tour Sud.<\/strong><\/p>\n\n\n\n<ul class=\"wp-block-list\">\n<li><strong>Billets :<\/strong> les billets sont disponibles sur place ou en ligne, le billet complet co\u00fbte 25 \u20ac, il est possible d&rsquo;acheter des billets pour les zones individuelles. <a href=\"https:\/\/www.getyourguide.fr\/vienne-l7\/vienne-billets-pour-la-cathedrale-saint-etienne-et-le-musee-dom-t420422\/?partner_id=KC753P7&amp;utm_medium=online_publisher&amp;cmp=vienne_3jours_post\" target=\"_blank\" aria-label=\" (opens in a new tab)\" rel=\"noreferrer noopener nofollow\" class=\"ek-link\"><strong>Vous trouverez ici le billet complet<\/strong><\/a> qui inclut \u00e0 la fois la cath\u00e9drale et le Dom Museum.<\/li>\n\n\n\n<li><strong>Horaires :<\/strong> ouvert du lundi au samedi de 9h00 \u00e0 11h30 et de 13h00 \u00e0 16h30. Dimanche et jours f\u00e9ri\u00e9s de 13h00 \u00e0 16h30.<\/li>\n\n\n\n<li><strong>Localisation :<\/strong> Stephansplatz 3.<\/li>\n<\/ul>\n\n\n\n<h4 class=\"wp-block-heading\"><strong>Mozarthaus<\/strong><\/h4>\n\n\n\n<p>Apr\u00e8s l&rsquo;\u00e9glise, poursuivez l&rsquo;itin\u00e9raire vers la maison de l&rsquo;un des compositeurs les plus importants de l&rsquo;histoire.<\/p>\n\n\n\n<p>Mozart a d\u00e9m\u00e9nag\u00e9 12 fois durant ses ann\u00e9es \u00e0 Vienne, et malheureusement, toutes les maisons o\u00f9 il a v\u00e9cu ont \u00e9t\u00e9 d\u00e9truites. Toutes sauf une.<\/p>\n\n\n\n<p>La <a href=\"https:\/\/www.civitatis.com\/fr\/vienne\/billet-maison-mozart\/?aid=13436&amp;cmp=vienne_3jours_post\" target=\"_blank\" data-type=\"link\" data-id=\"https:\/\/www.civitatis.com\/fr\/vienne\/billet-maison-mozart\/?aid=13436&amp;cmp=vienne_3jours_post\" rel=\"noreferrer noopener nofollow\"><strong>Mozarthaus<\/strong><\/a> est la seule de ses habitations \u00e0 avoir surv\u00e9cu, \u00e9videmment apr\u00e8s plusieurs reconstructions.<\/p>\n\n\n\n<p>Les int\u00e9rieurs, malheureusement, ne sont pas \u00e0 100 % originaux, mais ont \u00e9t\u00e9 reproduits de mani\u00e8re \u00e0 \u00eatre r\u00e9alistes et aussi fid\u00e8les que possible \u00e0 l&rsquo;\u00e9poque de Mozart.<\/p>\n\n\n\n<p>La visite inclut :<\/p>\n\n\n\n<ul class=\"wp-block-list\">\n<li><strong>Premier \u00e9tage<\/strong> : Ici, vous trouverez l&rsquo;appartement proprement dit, reconstruit pour \u00eatre identique \u00e0 l&rsquo;original.<\/li>\n\n\n\n<li><strong>Deuxi\u00e8me \u00e9tage<\/strong> : Il est d\u00e9di\u00e9 \u00e0 la carri\u00e8re de Mozart. C&rsquo;est dans cette maison qu&rsquo;il a compos\u00e9 certaines de ses \u0153uvres majeures, telles que \u00ab\u00a0Les Noces de Figaro\u00a0\u00bb et \u00ab\u00a0Don Giovanni\u00a0\u00bb.<\/li>\n\n\n\n<li><strong>Troisi\u00e8me \u00e9tage<\/strong> : Il se concentre sur la vie priv\u00e9e et sociale de Mozart, avec des informations sur ses amiti\u00e9s et sa vie mondaine \u00e0 Vienne.<\/li>\n<\/ul>\n\n\n\n<p>La visite sera tr\u00e8s int\u00e9ressante gr\u00e2ce \u00e0 la pr\u00e9sence de nombreuses installations multim\u00e9dias avec des informations sur la vie du c\u00e9l\u00e8bre compositeur, le tout agr\u00e9ment\u00e9 de nombreuses curiosit\u00e9s int\u00e9ressantes.<\/p>\n\n\n\n<ul class=\"wp-block-list\">\n<li><strong>Billets :<\/strong> l&rsquo;entr\u00e9e co\u00fbte 14 \u20ac pour les adultes, 10 \u20ac pour les \u00e9tudiants de moins de 26 ans (avec carte) et 4,5 \u20ac pour les enfants de moins de 13 ans. <a href=\"https:\/\/www.civitatis.com\/fr\/vienne\/billet-maison-mozart\/?aid=13436&amp;cmp=vienne_3jours_post\" target=\"_blank\" data-type=\"link\" data-id=\"https:\/\/www.civitatis.com\/fr\/vienne\/billet-maison-mozart\/?aid=13436&amp;cmp=vienne_3jours_post\" rel=\"noreferrer noopener nofollow\"><strong>Vous trouverez ici les billets disponibles en ligne<\/strong><\/a>.<\/li>\n\n\n\n<li><strong>Horaires :<\/strong> ouvert tous les jours de 10h00 \u00e0 18h00. Localisation : situ\u00e9e sur Domgasse au num\u00e9ro 5, \u00e0 seulement 150 m\u00e8tres de Stephansplatz.<\/li>\n<\/ul>\n\n\n\n<h4 class=\"wp-block-heading\"><strong>Tour de la Ringstrasse<\/strong><\/h4>\n\n\n\n<figure class=\"wp-block-image size-large\"><img loading=\"lazy\" decoding=\"async\" width=\"1024\" height=\"768\" src=\"https:\/\/viennaguru.com\/wp-content\/uploads\/2023\/09\/Tour-sur-la-Ringstrasse-1024x768.jpg\" alt=\"Tour sur la Ringstrasse\" class=\"wp-image-6952\" srcset=\"https:\/\/viennaguru.com\/wp-content\/uploads\/2023\/09\/Tour-sur-la-Ringstrasse-1024x768.jpg 1024w, https:\/\/viennaguru.com\/wp-content\/uploads\/2023\/09\/Tour-sur-la-Ringstrasse-300x225.jpg 300w, https:\/\/viennaguru.com\/wp-content\/uploads\/2023\/09\/Tour-sur-la-Ringstrasse-768x576.jpg 768w, https:\/\/viennaguru.com\/wp-content\/uploads\/2023\/09\/Tour-sur-la-Ringstrasse-1536x1152.jpg 1536w, https:\/\/viennaguru.com\/wp-content\/uploads\/2023\/09\/Tour-sur-la-Ringstrasse.jpg 1600w\" sizes=\"auto, (max-width: 1024px) 100vw, 1024px\" \/><\/figure>\n\n\n\n<p>Enfin, pour conclure cette journ\u00e9e en beaut\u00e9, je vous recommande absolument de faire <strong>un tour panoramique sur la Ringstrasse.<\/strong><\/p>\n\n\n\n<p>Mais qu&rsquo;est-ce que la Ringstrasse ?<\/p>\n\n\n\n<p>Il s&rsquo;agit de l&rsquo;avenue embl\u00e9matique <strong>construite \u00e0 partir de 1857<\/strong>, apr\u00e8s la destruction des murs de la ville qui entouraient le centre historique de Vienne.<\/p>\n\n\n\n<p>La Ringstrasse est particuli\u00e8rement impressionnante car le long de cette avenue ont \u00e9t\u00e9 \u00e9rig\u00e9s certains <strong>des plus beaux b\u00e2timents de la ville.<\/strong><\/p>\n\n\n\n<p>Vous pourrez admirer des \u00e9difices magnifiques comme l&rsquo;Op\u00e9ra d&rsquo;\u00c9tat, le Parlement, l&rsquo;H\u00f4tel de Ville et divers mus\u00e9es et palais de style n\u00e9o-Renaissance, n\u00e9o-baroque et n\u00e9o-gothique.<\/p>\n\n\n<style>.kadence-column6454_bda5f3-ee > .kt-inside-inner-col{padding-top:var(--global-kb-spacing-xs, 1rem);padding-right:var(--global-kb-spacing-xs, 1rem);padding-bottom:var(--global-kb-spacing-xs, 1rem);padding-left:var(--global-kb-spacing-xs, 1rem);}.kadence-column6454_bda5f3-ee > .kt-inside-inner-col,.kadence-column6454_bda5f3-ee > .kt-inside-inner-col:before{border-top-left-radius:0px;border-top-right-radius:0px;border-bottom-right-radius:0px;border-bottom-left-radius:0px;}.kadence-column6454_bda5f3-ee > .kt-inside-inner-col{column-gap:var(--global-kb-gap-sm, 1rem);}.kadence-column6454_bda5f3-ee > .kt-inside-inner-col{flex-direction:column;}.kadence-column6454_bda5f3-ee > .kt-inside-inner-col > .aligncenter{width:100%;}.kadence-column6454_bda5f3-ee > .kt-inside-inner-col{background-color:var(--global-palette8, #F7FAFC);}.kadence-column6454_bda5f3-ee > .kt-inside-inner-col:before{opacity:0.3;}.kadence-column6454_bda5f3-ee{position:relative;}.kadence-column6454_bda5f3-ee, .kt-inside-inner-col > .kadence-column6454_bda5f3-ee:not(.specificity){margin-top:var(--global-kb-spacing-xs, 1rem);margin-bottom:var(--global-kb-spacing-xs, 1rem);}@media all and (max-width: 1024px){.kadence-column6454_bda5f3-ee > .kt-inside-inner-col{flex-direction:column;justify-content:center;}}@media all and (max-width: 767px){.kadence-column6454_bda5f3-ee > .kt-inside-inner-col{flex-direction:column;justify-content:center;}}<\/style>\n<div class=\"wp-block-kadence-column kadence-column6454_bda5f3-ee\"><div class=\"kt-inside-inner-col\">\n<p><em><strong>Conseil du Guru<\/strong> : pour parcourir l&rsquo;avenue, je vous conseille de prendre le tram 1 ou le tram 2. La station de d\u00e9part est celle devant l&rsquo;Op\u00e9ra d&rsquo;\u00c9tat, en direction de l&rsquo;Universit\u00e9 de Vienne. Le tron\u00e7on le plus spectaculaire est sans aucun doute celui entre l&rsquo;Universit\u00e9 et l&rsquo;Op\u00e9ra d&rsquo;\u00c9tat.<\/em><\/p>\n<\/div><\/div>\n\n\n\n<h3 class=\"wp-block-heading\"><strong>Jour 2 : Schonbrunn et Prater<\/strong><\/h3>\n\n\n\n<figure class=\"wp-block-image size-large\"><img loading=\"lazy\" decoding=\"async\" width=\"1024\" height=\"768\" src=\"https:\/\/viennaguru.com\/wp-content\/uploads\/2023\/09\/Deuxieme-jour-dun-itineraire-de-3-jours-a-Vienne-1024x768.jpg\" alt=\"Deuxie\u0300me jour d\u2019un itine\u0301raire de 3 jours a\u0300 Vienne\" class=\"wp-image-6925\" srcset=\"https:\/\/viennaguru.com\/wp-content\/uploads\/2023\/09\/Deuxieme-jour-dun-itineraire-de-3-jours-a-Vienne-1024x768.jpg 1024w, https:\/\/viennaguru.com\/wp-content\/uploads\/2023\/09\/Deuxieme-jour-dun-itineraire-de-3-jours-a-Vienne-300x225.jpg 300w, https:\/\/viennaguru.com\/wp-content\/uploads\/2023\/09\/Deuxieme-jour-dun-itineraire-de-3-jours-a-Vienne-768x576.jpg 768w, https:\/\/viennaguru.com\/wp-content\/uploads\/2023\/09\/Deuxieme-jour-dun-itineraire-de-3-jours-a-Vienne-1536x1152.jpg 1536w, https:\/\/viennaguru.com\/wp-content\/uploads\/2023\/09\/Deuxieme-jour-dun-itineraire-de-3-jours-a-Vienne.jpg 1600w\" sizes=\"auto, (max-width: 1024px) 100vw, 1024px\" \/><\/figure>\n\n\n\n<p>L&rsquo;itin\u00e9raire de cette deuxi\u00e8me journ\u00e9e \u00e0 Vienne inclut la visite de l&rsquo;attraction la plus embl\u00e9matique d&rsquo;Autriche, suivie d&rsquo;une exploration du quartier de Leopoldstadt.<\/p>\n\n\n\n<p>Voici la carte pour aujourd&rsquo;hui et une liste des attractions :<\/p>\n\n\n\n<ul class=\"wp-block-list\">\n<li><strong>Ch\u00e2teau de Sch\u00f6nbrunn<\/strong><\/li>\n\n\n\n<li><strong>Optionnel : Zoo de Sch\u00f6nbrunn<\/strong><\/li>\n\n\n\n<li><strong>Prater et Grande Roue (Riesenrad)<\/strong><\/li>\n\n\n\n<li><strong>Tour du Danube (Donauturm)<\/strong><\/li>\n<\/ul>\n\n\n\n<iframe loading=\"lazy\" src=\"https:\/\/www.google.com\/maps\/d\/u\/0\/embed?mid=1tTj8qrL6GGSgjkSLvvWaCXPxNrSGQTA&#038;ehbc=2E312F&#038;noprof=1\" width=\"640\" height=\"480\"><\/iframe>\n\n\n\n<h4 class=\"wp-block-heading\"><strong>Ch\u00e2teau de Schonbrunn<\/strong><\/h4>\n\n\n\n<p>Nous commen\u00e7ons ce deuxi\u00e8me jour \u00e0 Vienne avec la visite de l&rsquo;<strong>attraction la plus c\u00e9l\u00e8bre et la plus visit\u00e9e d&rsquo;Autriche<\/strong> : le majestueux <strong>Ch\u00e2teau de Schonbrunn.<\/strong><\/p>\n\n\n\n<p>Autrefois r\u00e9sidence d&rsquo;\u00e9t\u00e9 des Habsbourg, il comprend une immense zone avec des jardins, des labyrinthes, de nombreuses petites attractions comme des sculptures et des fontaines, et le ch\u00e2teau lui-m\u00eame, qui abrite plus de <strong>1400 pi\u00e8ces<\/strong>.<\/p>\n\n\n\n<figure class=\"wp-block-image size-large\"><img loading=\"lazy\" decoding=\"async\" width=\"1024\" height=\"768\" src=\"https:\/\/viennaguru.com\/wp-content\/uploads\/2023\/09\/Chateau-de-Schonbrunn-Vienne-1024x768.jpg\" alt=\"Cha\u0302teau de Scho\u0308nbrunn, Vienne\" class=\"wp-image-6916\" srcset=\"https:\/\/viennaguru.com\/wp-content\/uploads\/2023\/09\/Chateau-de-Schonbrunn-Vienne-1024x768.jpg 1024w, https:\/\/viennaguru.com\/wp-content\/uploads\/2023\/09\/Chateau-de-Schonbrunn-Vienne-300x225.jpg 300w, https:\/\/viennaguru.com\/wp-content\/uploads\/2023\/09\/Chateau-de-Schonbrunn-Vienne-768x576.jpg 768w, https:\/\/viennaguru.com\/wp-content\/uploads\/2023\/09\/Chateau-de-Schonbrunn-Vienne-1536x1152.jpg 1536w, https:\/\/viennaguru.com\/wp-content\/uploads\/2023\/09\/Chateau-de-Schonbrunn-Vienne.jpg 1600w\" sizes=\"auto, (max-width: 1024px) 100vw, 1024px\" \/><\/figure>\n\n\n\n<p>\u00c9videmment, toutes les pi\u00e8ces ne sont pas accessibles, mais les 44 incluses dans les diverses visites guid\u00e9es sont plus que suffisantes pour admirer le faste et la royaut\u00e9 de la cour de l&rsquo;imp\u00e9ratrice <strong>Marie-Th\u00e9r\u00e8se et d&rsquo;\u00c9lisabeth de Bavi\u00e8re<\/strong>.<\/p>\n\n\n\n<p>En plus des magnifiques int\u00e9rieurs, il vaut la peine de visiter \u00e9galement les jardins du Ch\u00e2teau de Schonbrunn. Une grande partie de ces jardins est accessible gratuitement, tandis que d&rsquo;autres zones, comme le <strong>Zoo<\/strong>, le <strong>Labyrinthe<\/strong> et la <strong>Gloriette<\/strong>, sont payantes.<\/p>\n\n\n\n<p>La Gloriette en particulier est un \u00e9l\u00e9gant pavillon situ\u00e9 au sommet d&rsquo;une colline, d&rsquo;o\u00f9 il est possible d&rsquo;admirer toute la propri\u00e9t\u00e9 de Schonbrunn d&rsquo;en haut.<\/p>\n\n\n\n<ul class=\"wp-block-list\">\n<li><strong>Billets et visites guid\u00e9es<\/strong> : la visite co\u00fbte \u00e0 partir de 54 \u20ac (les co\u00fbts varient en fonction des zones visit\u00e9es, le billet de base inclut environ 24 pi\u00e8ces). <a href=\"https:\/\/www.civitatis.com\/fr\/vienne\/visite-guidee-chateau-schonbrunn\/?aid=13436&amp;cmp=vienne_3jours_post\" target=\"_blank\" data-type=\"link\" data-id=\"https:\/\/www.civitatis.com\/fr\/vienne\/visite-guidee-chateau-schonbrunn\/?aid=13436&amp;cmp=vienne_3jours_post\" rel=\"noreferrer noopener nofollow\"><strong>I\u00e7i, vous pouvez r\u00e9server la visite guid\u00e9e \u00e0 laquelle nous avons particip\u00e9<\/strong><\/a>, qui inclut \u00e9galement les jardins.<\/li>\n\n\n\n<li><strong>Horaires<\/strong> : tous les jours de 8h30 \u00e0 17h30.<\/li>\n\n\n\n<li><strong>Comment y arriver<\/strong> : prenez le m\u00e9tro ligne U4 jusqu&rsquo;\u00e0 l&rsquo;arr\u00eat Schonbrunn ou Hietzing.<\/li>\n<\/ul>\n\n\n\n<h4 class=\"wp-block-heading\"><strong>Optionnel : Zoo de Schonbrunn \u2013 \u00e0 visiter \u00e0 Vienne avec des enfants<\/strong><\/h4>\n\n\n\n<figure class=\"wp-block-image size-large\"><img loading=\"lazy\" decoding=\"async\" width=\"1024\" height=\"768\" src=\"https:\/\/viennaguru.com\/wp-content\/uploads\/2023\/09\/Zoo-de-Schonbrunn-a-visiter-en-3-jours-a-Vienne-1024x768.jpg\" alt=\"Zoo de Scho\u0308nbrunn, a\u0300 visiter en 3 jours a\u0300 Vienne\" class=\"wp-image-6967\" srcset=\"https:\/\/viennaguru.com\/wp-content\/uploads\/2023\/09\/Zoo-de-Schonbrunn-a-visiter-en-3-jours-a-Vienne-1024x768.jpg 1024w, https:\/\/viennaguru.com\/wp-content\/uploads\/2023\/09\/Zoo-de-Schonbrunn-a-visiter-en-3-jours-a-Vienne-300x225.jpg 300w, https:\/\/viennaguru.com\/wp-content\/uploads\/2023\/09\/Zoo-de-Schonbrunn-a-visiter-en-3-jours-a-Vienne-768x576.jpg 768w, https:\/\/viennaguru.com\/wp-content\/uploads\/2023\/09\/Zoo-de-Schonbrunn-a-visiter-en-3-jours-a-Vienne-1536x1152.jpg 1536w, https:\/\/viennaguru.com\/wp-content\/uploads\/2023\/09\/Zoo-de-Schonbrunn-a-visiter-en-3-jours-a-Vienne.jpg 1600w\" sizes=\"auto, (max-width: 1024px) 100vw, 1024px\" \/><\/figure>\n\n\n\n<p>Saviez-vous que Schonbrunn abrite le zoo <strong>le plus vieux du monde?<\/strong><\/p>\n\n\n\n<p>Si vous allez visiter Vienne en trois jours, et surtout avec des enfants, c&rsquo;est \u00e0 mon avis une \u00e9tape incontournable (peut-\u00eatre apr\u00e8s avoir visit\u00e9 le Ch\u00e2teau de Sch\u00f6nbrunn).<\/p>\n\n\n\n<p>Ouvert depuis 1752, <a href=\"https:\/\/www.getyourguide.fr\/vienne-l7\/vienne-billet-pour-le-zoo-de-schonbrunn-t7525\/?partner_id=KC753P7&amp;utm_medium=online_publisher&amp;cmp=vienne_3jours_post\" target=\"_blank\" aria-label=\" (opens in a new tab)\" rel=\"noreferrer noopener nofollow\" class=\"ek-link\"><strong>le Zoo de Sch\u00f6nbrunn<\/strong><\/a> s&rsquo;\u00e9tend sur une surface de 17 hectares et abrite environ <strong>700 esp\u00e8ces animales<\/strong> provenant de diff\u00e9rents continents.<\/p>\n\n\n\n<p>Les animaux vont de ceux typiques de la savane, comme les lions et les girafes, \u00e0 ceux des for\u00eats asiatiques, comme les pandas et les tigres de Sib\u00e9rie, en passant par les animaux de l&rsquo;Arctique, comme les pingouins et les lions de mer.<\/p>\n\n\n\n<p>Le zoo est <strong>divis\u00e9 en diff\u00e9rentes zones th\u00e9matiques et pavillons<\/strong>, et il est visitable m\u00eame en cas de pluie.<\/p>\n\n\n\n<p>Certaines des zones les plus int\u00e9ressantes sont :<\/p>\n\n\n\n<ul class=\"wp-block-list\">\n<li><strong>Polarium<\/strong> : permet d&rsquo;admirer de pr\u00e8s les pingouins et les lions de mer.<\/li>\n\n\n\n<li><strong>Maison des Singes<\/strong> : qui abrite diverses esp\u00e8ces de primates comme les orangs-outans.<\/li>\n\n\n\n<li><strong>Serre Pluviale<\/strong> : un environnement \u00e0 plusieurs niveaux reproduisant une for\u00eat pluviale avec sa faune et sa flore locales.<\/li>\n<\/ul>\n\n\n\n<p>Voici toutes les informations pour visiter le zoo :<\/p>\n\n\n\n<ul class=\"wp-block-list\">\n<li><strong>Billets<\/strong> : les billets co\u00fbtent 27 \u20ac pour les adultes, 15 \u20ac pour les enfants de 6 \u00e0 18 ans, et sont gratuits pour les moins de 6 ans. <a href=\"https:\/\/www.getyourguide.fr\/vienne-l7\/vienne-billet-pour-le-zoo-de-schonbrunn-t7525\/?partner_id=KC753P7&amp;utm_medium=online_publisher&amp;cmp=vienne_3jours_post\" target=\"_blank\" aria-label=\" (opens in a new tab)\" rel=\"noreferrer noopener nofollow\" class=\"ek-link\"><strong>Vous trouverez ici les billets<\/strong><\/a>.<\/li>\n\n\n\n<li><strong>Horaires<\/strong> : d&rsquo;avril \u00e0 septembre, de 9h00 \u00e0 18h30 ; d&rsquo;octobre \u00e0 mars, de 9h00 \u00e0 17h30.<\/li>\n\n\n\n<li><strong>Localisation<\/strong> : \u00e0 l&rsquo;int\u00e9rieur du parc de Sch\u00f6nbrunn.<\/li>\n<\/ul>\n\n\n\n<h4 class=\"wp-block-heading\"><strong>Prater et Grande Roue (Riesenrad)<\/strong><\/h4>\n\n\n\n<figure class=\"wp-block-image size-large\"><img loading=\"lazy\" decoding=\"async\" width=\"1024\" height=\"768\" src=\"https:\/\/viennaguru.com\/wp-content\/uploads\/2023\/09\/Visiter-le-Prater-a-Vienne-1024x768.jpg\" alt=\"Visiter le Prater a\u0300 Vienne\" class=\"wp-image-6961\" srcset=\"https:\/\/viennaguru.com\/wp-content\/uploads\/2023\/09\/Visiter-le-Prater-a-Vienne-1024x768.jpg 1024w, https:\/\/viennaguru.com\/wp-content\/uploads\/2023\/09\/Visiter-le-Prater-a-Vienne-300x225.jpg 300w, https:\/\/viennaguru.com\/wp-content\/uploads\/2023\/09\/Visiter-le-Prater-a-Vienne-768x576.jpg 768w, https:\/\/viennaguru.com\/wp-content\/uploads\/2023\/09\/Visiter-le-Prater-a-Vienne-1536x1152.jpg 1536w, https:\/\/viennaguru.com\/wp-content\/uploads\/2023\/09\/Visiter-le-Prater-a-Vienne.jpg 1600w\" sizes=\"auto, (max-width: 1024px) 100vw, 1024px\" \/><\/figure>\n\n\n\n<p>Nous quittons alors le quartier de Sch\u00f6nbrunn pour nous diriger vers l&rsquo;autre c\u00f4t\u00e9 de la ville, en direction du quartier de Leopoldstadt.<\/p>\n\n\n\n<p>Pour y acc\u00e9der, il suffit de prendre le m\u00e9tro depuis la station Sch\u00f6nbrunn, puis de descendre \u00e0 <strong>Praterstern<\/strong>.<\/p>\n\n\n\n<p>Notre prochaine attraction est le <strong>Prater<\/strong>, un grand parc qui abrite <strong>l&rsquo;un des plus anciens parcs d&rsquo;attractions d&rsquo;Europe.<\/strong><\/p>\n\n\n\n<p>Le parc d&rsquo;attractions a \u00e9t\u00e9 inaugur\u00e9 en 1897 et au fil des ann\u00e9es, gr\u00e2ce \u00e0 son ambiance \u00ab vintage \u00bb, il a \u00e9t\u00e9 <strong>le th\u00e9\u00e2tre d&rsquo;innombrables films et s\u00e9ries t\u00e9l\u00e9vis\u00e9es.<\/strong><\/p>\n\n\n\n<p>Le premier conseil que je vous donne est de prendre imm\u00e9diatement le <strong>Lilliputhbahn<\/strong> , un petit train sympa qui vous permettra de traverser tout le parc (qui est tr\u00e8s grand) en 20 minutes environ. De cette fa\u00e7on, vous pouvez tout voir et prendre beaucoup de photos.<\/p>\n\n\n\n<p>Ensuite, je vous recommande d&rsquo;essayer l&rsquo;attraction num\u00e9ro un du Prater, le Riesenrad, <strong><a href=\"https:\/\/www.getyourguide.fr\/vienne-l7\/grande-roue-de-vienne-t41837\/?partner_id=KC753P7&amp;utm_medium=online_publisher&amp;cmp=vienne_3jours_post\" target=\"_blank\" aria-label=\"la plus ancienne grande roue du monde (opens in a new tab)\" rel=\"noreferrer noopener nofollow\" class=\"ek-link\">la plus ancienne grande roue du monde<\/a>.<\/strong><\/p>\n\n\n\n<p>La roue est en service depuis 1897 et mesure environ 65 m\u00e8tres de haut. Lors du tour panoramique, qui dure environ 15 minutes, vous pourrez admirer non seulement tout le Prater mais aussi le centre de Vienne !<\/p>\n\n\n\n<ul class=\"wp-block-list\">\n<li><strong>Billets Riesenrad :<\/strong> un tour sur la grande roue co\u00fbte 14,50 \u20ac. <a aria-label=\" (opens in a new tab)\" class=\"ek-link\" href=\"https:\/\/www.getyourguide.fr\/vienne-l7\/grande-roue-de-vienne-t41837\/?partner_id=KC753P7&amp;utm_medium=online_publisher&amp;cmp=vienne_3jours_post\" target=\"_blank\" rel=\"noreferrer noopener nofollow\"><strong>Vous pouvez trouver des billets coupe-file ic<\/strong><\/a>i.<\/li>\n\n\n\n<li><strong>Horaires :<\/strong> tous les jours de 10h00 \u00e0 21h45<\/li>\n\n\n\n<li><strong>Localisation :<\/strong> prendre la ligne de m\u00e9tro U1 et descendre \u00e0 l&rsquo;arr\u00eat Praterstern.<\/li>\n<\/ul>\n\n\n\n<h4 class=\"wp-block-heading\"><strong>Donauturm<\/strong><\/h4>\n\n\n\n<figure class=\"wp-block-image size-large\"><img loading=\"lazy\" decoding=\"async\" width=\"1024\" height=\"768\" src=\"https:\/\/viennaguru.com\/wp-content\/uploads\/2023\/09\/Donauturm-Vienne-1024x768.jpg\" alt=\"Donauturm, Vienne\" class=\"wp-image-6928\" srcset=\"https:\/\/viennaguru.com\/wp-content\/uploads\/2023\/09\/Donauturm-Vienne-1024x768.jpg 1024w, https:\/\/viennaguru.com\/wp-content\/uploads\/2023\/09\/Donauturm-Vienne-300x225.jpg 300w, https:\/\/viennaguru.com\/wp-content\/uploads\/2023\/09\/Donauturm-Vienne-768x576.jpg 768w, https:\/\/viennaguru.com\/wp-content\/uploads\/2023\/09\/Donauturm-Vienne-1536x1152.jpg 1536w, https:\/\/viennaguru.com\/wp-content\/uploads\/2023\/09\/Donauturm-Vienne.jpg 1600w\" sizes=\"auto, (max-width: 1024px) 100vw, 1024px\" \/><\/figure>\n\n\n<style>.kadence-column6454_eb54ca-35 > .kt-inside-inner-col{padding-top:var(--global-kb-spacing-xs, 1rem);padding-right:var(--global-kb-spacing-xs, 1rem);padding-bottom:var(--global-kb-spacing-xs, 1rem);padding-left:var(--global-kb-spacing-xs, 1rem);}.kadence-column6454_eb54ca-35 > .kt-inside-inner-col,.kadence-column6454_eb54ca-35 > .kt-inside-inner-col:before{border-top-left-radius:0px;border-top-right-radius:0px;border-bottom-right-radius:0px;border-bottom-left-radius:0px;}.kadence-column6454_eb54ca-35 > .kt-inside-inner-col{column-gap:var(--global-kb-gap-sm, 1rem);}.kadence-column6454_eb54ca-35 > .kt-inside-inner-col{flex-direction:column;}.kadence-column6454_eb54ca-35 > .kt-inside-inner-col > .aligncenter{width:100%;}.kadence-column6454_eb54ca-35 > .kt-inside-inner-col{background-color:#f2fdec;}.kadence-column6454_eb54ca-35 > .kt-inside-inner-col:before{opacity:0.3;}.kadence-column6454_eb54ca-35{position:relative;}.kadence-column6454_eb54ca-35, .kt-inside-inner-col > .kadence-column6454_eb54ca-35:not(.specificity){margin-top:var(--global-kb-spacing-xs, 1rem);margin-bottom:var(--global-kb-spacing-xs, 1rem);}@media all and (max-width: 1024px){.kadence-column6454_eb54ca-35 > .kt-inside-inner-col{flex-direction:column;justify-content:center;}}@media all and (max-width: 767px){.kadence-column6454_eb54ca-35 > .kt-inside-inner-col{flex-direction:column;justify-content:center;}}<\/style>\n<div class=\"wp-block-kadence-column kadence-column6454_eb54ca-35\"><div class=\"kt-inside-inner-col\">\n<p><strong>Attraction incluse avec le Vienna Pass ?<\/strong> Oui, la Tour sur le Danube est incluse avec entr\u00e9e gratuite si vous poss\u00e9dez le <strong><a aria-label=\" (opens in a new tab)\" href=\"https:\/\/www.getyourguide.fr\/vienne-l7\/vienna-pass-deux-trois-ou-six-jours-de-visites-t50028\/?partner_id=KC753P7&amp;utm_medium=online_publisher&amp;cmp=vienne_3jours_post\" target=\"_blank\" rel=\"noreferrer noopener nofollow\" class=\"ek-link\">Vienna Pass<\/a><\/strong>.<\/p>\n<\/div><\/div>\n\n\n\n<p><strong>Que voir \u00e0 Vienne en 3 jours ?<\/strong><\/p>\n\n\n\n<p>Enfin, je vous conseille de vous diriger vers <strong><a href=\"https:\/\/www.getyourguide.fr\/vienne-l7\/vienne-billet-d-entree-a-la-tour-du-danube-t41960\/?partner_id=KC753P7&amp;utm_medium=online_publisher&amp;cmp=vienne_3jours_post\" target=\"_blank\" aria-label=\" (opens in a new tab)\" rel=\"noreferrer noopener nofollow\" class=\"ek-link\">la Tour du Danube<\/a><\/strong> (Donauturm), qui, avec ses 252 m\u00e8tres, d\u00e9tient le titre de b\u00e2timent <strong>le plus haut d&rsquo;Autriche<\/strong>.<\/p>\n\n\n\n<p>Vous pouvez visiter la tour de jour comme de nuit, mais \u00e0 mon avis, le moment le plus agr\u00e9able est le coucher du soleil.<\/p>\n\n\n\n<p>Depuis sa <strong>terrasse panoramiqu<\/strong>e, situ\u00e9e \u00e0 environ 150 m\u00e8tres de hauteur, vous pourrez admirer \u00e0 360 degr\u00e9s la ville. <\/p>\n\n\n\n<p>Vous pourrez voir, par exemple :<\/p>\n\n\n\n<ul class=\"wp-block-list\">\n<li><strong>le Danube<\/strong><\/li>\n\n\n\n<li><strong>la grande roue du Prater<\/strong><\/li>\n\n\n\n<li><strong>l&rsquo;incin\u00e9rateur de Spittelau<\/strong><\/li>\n\n\n\n<li><strong>et m\u00eame la cath\u00e9drale de Vienne<\/strong><\/li>\n<\/ul>\n\n\n\n<p>Pour rendre l&rsquo;exp\u00e9rience encore plus agr\u00e9able, il y a un caf\u00e9-restaurant situ\u00e9 au-dessus de la plateforme panoramique, \u00e0 environ 170 m\u00e8tres de hauteur.<\/p>\n\n\n\n<p>Vous pourrez y d\u00e9guster un caf\u00e9, un ap\u00e9ritif ou un d\u00eener avec vue sur la ville.<\/p>\n\n\n\n<p>D&rsquo;ailleurs, <strong>le restaurant tourne lentement \u00e0 360 degr\u00e9s<\/strong> et fait un tour complet en 24 minutes, donc pendant que vous savourez une bi\u00e8re ou un verre de vin, vous aurez une vue compl\u00e8te et tr\u00e8s agr\u00e9able sur toute la ville.<\/p>\n\n\n\n<ul class=\"wp-block-list\">\n<li><strong>Billets<\/strong> : les billets co\u00fbtent 18 \u20ac par personne et <a href=\"https:\/\/www.getyourguide.fr\/vienne-l7\/vienne-billet-d-entree-a-la-tour-du-danube-t41960\/?partner_id=KC753P7&amp;utm_medium=online_publisher&amp;cmp=vienne_3jours_post\" target=\"_blank\" aria-label=\" (opens in a new tab)\" rel=\"noreferrer noopener nofollow\" class=\"ek-link\"><strong>sont disponibles en ligne sur ce site<\/strong><\/a>.<\/li>\n\n\n\n<li><strong>Horaires<\/strong> : du mercredi au dimanche de 10h00 \u00e0 22h30.<\/li>\n\n\n\n<li><strong>Localisation<\/strong> : Donauturmplatz 1. <a href=\"https:\/\/maps.app.goo.gl\/oWDo9M8TW35guqQo9\" target=\"_blank\" aria-label=\"Position sur Maps (opens in a new tab)\" rel=\"noreferrer noopener\" class=\"ek-link\">Position sur Maps<\/a>.<\/li>\n<\/ul>\n\n\n\n<h3 class=\"wp-block-heading\"><strong>Jour 3 : Landstrasse et Karlsplatz<\/strong><\/h3>\n\n\n\n<figure class=\"wp-block-image size-large\"><img loading=\"lazy\" decoding=\"async\" width=\"1024\" height=\"768\" src=\"https:\/\/viennaguru.com\/wp-content\/uploads\/2023\/09\/Troisieme-jour-dun-itineraire-de-3-jours-a-Vienne-1024x768.jpg\" alt=\"Troisie\u0300me jour d\u2019un itine\u0301raire de 3 jours a\u0300 Vienne\" class=\"wp-image-6955\" srcset=\"https:\/\/viennaguru.com\/wp-content\/uploads\/2023\/09\/Troisieme-jour-dun-itineraire-de-3-jours-a-Vienne-1024x768.jpg 1024w, https:\/\/viennaguru.com\/wp-content\/uploads\/2023\/09\/Troisieme-jour-dun-itineraire-de-3-jours-a-Vienne-300x225.jpg 300w, https:\/\/viennaguru.com\/wp-content\/uploads\/2023\/09\/Troisieme-jour-dun-itineraire-de-3-jours-a-Vienne-768x576.jpg 768w, https:\/\/viennaguru.com\/wp-content\/uploads\/2023\/09\/Troisieme-jour-dun-itineraire-de-3-jours-a-Vienne-1536x1152.jpg 1536w, https:\/\/viennaguru.com\/wp-content\/uploads\/2023\/09\/Troisieme-jour-dun-itineraire-de-3-jours-a-Vienne.jpg 1600w\" sizes=\"auto, (max-width: 1024px) 100vw, 1024px\" \/><\/figure>\n\n\n\n<p>L&rsquo;itin\u00e9raire de ce troisi\u00e8me jour \u00e0 Vienne pr\u00e9voit la visite de deux quartiers : Landstrasse, un \u00e9l\u00e9gant quartier \u00e0 quelques pas du centre, et Wieden, c\u00e9l\u00e8bre pour sa place et son march\u00e9 alimentaire.<\/p>\n\n\n\n<p>Voici la carte du jour :<\/p>\n\n\n\n<ul class=\"wp-block-list\">\n<li><strong>Belv\u00e9d\u00e8re sup\u00e9rieur et exposition permanente<\/strong><\/li>\n\n\n\n<li><strong>Hundertwasserhaus<\/strong><\/li>\n\n\n\n<li><strong>Kunst Haus Wien<\/strong><\/li>\n\n\n\n<li><strong>Karlskirche<\/strong><\/li>\n\n\n\n<li><strong>Naschmarkt<\/strong><\/li>\n\n\n\n<li><strong>Spectacle en soir\u00e9e \u00e0 l&rsquo;Annakirche<\/strong><\/li>\n<\/ul>\n\n\n\n<iframe loading=\"lazy\" src=\"https:\/\/www.google.com\/maps\/d\/u\/0\/embed?mid=1x4XNFt2mDgoOTroYiw0k7SbYKYGsSYg&#038;ehbc=2E312F&#038;noprof=1\" width=\"640\" height=\"480\"><\/iframe>\n\n\n\n<h4 class=\"wp-block-heading\"><strong>Belv\u00e9d\u00e8re sup\u00e9rieur et exposition permanente<\/strong><\/h4>\n\n\n\n<figure class=\"wp-block-image size-large\"><img loading=\"lazy\" decoding=\"async\" width=\"1024\" height=\"768\" src=\"https:\/\/viennaguru.com\/wp-content\/uploads\/2023\/09\/Visiter-le-Belvedere-a-Vienne-dans-un-itineraire-de-3-jours-1024x768.jpg\" alt=\"Visiter le Belve\u0301de\u0300re a\u0300 Vienne dans un itine\u0301raire de 3 jours\" class=\"wp-image-6958\" srcset=\"https:\/\/viennaguru.com\/wp-content\/uploads\/2023\/09\/Visiter-le-Belvedere-a-Vienne-dans-un-itineraire-de-3-jours-1024x768.jpg 1024w, https:\/\/viennaguru.com\/wp-content\/uploads\/2023\/09\/Visiter-le-Belvedere-a-Vienne-dans-un-itineraire-de-3-jours-300x225.jpg 300w, https:\/\/viennaguru.com\/wp-content\/uploads\/2023\/09\/Visiter-le-Belvedere-a-Vienne-dans-un-itineraire-de-3-jours-768x576.jpg 768w, https:\/\/viennaguru.com\/wp-content\/uploads\/2023\/09\/Visiter-le-Belvedere-a-Vienne-dans-un-itineraire-de-3-jours-1536x1152.jpg 1536w, https:\/\/viennaguru.com\/wp-content\/uploads\/2023\/09\/Visiter-le-Belvedere-a-Vienne-dans-un-itineraire-de-3-jours.jpg 1600w\" sizes=\"auto, (max-width: 1024px) 100vw, 1024px\" \/><\/figure>\n\n\n<style>.kadence-column6454_c93946-76 > .kt-inside-inner-col{padding-top:var(--global-kb-spacing-xs, 1rem);padding-right:var(--global-kb-spacing-xs, 1rem);padding-bottom:var(--global-kb-spacing-xs, 1rem);padding-left:var(--global-kb-spacing-xs, 1rem);}.kadence-column6454_c93946-76 > .kt-inside-inner-col,.kadence-column6454_c93946-76 > .kt-inside-inner-col:before{border-top-left-radius:0px;border-top-right-radius:0px;border-bottom-right-radius:0px;border-bottom-left-radius:0px;}.kadence-column6454_c93946-76 > .kt-inside-inner-col{column-gap:var(--global-kb-gap-sm, 1rem);}.kadence-column6454_c93946-76 > .kt-inside-inner-col{flex-direction:column;}.kadence-column6454_c93946-76 > .kt-inside-inner-col > .aligncenter{width:100%;}.kadence-column6454_c93946-76 > .kt-inside-inner-col{background-color:#f2fdec;}.kadence-column6454_c93946-76 > .kt-inside-inner-col:before{opacity:0.3;}.kadence-column6454_c93946-76{position:relative;}.kadence-column6454_c93946-76, .kt-inside-inner-col > .kadence-column6454_c93946-76:not(.specificity){margin-top:var(--global-kb-spacing-xs, 1rem);margin-bottom:var(--global-kb-spacing-xs, 1rem);}@media all and (max-width: 1024px){.kadence-column6454_c93946-76 > .kt-inside-inner-col{flex-direction:column;justify-content:center;}}@media all and (max-width: 767px){.kadence-column6454_c93946-76 > .kt-inside-inner-col{flex-direction:column;justify-content:center;}}<\/style>\n<div class=\"wp-block-kadence-column kadence-column6454_c93946-76\"><div class=\"kt-inside-inner-col\">\n<p><strong>Attraction incluse avec le Vienna Pass ?<\/strong> Oui, le Belv\u00e9d\u00e8re et toutes ses zones (Sup\u00e9rieur, Inf\u00e9rieur et Belv\u00e9d\u00e8re 21) sont inclus avec entr\u00e9e gratuite si vous poss\u00e9dez le <a aria-label=\" (opens in a new tab)\" href=\"https:\/\/www.getyourguide.fr\/vienne-l7\/vienna-pass-deux-trois-ou-six-jours-de-visites-t50028\/?partner_id=KC753P7&amp;utm_medium=online_publisher&amp;cmp=vienne_3jours_post\" target=\"_blank\" rel=\"noreferrer noopener nofollow\" class=\"ek-link\"><strong>Vienna Pass<\/strong><\/a>.<\/p>\n<\/div><\/div>\n\n\n\n<p><strong>Que voir \u00e0 Vienne en 3 jours ?<\/strong><\/p>\n\n\n\n<p>Nous commen\u00e7ons ce troisi\u00e8me jour avec la visite de l&rsquo;attraction la plus importante du <strong>quartier Landstrasse<\/strong>.<\/p>\n\n\n\n<p><strong>Le Ch\u00e2teau du Belv\u00e9d\u00e8re<\/strong> est un somptueux complexe architectural construit au d\u00e9but du XVIIIe si\u00e8cle par le c\u00e9l\u00e8bre architecte baroque <strong>Johann Lucas von Hildebrandt<\/strong>.<\/p>\n\n\n\n<p>\u00c0 l&rsquo;origine, il a \u00e9t\u00e9 con\u00e7u comme <strong>r\u00e9sidence d&rsquo;\u00e9t\u00e9 du Prince Eug\u00e8ne de Savoie<\/strong>, et il se distingue par son spectaculaire style baroque et son emplacement enchanteur en hauteur, offrant une vue \u00e0 couper le souffle sur la ville. Le terme \u00ab\u00a0Belv\u00e9d\u00e8re\u00a0\u00bb vient d&rsquo;ailleurs de l&rsquo;italien et signifie \u00ab\u00a0belle vue ou beau panorama\u00a0\u00bb.<\/p>\n\n\n\n<p>Aujourd&rsquo;hui, le Ch\u00e2teau du Belv\u00e9d\u00e8re abrite l&rsquo;une des <strong>collections d&rsquo;art autrichien les plus importantes<\/strong>, un fascinant voyage \u00e0 travers les \u0153uvres d&rsquo;art du Moyen \u00c2ge jusqu&rsquo;\u00e0 l&rsquo;\u00e9poque contemporaine.<\/p>\n\n\n\n<p><a href=\"https:\/\/www.civitatis.com\/fr\/vienne\/billet-musees-belvedere\/?aid=13436&amp;cmp=vienne_3jours_post\" target=\"_blank\" data-type=\"link\" data-id=\"https:\/\/www.civitatis.com\/fr\/vienne\/billet-musees-belvedere\/?aid=13436&amp;cmp=vienne_3jours_post\" rel=\"noreferrer noopener nofollow\"><strong>Le Belv\u00e9d\u00e8re sup\u00e9rieur<\/strong><\/a> est le b\u00e2timent principal et abrite <strong>la collection permanente du mus\u00e9e.<\/strong><\/p>\n\n\n\n<p>Dans l&rsquo;exposition, vous aurez la possibilit\u00e9 de contempler des \u0153uvres de grands artistes, parmi lesquels Gustav Klimt, Egon Schiele et Oskar Kokoschka, repr\u00e9sentants majeurs de l&rsquo;art autrichien contemporain. Le chef-d&rsquo;\u0153uvre absolu ? Le tableau connu sous le nom de \u00ab\u00a0Le Baiser\u00a0\u00bb de Gustav Klimt.<\/p>\n\n\n<style>.kadence-column6454_f5f104-5b > .kt-inside-inner-col{padding-top:var(--global-kb-spacing-xs, 1rem);padding-right:var(--global-kb-spacing-xs, 1rem);padding-bottom:var(--global-kb-spacing-xs, 1rem);padding-left:var(--global-kb-spacing-xs, 1rem);}.kadence-column6454_f5f104-5b > .kt-inside-inner-col,.kadence-column6454_f5f104-5b > .kt-inside-inner-col:before{border-top-left-radius:0px;border-top-right-radius:0px;border-bottom-right-radius:0px;border-bottom-left-radius:0px;}.kadence-column6454_f5f104-5b > .kt-inside-inner-col{column-gap:var(--global-kb-gap-sm, 1rem);}.kadence-column6454_f5f104-5b > .kt-inside-inner-col{flex-direction:column;}.kadence-column6454_f5f104-5b > .kt-inside-inner-col > .aligncenter{width:100%;}.kadence-column6454_f5f104-5b > .kt-inside-inner-col{background-color:var(--global-palette8, #F7FAFC);}.kadence-column6454_f5f104-5b > .kt-inside-inner-col:before{opacity:0.3;}.kadence-column6454_f5f104-5b{position:relative;}.kadence-column6454_f5f104-5b, .kt-inside-inner-col > .kadence-column6454_f5f104-5b:not(.specificity){margin-top:var(--global-kb-spacing-xs, 1rem);margin-bottom:var(--global-kb-spacing-xs, 1rem);}@media all and (max-width: 1024px){.kadence-column6454_f5f104-5b > .kt-inside-inner-col{flex-direction:column;justify-content:center;}}@media all and (max-width: 767px){.kadence-column6454_f5f104-5b > .kt-inside-inner-col{flex-direction:column;justify-content:center;}}<\/style>\n<div class=\"wp-block-kadence-column kadence-column6454_f5f104-5b\"><div class=\"kt-inside-inner-col\">\n<p><strong>Conseil du Guru : <\/strong>prenez le temps de visiter aussi les jardins du palais. Ces jardins de style baroque, con\u00e7us comme une extension directe des deux b\u00e2timents, offrent une vue spectaculaire sur Vienne.<\/p>\n<\/div><\/div>\n\n\n\n<ul class=\"wp-block-list\">\n<li><strong>Billets pour le Belv\u00e9d\u00e8re sup\u00e9rieur<\/strong> : les billets co\u00fbtent 17,50 \u20ac pour les adultes et 14,10 \u20ac pour les \u00e9tudiants avec carte. <a href=\"https:\/\/www.civitatis.com\/fr\/vienne\/billet-musees-belvedere\/?aid=13436&amp;cmp=vienne_3jours_post\" target=\"_blank\" data-type=\"link\" data-id=\"https:\/\/www.civitatis.com\/fr\/vienne\/billet-musees-belvedere\/?aid=13436&amp;cmp=vienne_3jours_post\" rel=\"noreferrer noopener nofollow\"><strong>Vous pouvez acheter les billets en ligne<\/strong><\/a>.<\/li>\n\n\n\n<li><strong>Horaires<\/strong> : tous les jours de 9h00 \u00e0 18h00.<\/li>\n\n\n\n<li><strong>Localisation<\/strong> : Prinz-Eugen-Stra\u00dfe 27. Facilement accessible avec le tram D, arr\u00eat Schloss Belvedere.<\/li>\n<\/ul>\n\n\n\n<h4 class=\"wp-block-heading\"><strong>Maison Hundertwasserhaus<\/strong><\/h4>\n\n\n\n<figure class=\"wp-block-image size-large\"><img loading=\"lazy\" decoding=\"async\" width=\"1024\" height=\"768\" src=\"https:\/\/viennaguru.com\/wp-content\/uploads\/2023\/09\/Hundertwasserhaus-Vienne-1024x768.jpg\" alt=\"Hundertwasserhaus, Vienne\" class=\"wp-image-6931\" srcset=\"https:\/\/viennaguru.com\/wp-content\/uploads\/2023\/09\/Hundertwasserhaus-Vienne-1024x768.jpg 1024w, https:\/\/viennaguru.com\/wp-content\/uploads\/2023\/09\/Hundertwasserhaus-Vienne-300x225.jpg 300w, https:\/\/viennaguru.com\/wp-content\/uploads\/2023\/09\/Hundertwasserhaus-Vienne-768x576.jpg 768w, https:\/\/viennaguru.com\/wp-content\/uploads\/2023\/09\/Hundertwasserhaus-Vienne-1536x1152.jpg 1536w, https:\/\/viennaguru.com\/wp-content\/uploads\/2023\/09\/Hundertwasserhaus-Vienne.jpg 1600w\" sizes=\"auto, (max-width: 1024px) 100vw, 1024px\" \/><\/figure>\n\n\n\n<p>Prochaine \u00e9tape ? L&rsquo;extraordinaire <strong>complexe r\u00e9sidentiel<\/strong> connu sous le nom de <strong>Hundertwasserhaus<\/strong>. Le complexe est c\u00e9l\u00e8bre pour <strong>son absence de lignes droites ou d&rsquo;angles<\/strong> et son irr\u00e9gularit\u00e9 singuli\u00e8re.<\/p>\n\n\n\n<p>Le b\u00e2timent est <strong>l&rsquo;une des \u0153uvres les plus embl\u00e9matiques de l&rsquo;artiste Friedensreich Hundertwasser<\/strong> et a \u00e9t\u00e9 construit entre 1983 et 1986, avec un investissement d\u00e9passant les 7 millions d&rsquo;euros.<\/p>\n\n\n\n<p>Une autre caract\u00e9ristique int\u00e9ressante du b\u00e2timent est la pr\u00e9sence d&rsquo;une v\u00e9ritable \u00ab\u00a0for\u00eat urbaine\u00a0\u00bb sur la terrasse. On y trouve en effet 900 tonnes de terre, et des arbres et des plantes y poussent sur toute l&rsquo;\u00e9tendue du b\u00e2timent.<\/p>\n\n\n<style>.kadence-column6454_fd0b60-f1 > .kt-inside-inner-col{padding-top:var(--global-kb-spacing-xs, 1rem);padding-right:var(--global-kb-spacing-xs, 1rem);padding-bottom:var(--global-kb-spacing-xs, 1rem);padding-left:var(--global-kb-spacing-xs, 1rem);}.kadence-column6454_fd0b60-f1 > .kt-inside-inner-col,.kadence-column6454_fd0b60-f1 > .kt-inside-inner-col:before{border-top-left-radius:0px;border-top-right-radius:0px;border-bottom-right-radius:0px;border-bottom-left-radius:0px;}.kadence-column6454_fd0b60-f1 > .kt-inside-inner-col{column-gap:var(--global-kb-gap-sm, 1rem);}.kadence-column6454_fd0b60-f1 > .kt-inside-inner-col{flex-direction:column;}.kadence-column6454_fd0b60-f1 > .kt-inside-inner-col > .aligncenter{width:100%;}.kadence-column6454_fd0b60-f1 > .kt-inside-inner-col{background-color:var(--global-palette8, #F7FAFC);}.kadence-column6454_fd0b60-f1 > .kt-inside-inner-col:before{opacity:0.3;}.kadence-column6454_fd0b60-f1{position:relative;}.kadence-column6454_fd0b60-f1, .kt-inside-inner-col > .kadence-column6454_fd0b60-f1:not(.specificity){margin-top:var(--global-kb-spacing-xs, 1rem);margin-bottom:var(--global-kb-spacing-xs, 1rem);}@media all and (max-width: 1024px){.kadence-column6454_fd0b60-f1 > .kt-inside-inner-col{flex-direction:column;justify-content:center;}}@media all and (max-width: 767px){.kadence-column6454_fd0b60-f1 > .kt-inside-inner-col{flex-direction:column;justify-content:center;}}<\/style>\n<div class=\"wp-block-kadence-column kadence-column6454_fd0b60-f1\"><div class=\"kt-inside-inner-col\">\n<p><em><strong>Conseil du Guru<\/strong> : m\u00eame si vous ne pouvez pas entrer, prenez le temps d&rsquo;admirer la fa\u00e7ade du b\u00e2timent, puis dirigez-vous vers le Hundertwasser Village, un mini centre commercial con\u00e7u par le m\u00eame artiste et situ\u00e9 juste en face. Contrairement au b\u00e2timent principal, le centre commercial est enti\u00e8rement visitable.<\/em><\/p>\n<\/div><\/div>\n\n\n\n<h4 class=\"wp-block-heading\"><strong>Kunst Haus Wien<\/strong><\/h4>\n\n\n\n<p>Notre itin\u00e9raire de 3 jours \u00e0 Vienne continue avec la d\u00e9couverte de l&rsquo;artiste autrichien <strong>Friedensreich Hundertwasser<\/strong>, par la visite du <strong>mus\u00e9e qui lui est d\u00e9di\u00e9<\/strong>.<\/p>\n\n\n\n<p>Le <strong><a href=\"https:\/\/www.tiqets.com\/fr\/activites-attractions-vienne-c60335\/billets-pour-kunst-haus-wien-musee-hundertwasser-p976261\/?partner=viennaguru&amp;tq_campaign=vienne_3jours_post\" target=\"_blank\" rel=\"noreferrer noopener nofollow\">Kunst Haus Wien<\/a><\/strong> se trouve dans un autre b\u00e2timent con\u00e7u par lui, initialement con\u00e7u comme une usine de meubles puis, en 1991, transform\u00e9 en mus\u00e9e.<\/p>\n\n\n\n<p>Le style de l&rsquo;artiste est \u00e9vident d\u00e8s la fa\u00e7ade. \u00c0 l&rsquo;int\u00e9rieur, le style original de Hundertwasser continue de fasciner avec des <strong>sols en carreaux<\/strong> se fondant avec <strong>des planches de bois<\/strong>, des arbres \u00e9mergeant de nulle part, des <strong>rampes d&rsquo;escalier faites \u00e0 la main<\/strong>, sans aucune partie identique \u00e0 une autre, et des murs sinueux qui se lovent autour des salles d&rsquo;exposition.<\/p>\n\n\n\n<p>Le b\u00e2timent s&rsquo;\u00e9tend sur 4 \u00e9tages : les 2 premiers sont consacr\u00e9s \u00e0 la vie et aux \u0153uvres de Hundertwasser et d&rsquo;autres artistes qui ont eu un impact sur lui ; les \u00e9tages sup\u00e9rieurs, quant \u00e0 eux, accueillent des expositions temporaires de diverses natures.<\/p>\n\n\n\n<ul class=\"wp-block-list\">\n<li><strong>Billets<\/strong> : 15 \u20ac pour les adultes et 6 \u20ac pour les enfants. Les billets sont disponibles <strong><a href=\"https:\/\/www.tiqets.com\/fr\/activites-attractions-vienne-c60335\/billets-pour-kunst-haus-wien-musee-hundertwasser-p976261\/?partner=viennaguru&amp;tq_campaign=vienne_3jours_post\" target=\"_blank\" rel=\"noreferrer noopener nofollow\">en ligne sur ce site<\/a><\/strong>.<\/li>\n\n\n\n<li><strong>Horaires<\/strong> : tous les jours de 10h00 \u00e0 18h00.<\/li>\n\n\n\n<li><strong>Localisation<\/strong> : Untere Wei\u00dfgerberstra\u00dfe 13. <a href=\"https:\/\/maps.app.goo.gl\/W2rEq4UPkd6u8aJ4A\" target=\"_blank\" aria-label=\" (opens in a new tab)\" rel=\"noreferrer noopener\" class=\"ek-link\">Position sur Maps<\/a>.<\/li>\n<\/ul>\n\n\n\n<h4 class=\"wp-block-heading\"><strong>Karlskirche, l&rsquo;\u00c9glise Saint-Charles-Borrom\u00e9e<\/strong><\/h4>\n\n\n\n<figure class=\"wp-block-image size-large\"><img loading=\"lazy\" decoding=\"async\" width=\"1024\" height=\"768\" src=\"https:\/\/viennaguru.com\/wp-content\/uploads\/2023\/09\/Karlskirche-Vienne-1024x768.jpg\" alt=\"Karlskirche, Vienne\" class=\"wp-image-6934\" srcset=\"https:\/\/viennaguru.com\/wp-content\/uploads\/2023\/09\/Karlskirche-Vienne-1024x768.jpg 1024w, https:\/\/viennaguru.com\/wp-content\/uploads\/2023\/09\/Karlskirche-Vienne-300x225.jpg 300w, https:\/\/viennaguru.com\/wp-content\/uploads\/2023\/09\/Karlskirche-Vienne-768x576.jpg 768w, https:\/\/viennaguru.com\/wp-content\/uploads\/2023\/09\/Karlskirche-Vienne-1536x1152.jpg 1536w, https:\/\/viennaguru.com\/wp-content\/uploads\/2023\/09\/Karlskirche-Vienne.jpg 1600w\" sizes=\"auto, (max-width: 1024px) 100vw, 1024px\" \/><\/figure>\n\n\n\n<p>\u00c0 ce stade, d\u00e9pla\u00e7ons-nous vers le quartier voisin de Wieden pour visiter <strong>Karlsplatz<\/strong>, <strong>la plus grande place de Vienne.<\/strong><\/p>\n\n\n\n<p>Ici se dresse l&rsquo;une des plus belles \u00e9glises de la ville, la Karlskirche (\u00c9glise Saint-Charles-Borrom\u00e9e).<\/p>\n\n\n\n<p>Cette majestueuse <strong>\u00e9glise du XVIIIe si\u00e8cle<\/strong> a \u00e9t\u00e9 construite \u00e0 la demande de Charles VI dans un style baroque, et est caract\u00e9ris\u00e9e par une grande et majestueuse coupole et deux \u00e9normes <strong>colonnes<\/strong>, inspir\u00e9es de celle de <strong>Trajan<\/strong> situ\u00e9e \u00e0 Rome.<\/p>\n\n\n\n<p>Les colonnes sont d\u00e9cor\u00e9es de figures repr\u00e9sentant des \u00e9pisodes de la vie du saint.<\/p>\n\n\n\n<p>L&rsquo;int\u00e9rieur de l&rsquo;\u00e9glise est <strong>un chef-d&rsquo;\u0153uvre baroque<\/strong>, un triomphe de marbre, de stucs, de peintures murales, de reliefs, de statues, de marqueteries et de sculptures, tous enrichis de touches d&rsquo;or.<\/p>\n\n\n\n<p>Le magnifique autel principal met en valeur l&rsquo;ascension de Saint Charles Borrom\u00e9e sous l&rsquo;immense coupole en cuivre, haute de 72 m\u00e8tres.<\/p>\n\n\n<style>.kadence-column6454_1281fb-23 > .kt-inside-inner-col{padding-top:var(--global-kb-spacing-xs, 1rem);padding-right:var(--global-kb-spacing-xs, 1rem);padding-bottom:var(--global-kb-spacing-xs, 1rem);padding-left:var(--global-kb-spacing-xs, 1rem);}.kadence-column6454_1281fb-23 > .kt-inside-inner-col,.kadence-column6454_1281fb-23 > .kt-inside-inner-col:before{border-top-left-radius:0px;border-top-right-radius:0px;border-bottom-right-radius:0px;border-bottom-left-radius:0px;}.kadence-column6454_1281fb-23 > .kt-inside-inner-col{column-gap:var(--global-kb-gap-sm, 1rem);}.kadence-column6454_1281fb-23 > .kt-inside-inner-col{flex-direction:column;}.kadence-column6454_1281fb-23 > .kt-inside-inner-col > .aligncenter{width:100%;}.kadence-column6454_1281fb-23 > .kt-inside-inner-col{background-color:#f2fdec;}.kadence-column6454_1281fb-23 > .kt-inside-inner-col:before{opacity:0.3;}.kadence-column6454_1281fb-23{position:relative;}.kadence-column6454_1281fb-23, .kt-inside-inner-col > .kadence-column6454_1281fb-23:not(.specificity){margin-top:var(--global-kb-spacing-xs, 1rem);margin-bottom:var(--global-kb-spacing-xs, 1rem);}@media all and (max-width: 1024px){.kadence-column6454_1281fb-23 > .kt-inside-inner-col{flex-direction:column;justify-content:center;}}@media all and (max-width: 767px){.kadence-column6454_1281fb-23 > .kt-inside-inner-col{flex-direction:column;justify-content:center;}}<\/style>\n<div class=\"wp-block-kadence-column kadence-column6454_1281fb-23\"><div class=\"kt-inside-inner-col\">\n<p><strong>Vivaldi en concert : <\/strong> L\u2019\u00e9glise \u00ab\u00a0Karlskirche\u00a0\u00bb propose aussi des concerts de musique classique dans un cadre exceptionnel. Parmi eux, <strong>\u00ab\u00a0Les Quatre Saisons\u00a0\u00bb de Vivaldi<\/strong> est un incontournable, interpr\u00e9t\u00e9 par la talentueuse <strong>Orchestra 1756<\/strong>.<\/p>\n\n\n\n<p>Pendant <strong>75 minutes<\/strong>, vous serez transport\u00e9 par des musiciens jouant sur des instruments d\u2019\u00e9poque et v\u00eatus de costumes historiques, rendant l\u2019exp\u00e9rience encore plus authentique et immersive.<\/p>\n\n\n\n<p>Les billets sont <strong><a href=\"https:\/\/www.getyourguide.fr\/vienne-l7\/concert-a-vienne-les-quatre-saisons-de-vivaldi-a-la-karlskirche-t44883\/?partner_id=KC753P7&amp;utm_medium=online_publisher&amp;cmp=vienne_3jours_post\" target=\"_blank\" rel=\"noreferrer noopener nofollow\">disponibles en ligne sur ce site<\/a><\/strong>.<\/p>\n<\/div><\/div>\n\n\n<style>.kadence-column6454_ac07ec-f9 > .kt-inside-inner-col{padding-top:var(--global-kb-spacing-xs, 1rem);padding-right:var(--global-kb-spacing-xs, 1rem);padding-bottom:var(--global-kb-spacing-xs, 1rem);padding-left:var(--global-kb-spacing-xs, 1rem);}.kadence-column6454_ac07ec-f9 > .kt-inside-inner-col,.kadence-column6454_ac07ec-f9 > .kt-inside-inner-col:before{border-top-left-radius:0px;border-top-right-radius:0px;border-bottom-right-radius:0px;border-bottom-left-radius:0px;}.kadence-column6454_ac07ec-f9 > .kt-inside-inner-col{column-gap:var(--global-kb-gap-sm, 1rem);}.kadence-column6454_ac07ec-f9 > .kt-inside-inner-col{flex-direction:column;}.kadence-column6454_ac07ec-f9 > .kt-inside-inner-col > .aligncenter{width:100%;}.kadence-column6454_ac07ec-f9 > .kt-inside-inner-col{background-color:var(--global-palette8, #F7FAFC);}.kadence-column6454_ac07ec-f9 > .kt-inside-inner-col:before{opacity:0.3;}.kadence-column6454_ac07ec-f9{position:relative;}.kadence-column6454_ac07ec-f9, .kt-inside-inner-col > .kadence-column6454_ac07ec-f9:not(.specificity){margin-top:var(--global-kb-spacing-xs, 1rem);margin-bottom:var(--global-kb-spacing-xs, 1rem);}@media all and (max-width: 1024px){.kadence-column6454_ac07ec-f9 > .kt-inside-inner-col{flex-direction:column;justify-content:center;}}@media all and (max-width: 767px){.kadence-column6454_ac07ec-f9 > .kt-inside-inner-col{flex-direction:column;justify-content:center;}}<\/style>\n<div class=\"wp-block-kadence-column kadence-column6454_ac07ec-f9\"><div class=\"kt-inside-inner-col\">\n<p><strong>Conseil du Guru <\/strong>: Ne manquez pas l&rsquo;occasion de <strong>monter dans l&rsquo;ascenseur panoramique<\/strong>, qui vous m\u00e8nera directement sous la coupole, offrant une vue rapproch\u00e9e incroyable des fresques qui l&rsquo;ornent. Une fois au sommet, il vous suffit juste de regarder dehors pour profiter d&rsquo;une vue imprenable sur la ville.<\/p>\n<\/div><\/div>\n\n\n<style>.kadence-column6454_d815c8-89 > .kt-inside-inner-col{padding-top:var(--global-kb-spacing-xs, 1rem);padding-right:var(--global-kb-spacing-xs, 1rem);padding-bottom:var(--global-kb-spacing-xs, 1rem);padding-left:var(--global-kb-spacing-xs, 1rem);}.kadence-column6454_d815c8-89 > .kt-inside-inner-col,.kadence-column6454_d815c8-89 > .kt-inside-inner-col:before{border-top-left-radius:0px;border-top-right-radius:0px;border-bottom-right-radius:0px;border-bottom-left-radius:0px;}.kadence-column6454_d815c8-89 > .kt-inside-inner-col{column-gap:var(--global-kb-gap-sm, 1rem);}.kadence-column6454_d815c8-89 > .kt-inside-inner-col{flex-direction:column;}.kadence-column6454_d815c8-89 > .kt-inside-inner-col > .aligncenter{width:100%;}.kadence-column6454_d815c8-89 > .kt-inside-inner-col{background-color:var(--global-palette8, #F7FAFC);}.kadence-column6454_d815c8-89 > .kt-inside-inner-col:before{opacity:0.3;}.kadence-column6454_d815c8-89{position:relative;}.kadence-column6454_d815c8-89, .kt-inside-inner-col > .kadence-column6454_d815c8-89:not(.specificity){margin-top:var(--global-kb-spacing-xs, 1rem);margin-bottom:var(--global-kb-spacing-xs, 1rem);}@media all and (max-width: 1024px){.kadence-column6454_d815c8-89 > .kt-inside-inner-col{flex-direction:column;justify-content:center;}}@media all and (max-width: 767px){.kadence-column6454_d815c8-89 > .kt-inside-inner-col{flex-direction:column;justify-content:center;}}<\/style>\n<div class=\"wp-block-kadence-column kadence-column6454_d815c8-89\"><div class=\"kt-inside-inner-col\">\n<p><strong>Autre conseil<\/strong> : devant l&rsquo;\u00e9glise, vous trouverez la sculpture en bronze connue sous le nom de Hill Arches, une \u0153uvre de 1973 cr\u00e9\u00e9e par l&rsquo;artiste Henry Moore.<\/p>\n<\/div><\/div>\n\n\n\n<h4 class=\"wp-block-heading\"><strong>March\u00e9 Naschmarkt<\/strong><\/h4>\n\n\n\n<p>Que voir \u00e0 Vienne en 3 jours ? <\/p>\n\n\n\n<p>Continuons notre <strong>tour du quartier Wieden<\/strong>. \u00c0 quelques pas de Karlsplatz se trouve le <strong>Naschmarkt<\/strong>, le march\u00e9 alimentaire le plus c\u00e9l\u00e8bre de Vienne.<\/p>\n\n\n\n<p>L&rsquo;histoire du Naschmarkt remonte \u00e0 1770, lorsqu&rsquo;il a \u00e9t\u00e9 fond\u00e9 <strong>\u00e0 l&rsquo;origine comme march\u00e9 laitier<\/strong>, aux portes des anciennes murailles de la ville.<\/p>\n\n\n\n<p>Il est int\u00e9ressant de savoir que le march\u00e9 a \u00e9t\u00e9 construit au-dessus de la rivi\u00e8re Wien, maintenant compl\u00e8tement canalis\u00e9e et interrompue dans cette partie.<\/p>\n\n\n\n<p>Mais ce n&rsquo;est que ces 50 derni\u00e8res ann\u00e9es que le march\u00e9 commence \u00e0 prendre sa forme actuelle. Ainsi sont n\u00e9s de nombreux caf\u00e9s, restaurants et boutiques traditionnelles, r\u00e9partis le long de deux avenues principales.<\/p>\n\n\n\n<p>Aujourd&rsquo;hui, c&rsquo;est le lieu pr\u00e9f\u00e9r\u00e9 des amateurs de nourriture. Vous y trouverez des restaurants de toutes sortes, du viennois au turc, en passant par les caf\u00e9s traditionnels et les stands vendant des produits typiques.<\/p>\n\n\n<style>.kadence-column6454_218117-1e > .kt-inside-inner-col{padding-top:var(--global-kb-spacing-xs, 1rem);padding-right:var(--global-kb-spacing-xs, 1rem);padding-bottom:var(--global-kb-spacing-xs, 1rem);padding-left:var(--global-kb-spacing-xs, 1rem);}.kadence-column6454_218117-1e > .kt-inside-inner-col,.kadence-column6454_218117-1e > .kt-inside-inner-col:before{border-top-left-radius:0px;border-top-right-radius:0px;border-bottom-right-radius:0px;border-bottom-left-radius:0px;}.kadence-column6454_218117-1e > .kt-inside-inner-col{column-gap:var(--global-kb-gap-sm, 1rem);}.kadence-column6454_218117-1e > .kt-inside-inner-col{flex-direction:column;}.kadence-column6454_218117-1e > .kt-inside-inner-col > .aligncenter{width:100%;}.kadence-column6454_218117-1e > .kt-inside-inner-col{background-color:var(--global-palette8, #F7FAFC);}.kadence-column6454_218117-1e > .kt-inside-inner-col:before{opacity:0.3;}.kadence-column6454_218117-1e{position:relative;}.kadence-column6454_218117-1e, .kt-inside-inner-col > .kadence-column6454_218117-1e:not(.specificity){margin-top:var(--global-kb-spacing-xs, 1rem);margin-bottom:var(--global-kb-spacing-xs, 1rem);}@media all and (max-width: 1024px){.kadence-column6454_218117-1e > .kt-inside-inner-col{flex-direction:column;justify-content:center;}}@media all and (max-width: 767px){.kadence-column6454_218117-1e > .kt-inside-inner-col{flex-direction:column;justify-content:center;}}<\/style>\n<div class=\"wp-block-kadence-column kadence-column6454_218117-1e\"><div class=\"kt-inside-inner-col\">\n<p><strong>O\u00f9 manger au march\u00e9 Naschmarkt ?<\/strong> Un de mes restaurants pr\u00e9f\u00e9r\u00e9s est le Naschmarkt Deli, un \u00e9tablissement qui combine cuisine turque et plats viennois.<\/p>\n<\/div><\/div>\n\n\n\n<h4 class=\"wp-block-heading\"><strong>Concert de musique classique<\/strong> dans l&rsquo;\u00c9glise Sainte-Anne<\/h4>\n\n\n\n<p>Si vous \u00eates \u00e0 Vienne pour 3 jours, l&rsquo;une des exp\u00e9riences incontournables avant de repartir est d&rsquo;<strong>assister \u00e0 un concert de musique classique<\/strong>.<\/p>\n\n\n\n<p>N&rsquo;oublions pas que Vienne est c\u00e9l\u00e8bre pour sa tradition musicale et au cours des si\u00e8cles, elle a vu na\u00eetre (et a accueilli) plus de compositeurs de renomm\u00e9e mondiale que toute autre ville en Europe.<\/p>\n\n\n\n<p>Des noms tels que <strong>Mozart<\/strong>, <strong>Schubert<\/strong>, <strong>Haydn<\/strong>, et m\u00eame <strong>Beethoven <\/strong>et <strong>Vivaldi<\/strong>, ont tous v\u00e9cu et travaill\u00e9 dans la capitale autrichienne.<\/p>\n\n\n\n<p>\u00c9tant donn\u00e9 que vous \u00eates pr\u00e8s de Karlsplatz, une excellente option est d&rsquo;assister \u00e0 un concert dans l&rsquo;\u00c9glise Sainte-Anne (Annakirche) qui se trouve \u00e0 proximit\u00e9.<\/p>\n\n\n\n<p>Le concert en question est une repr\u00e9sentation des \u00ab\u00a0Quatre Saisons\u00a0\u00bb de Vivaldi et dure environ 70 minutes. L&rsquo;interpr\u00e9tation nous a profond\u00e9ment impressionn\u00e9s, c&rsquo;est pourquoi nous la recommandons vivement.<\/p>\n\n\n\n<ul class=\"wp-block-list\">\n<li><strong>Billets<\/strong> : le spectacle co\u00fbte 33 \u20ac par personne et <strong><a href=\"https:\/\/www.getyourguide.fr\/vienne-l7\/vienne-concert-de-musique-classique-a-l-eglise-sainte-anne-t129090\/?partner_id=KC753P7&amp;utm_medium=online_publisher&amp;cmp=vienne_3jours_post\" target=\"_blank\" aria-label=\"peut \u00eatre achet\u00e9 en ligne sur ce site (opens in a new tab)\" rel=\"noreferrer noopener nofollow\" class=\"ek-link\">peut \u00eatre achet\u00e9 en ligne sur ce site<\/a><\/strong>. <\/li>\n\n\n\n<li><strong>Horaires<\/strong> : le spectacle a lieu le soir \u00e0 20h00. Plus d&rsquo;infos apr\u00e8s l&rsquo;achat du billet.<\/li>\n<\/ul>\n\n\n<style>.kadence-column6454_d54c84-11 > .kt-inside-inner-col{padding-top:var(--global-kb-spacing-xs, 1rem);padding-right:var(--global-kb-spacing-xs, 1rem);padding-bottom:var(--global-kb-spacing-xs, 1rem);padding-left:var(--global-kb-spacing-xs, 1rem);}.kadence-column6454_d54c84-11 > .kt-inside-inner-col,.kadence-column6454_d54c84-11 > .kt-inside-inner-col:before{border-top-left-radius:0px;border-top-right-radius:0px;border-bottom-right-radius:0px;border-bottom-left-radius:0px;}.kadence-column6454_d54c84-11 > .kt-inside-inner-col{column-gap:var(--global-kb-gap-sm, 1rem);}.kadence-column6454_d54c84-11 > .kt-inside-inner-col{flex-direction:column;}.kadence-column6454_d54c84-11 > .kt-inside-inner-col > .aligncenter{width:100%;}.kadence-column6454_d54c84-11 > .kt-inside-inner-col{background-color:var(--global-palette8, #F7FAFC);}.kadence-column6454_d54c84-11 > .kt-inside-inner-col:before{opacity:0.3;}.kadence-column6454_d54c84-11{position:relative;}.kadence-column6454_d54c84-11, .kt-inside-inner-col > .kadence-column6454_d54c84-11:not(.specificity){margin-top:var(--global-kb-spacing-xs, 1rem);margin-bottom:var(--global-kb-spacing-xs, 1rem);}@media all and (max-width: 1024px){.kadence-column6454_d54c84-11 > .kt-inside-inner-col{flex-direction:column;justify-content:center;}}@media all and (max-width: 767px){.kadence-column6454_d54c84-11 > .kt-inside-inner-col{flex-direction:column;justify-content:center;}}<\/style>\n<div class=\"wp-block-kadence-column kadence-column6454_d54c84-11\"><div class=\"kt-inside-inner-col\">\n<p><strong>Vous cherchez d&rsquo;autres itin\u00e9raires pour explorer Vienne ? Voici les meilleurs :<\/strong><\/p>\n\n\n\n<ul class=\"wp-block-list\">\n<li><strong><a href=\"https:\/\/viennaguru.com\/fr\/vienne-en-2-jours\/\" class=\"ek-link\">Que voir \u00e0 Vienne en 2 jours<\/a><\/strong><\/li>\n\n\n\n<li><strong><a href=\"https:\/\/viennaguru.com\/fr\/visiter-vienne-en-4-jours\/\" class=\"ek-link\">Que voir \u00e0 Vienne en 4 jours<\/a><\/strong><\/li>\n<\/ul>\n<\/div><\/div>\n\n\n\n<h2 class=\"wp-block-heading\"><strong>Que faire \u00e0 Vienne en 3 jours<\/strong><\/h2>\n\n\n\n<p><strong>Dans cette section, je vous d\u00e9voile les incontournables \u00e0 ne surtout pas manquer lors de votre s\u00e9jour \u00e0 Vienne.<\/strong><\/p>\n\n\n\n<h3 class=\"wp-block-heading\"><strong>Concert de musique classique<\/strong><\/h3>\n\n\n\n<figure class=\"wp-block-image size-large\"><img loading=\"lazy\" decoding=\"async\" width=\"1024\" height=\"768\" src=\"https:\/\/viennaguru.com\/wp-content\/uploads\/2023\/09\/Musikverein-Vienne-1024x768.jpg\" alt=\"Musikverein, Vienne\" class=\"wp-image-6943\" srcset=\"https:\/\/viennaguru.com\/wp-content\/uploads\/2023\/09\/Musikverein-Vienne-1024x768.jpg 1024w, https:\/\/viennaguru.com\/wp-content\/uploads\/2023\/09\/Musikverein-Vienne-300x225.jpg 300w, https:\/\/viennaguru.com\/wp-content\/uploads\/2023\/09\/Musikverein-Vienne-768x576.jpg 768w, https:\/\/viennaguru.com\/wp-content\/uploads\/2023\/09\/Musikverein-Vienne-1536x1152.jpg 1536w, https:\/\/viennaguru.com\/wp-content\/uploads\/2023\/09\/Musikverein-Vienne.jpg 1600w\" sizes=\"auto, (max-width: 1024px) 100vw, 1024px\" \/><\/figure>\n\n\n\n<p>J&rsquo;en ai d\u00e9j\u00e0 parl\u00e9 dans l&rsquo;itin\u00e9raire, mais cela vaut la peine de le r\u00e9p\u00e9ter. L&rsquo;une des choses typiques \u00e0 faire \u00e0 Vienne est de participer \u00e0 un concert de musique classique.<\/p>\n\n\n\n<p>La ville est consid\u00e9r\u00e9e comme la capitale mondiale de la musique, et cela gr\u00e2ce \u00e0 sa longue histoire jalonn\u00e9e de noms prestigieux comme Beethoven, Haydn et Mozart.<\/p>\n\n\n\n<p>Les salles de concert sont nombreuses, je vous ai par exemple parl\u00e9 tout \u00e0 l&rsquo;heure du <strong><a href=\"https:\/\/www.getyourguide.fr\/vienne-l7\/concert-les-quatre-saisons-de-vivaldi-a-la-karlskirche-t44883\/?partner_id=KC753P7&amp;utm_medium=online_publisher&amp;cmp=vienne_3jours_post\" target=\"_blank\" aria-label=\"concert qui se d\u00e9roule \u00e0 la Karlskirche (opens in a new tab)\" rel=\"noreferrer noopener nofollow\" class=\"ek-link\">concert qui se d\u00e9roule \u00e0 la Karlskirche<\/a><\/strong>.<\/p>\n\n\n\n<p><strong>Autres concerts de haut niveau :<\/strong><\/p>\n\n\n\n<ul class=\"wp-block-list\">\n<li><strong>Concerts au Musikverein<\/strong>, sa Goldeneer Saal est consid\u00e9r\u00e9e comme la plus importante et exclusive au monde. Dans ce cas, le concert que je vous recommande est celui de Mozart. <strong><a href=\"https:\/\/www.civitatis.com\/fr\/vienne\/concert-mozart-musikverein\/?aid=13436&amp;cmp=vienne_3jours_post\" target=\"_blank\" data-type=\"link\" data-id=\"https:\/\/www.civitatis.com\/fr\/vienne\/concert-mozart-musikverein\/?aid=13436&amp;cmp=vienne_3jours_post\" rel=\"noreferrer noopener nofollow\">Trouvez i\u00e7i plus d&rsquo;informations<\/a><\/strong>.<\/li>\n\n\n\n<li><strong>Concerts \u00e0 l&rsquo;Op\u00e9ra d&rsquo;\u00c9tat<\/strong> : une autre sc\u00e8ne de renomm\u00e9e mondiale est sans doute l&rsquo;Op\u00e9ra. L\u00e0 aussi, je vous recommande le concert de Mozart.<\/li>\n<\/ul>\n\n\n\n<h3 class=\"wp-block-heading\"><strong>Visite d&rsquo;un des caf\u00e9s historiques<\/strong><\/h3>\n\n\n\n<figure class=\"wp-block-image size-large\"><img loading=\"lazy\" decoding=\"async\" width=\"1024\" height=\"768\" src=\"https:\/\/viennaguru.com\/wp-content\/uploads\/2023\/09\/Cafe-Central-Vienne-1024x768.jpg\" alt=\"Cafe\u0301 Central, Vienne\" class=\"wp-image-6913\" srcset=\"https:\/\/viennaguru.com\/wp-content\/uploads\/2023\/09\/Cafe-Central-Vienne-1024x768.jpg 1024w, https:\/\/viennaguru.com\/wp-content\/uploads\/2023\/09\/Cafe-Central-Vienne-300x225.jpg 300w, https:\/\/viennaguru.com\/wp-content\/uploads\/2023\/09\/Cafe-Central-Vienne-768x576.jpg 768w, https:\/\/viennaguru.com\/wp-content\/uploads\/2023\/09\/Cafe-Central-Vienne-1536x1152.jpg 1536w, https:\/\/viennaguru.com\/wp-content\/uploads\/2023\/09\/Cafe-Central-Vienne.jpg 1600w\" sizes=\"auto, (max-width: 1024px) 100vw, 1024px\" \/><\/figure>\n\n\n\n<p>Autre chose typique \u00e0 faire \u00e0 Vienne en 3 jours : boire un caf\u00e9 dans l&rsquo;une des caf\u00e9s historiques de la ville.<\/p>\n\n\n\n<p>En effet, la culture du caf\u00e9 \u00e0 Vienne est enracin\u00e9e depuis des si\u00e8cles. Pendant longtemps, ces caf\u00e9s ont \u00e9t\u00e9 les principaux lieux de rencontre non seulement pour les gens ordinaires, mais aussi et surtout pour les artistes et intellectuels.<\/p>\n\n\n\n<p>Des noms comme Freud, Trotsky, Mozart ont tous pass\u00e9 des heures et des heures chaque jour dans certains des caf\u00e9s historiques de Vienne, encore ouverts et visitables aujourd&rsquo;hui.<\/p>\n\n\n\n<p><strong>Quels caf\u00e9s vous conseiller ?<\/strong><\/p>\n\n\n\n<ul class=\"wp-block-list\">\n<li><strong>Caf\u00e9 Central<\/strong> : le caf\u00e9 le plus c\u00e9l\u00e8bre, ouvert depuis 1876 et connu pour \u00eatre le caf\u00e9 pr\u00e9f\u00e9r\u00e9 de Freud (et de bien d&rsquo;autres personnalit\u00e9s de l&rsquo;\u00e9poque). <a href=\"https:\/\/maps.app.goo.gl\/8eKtwb2qGpW51L4U8\" target=\"_blank\" aria-label=\" (opens in a new tab)\" rel=\"noreferrer noopener\" class=\"ek-link\">Position sur Maps<\/a>.<\/li>\n\n\n\n<li><strong>Caf\u00e9 Sacher<\/strong> : c\u00e9l\u00e8bre pour sa Sachertorte, invent\u00e9e par Franz Sacher en 1832. L&rsquo;h\u00f4tel Sacher a \u00e9t\u00e9 inaugur\u00e9 par son fils, et \u00e0 l&rsquo;int\u00e9rieur de ce luxueux h\u00f4tel se trouve le caf\u00e9, librement visitable. Les d\u00e9cors \u00e0 l&rsquo;int\u00e9rieur vous feront faire un bond dans le pass\u00e9, et la Sachertorte est pour moi l&rsquo;une des meilleures jamais go\u00fbt\u00e9es. <a href=\"https:\/\/maps.app.goo.gl\/NgLGrH2B3Q41EyC19\" target=\"_blank\" aria-label=\" (opens in a new tab)\" rel=\"noreferrer noopener\" class=\"ek-link\">Position sur Maps<\/a>.<\/li>\n\n\n\n<li><strong>Caf\u00e9 Landtmann<\/strong> : ouvert en 1873, c&rsquo;est l&rsquo;un des caf\u00e9s les plus anciens et traditionnels de Vienne, r\u00e9put\u00e9 pour son \u00e9l\u00e9gance et son service impeccable, ainsi que pour la qualit\u00e9 de sa p\u00e2tisserie et de sa cuisine (il sert aussi bien des plats sucr\u00e9s que sal\u00e9s, donc parfait aussi pour les brunchs). <a href=\"https:\/\/maps.app.goo.gl\/VWCi1czx8CGTyF7w9\" target=\"_blank\" aria-label=\" (opens in a new tab)\" rel=\"noreferrer noopener\" class=\"ek-link\">Position sur Maps<\/a>.<\/li>\n<\/ul>\n\n\n\n<h3 class=\"wp-block-heading\"><strong>Go\u00fbter la Wiener Schnitzel<\/strong><\/h3>\n\n\n\n<p>Vous ne pouvez pas dire que vous avez visit\u00e9 Vienne sans avoir go\u00fbt\u00e9 la l\u00e9gendaire Wiener Schnitzel, l&rsquo;un des plats les plus embl\u00e9matiques de la cuisine autrichienne.<\/p>\n\n\n\n<p><strong>De quoi s&rsquo;agit-il ?<\/strong> Une escalope de veau pan\u00e9e et frite (similaire \u00e0 la milanaise). Le plat est traditionnellement servi avec une salade de pommes de terre ou un accompagnement de canneberges.<\/p>\n\n\n\n<p><strong>O\u00f9 d\u00e9guster les meilleures escalopes viennoises ?<\/strong><\/p>\n\n\n\n<ul class=\"wp-block-list\">\n<li><strong>Figlm\u00fcller : <\/strong>probablement la meilleure Wiener Schnitzel de Vienne, recommand\u00e9e directement par des amis viennois. Le plat est litt\u00e9ralement \u00e9norme (je crois que c&rsquo;est aussi la plus grande de la ville), et le tout \u00e0 un prix plus que raisonnable, ce qui est rare dans le centre historique. <a href=\"https:\/\/maps.app.goo.gl\/d6WvxB6dop21ysqV9\" target=\"_blank\" aria-label=\" (opens in a new tab)\" rel=\"noreferrer noopener\" class=\"ek-link\">Position sur Maps<\/a>.<\/li>\n\n\n\n<li><strong>Gasthaus Kopp<\/strong> : auberge situ\u00e9e dans le quartier de Leopoldstadt. L&rsquo;ambiance \u00e0 l&rsquo;int\u00e9rieur est tr\u00e8s spartiate, les portions super abondantes et les prix excellents. P.S. le restaurant n&rsquo;accepte que les esp\u00e8ces ! <a href=\"https:\/\/maps.app.goo.gl\/eiQ8om2Q8ZoTbSTq9\" target=\"_blank\" aria-label=\" (opens in a new tab)\" rel=\"noreferrer noopener\" class=\"ek-link\">Position sur Maps<\/a>.<\/li>\n<\/ul>\n\n\n\n<h3 class=\"wp-block-heading\"><strong>D\u00e9guster le vin viennois dans une Heuriger<\/strong><\/h3>\n\n\n\n<p>Saviez-vous qu&rsquo;\u00e0 Vienne, on produit du vin de grande qualit\u00e9 ?<\/p>\n\n\n\n<p>\u00ab\u00a0Quoi, Alex ? Vous me dites qu&rsquo;on produit du vin dans une m\u00e9tropole, et en plus, dans une capitale ?\u00a0\u00bb<\/p>\n\n\n\n<p>Eh bien oui, Vienne est probablement la seule capitale europ\u00e9enne o\u00f9 l&rsquo;on produit beaucoup de vin. <strong>La ville est litt\u00e9ralement entour\u00e9e de vignobles et de fermes.<\/strong><\/p>\n\n\n\n<p>Un des endroits typiques pour d\u00e9guster du vin et des produits locaux est <strong>l&rsquo;Heuriger <\/strong>(au pluriel, Heurigen). Ce sont les <strong>tavernes traditionnelles <\/strong>autrichiennes.<\/p>\n\n\n\n<p>La particularit\u00e9 de ces tavernes est qu&rsquo;elles vendent souvent des vins de leur propre production et des vins nouveaux (appel\u00e9s sturm), le tout dans une ambiance chaleureuse et rustique. <\/p>\n\n\n\n<p>Ces auberges caract\u00e9ristiques se trouvent principalement dans les quartiers viticoles en p\u00e9riph\u00e9rie de la ville, mais il est possible d&rsquo;en trouver (bien que rares) dans les quartiers centraux.<\/p>\n\n\n\n<p><strong>Voici 3 Heurigen que je vous recommande :<\/strong><\/p>\n\n\n\n<ul class=\"wp-block-list\">\n<li><strong>Weinstube Josefstadt<\/strong> : \u00e9tablissement historique ouvert au XIXe si\u00e8cle et toujours en activit\u00e9. Il se trouve dans le quartier de Josefstadt, donc \u00e0 peu de distance du centre de Vienne. Le personnel est tr\u00e8s gentil et disponible pour conseiller les divers accords ; le service est tr\u00e8s rapide et les prix sont bas (un verre de vin co\u00fbte entre 3 \u20ac et 5 \u20ac). <a aria-label=\" (opens in a new tab)\" href=\"https:\/\/maps.app.goo.gl\/YJfu6VA165picHq99\" target=\"_blank\" rel=\"noreferrer noopener\" class=\"ek-link\">Position sur Maps<\/a>.<\/li>\n\n\n\n<li><strong>Gigerl<\/strong> : autre \u00e9tablissement historique situ\u00e9 en plein centre. Le nom Gigerl vient d&rsquo;une com\u00e9die de la fin des ann\u00e9es 1800 et repr\u00e9sente un homme \u00e9l\u00e9gant, qui appr\u00e9cie les femmes et le vin. Le lieu sert d&rsquo;excellents vins nouveaux ainsi que de la nourriture correcte. <a href=\"https:\/\/maps.app.goo.gl\/jaGwzNfmVDTjYoSX9\" target=\"_blank\" aria-label=\" (opens in a new tab)\" rel=\"noreferrer noopener\" class=\"ek-link\">Position sur Maps<\/a>.<\/li>\n\n\n\n<li><strong>10er Marie<\/strong> : se trouve en p\u00e9riph\u00e9rie de Vienne, dans le quartier d&rsquo;Ottakring. Le nom vient de la premi\u00e8re propri\u00e9taire, une certaine Marie, c\u00e9l\u00e8bre pour avoir eu 10 enfants. L\u00e9gendes \u00e0 part, c&rsquo;est l&rsquo;une des Heurigen les plus anciennes, ouverte au XIXe si\u00e8cle. Elle offre une ambiance rustique et accueillante avec des tables et des bancs en bois, entour\u00e9s de verdure. Les vins sont excellents, les prix bas (pour Vienne) et la nourriture est traditionnelle, avec des plats comme la Wiener Schnitzel, le Tafelspitz et divers types de saucisses. <a aria-label=\" (opens in a new tab)\" href=\"https:\/\/maps.app.goo.gl\/BGjrVFvDDSxuTJTp7\" target=\"_blank\" rel=\"noreferrer noopener\" class=\"ek-link\">Position sur Maps<\/a>.<\/li>\n<\/ul>\n\n\n<style>.kadence-column6454_481c3d-4e > .kt-inside-inner-col{padding-top:var(--global-kb-spacing-xs, 1rem);padding-right:var(--global-kb-spacing-xs, 1rem);padding-bottom:var(--global-kb-spacing-xs, 1rem);padding-left:var(--global-kb-spacing-xs, 1rem);}.kadence-column6454_481c3d-4e > .kt-inside-inner-col,.kadence-column6454_481c3d-4e > .kt-inside-inner-col:before{border-top-left-radius:0px;border-top-right-radius:0px;border-bottom-right-radius:0px;border-bottom-left-radius:0px;}.kadence-column6454_481c3d-4e > .kt-inside-inner-col{column-gap:var(--global-kb-gap-sm, 1rem);}.kadence-column6454_481c3d-4e > .kt-inside-inner-col{flex-direction:column;}.kadence-column6454_481c3d-4e > .kt-inside-inner-col > .aligncenter{width:100%;}.kadence-column6454_481c3d-4e > .kt-inside-inner-col{background-color:var(--global-palette8, #F7FAFC);}.kadence-column6454_481c3d-4e > .kt-inside-inner-col:before{opacity:0.3;}.kadence-column6454_481c3d-4e{position:relative;}.kadence-column6454_481c3d-4e, .kt-inside-inner-col > .kadence-column6454_481c3d-4e:not(.specificity){margin-top:var(--global-kb-spacing-xs, 1rem);margin-bottom:var(--global-kb-spacing-xs, 1rem);}@media all and (max-width: 1024px){.kadence-column6454_481c3d-4e > .kt-inside-inner-col{flex-direction:column;justify-content:center;}}@media all and (max-width: 767px){.kadence-column6454_481c3d-4e > .kt-inside-inner-col{flex-direction:column;justify-content:center;}}<\/style>\n<div class=\"wp-block-kadence-column kadence-column6454_481c3d-4e\"><div class=\"kt-inside-inner-col\">\n<p><strong>Conseils du Guru :<\/strong><\/p>\n\n\n\n<ul class=\"wp-block-list\">\n<li>La plupart des Heurigen sont ouverts entre avril et fin octobre.<\/li>\n\n\n\n<li>\u00c9vitez de commander de l&rsquo;eau en bouteille. Plut\u00f4t, commandez de l&rsquo;eau du robinet, qui \u00e0 Vienne est parmi les meilleures d&rsquo;Europe et ne vous co\u00fbte rien. L&rsquo;eau en bouteille co\u00fbte entre 5 \u20ac et 7 \u20ac.<\/li>\n<\/ul>\n<\/div><\/div>\n\n\n\n<h2 class=\"wp-block-heading\">Conseils pour un voyage de 3 jours \u00e0 Vienne<\/h2>\n\n\n\n<h3 class=\"wp-block-heading\"><strong>Comment \u00e9conomiser \u00e0 Vienne<\/strong> en 3 jours<\/h3>\n\n\n\n<figure class=\"wp-block-image size-large\"><img loading=\"lazy\" decoding=\"async\" width=\"1024\" height=\"768\" src=\"https:\/\/viennaguru.com\/wp-content\/uploads\/2023\/09\/Comment-economiser-a-Vienne-en-3-jours-1024x768.jpg\" alt=\"Comment e\u0301conomiser a\u0300 Vienne en 3 jours\" class=\"wp-image-6919\" srcset=\"https:\/\/viennaguru.com\/wp-content\/uploads\/2023\/09\/Comment-economiser-a-Vienne-en-3-jours-1024x768.jpg 1024w, https:\/\/viennaguru.com\/wp-content\/uploads\/2023\/09\/Comment-economiser-a-Vienne-en-3-jours-300x225.jpg 300w, https:\/\/viennaguru.com\/wp-content\/uploads\/2023\/09\/Comment-economiser-a-Vienne-en-3-jours-768x576.jpg 768w, https:\/\/viennaguru.com\/wp-content\/uploads\/2023\/09\/Comment-economiser-a-Vienne-en-3-jours-1536x1152.jpg 1536w, https:\/\/viennaguru.com\/wp-content\/uploads\/2023\/09\/Comment-economiser-a-Vienne-en-3-jours.jpg 1600w\" sizes=\"auto, (max-width: 1024px) 100vw, 1024px\" \/><\/figure>\n\n\n\n<p>Passons maintenant \u00e0 la question de l&rsquo;\u00e9conomie pendant ces 3 jours \u00e0 Vienne.<\/p>\n\n\n\n<p>Un conseil crucial que je souhaite partager concerne les attractions et les transports publics.<\/p>\n\n\n\n<p><strong>Comment \u00e9conomiser sur ces deux postes qui p\u00e8seront consid\u00e9rablement sur votre budget ?<\/strong><\/p>\n\n\n\n<ul class=\"wp-block-list\">\n<li><strong><a href=\"https:\/\/www.civitatis.com\/fr\/vienne\/viena-pass\/?aid=13436&amp;cmp=vienne_3jours_post\" target=\"_blank\" data-type=\"link\" data-id=\"https:\/\/www.civitatis.com\/fr\/vienne\/viena-pass\/?aid=13436&amp;cmp=vienne_3jours_post\" rel=\"noreferrer noopener nofollow\">Vienna Pass<\/a><\/strong> : si vous avez l&rsquo;intention de visiter de nombreuses attractions comme les mus\u00e9es et les ch\u00e2teaux, je vous recommande absolument ce pass \u00ab\u00a0tout inclus\u00a0\u00bb. Il vous permet d&rsquo;acc\u00e9der gratuitement \u00e0 plus de 70 attractions, vous garantissant une \u00e9conomie substantielle. Il inclut les bus hop-on-hop-off, mais pas les transports publics.<\/li>\n\n\n\n<li><strong><a href=\"https:\/\/www.getyourguide.fr\/vienne-l7\/vienna-city-card-votre-billet-touristique-y-compris-les-reductions-et-le-metro-t695898\/?partner_id=KC753P7&amp;utm_medium=online_publisher&amp;cmp=vienne_3jours_post\" target=\"_blank\" rel=\"noreferrer noopener nofollow\">Vienna City Card<\/a><\/strong> : la deuxi\u00e8me alternative, que je recommande \u00e0 ceux qui ne visiteront pas beaucoup d&rsquo;attractions, inclut les transports publics (gratuits) et des r\u00e9ductions sur de nombreuses attractions (bien que ce soient des r\u00e9ductions modestes, entre 7 % et 20 % pour la plupart des monuments et points d&rsquo;int\u00e9r\u00eat).<\/li>\n<\/ul>\n\n\n\n<p><strong>Lequel choisir ?<\/strong><\/p>\n\n\n\n<ul class=\"wp-block-list\">\n<li><strong>Je recommande le Vienna Pass \u00e0 ceux qui pr\u00e9voient de visiter de nombreuses attractions.<\/strong> Dans ce cas, l&rsquo;\u00e9conomie est consid\u00e9rable. Sinon, vu le co\u00fbt, il n&rsquo;est pas n\u00e9cessaire de l&rsquo;acheter. <strong><a href=\"https:\/\/www.civitatis.com\/fr\/vienne\/viena-pass\/?aid=13436&amp;cmp=vienne_3jours_post\" target=\"_blank\" data-type=\"link\" data-id=\"https:\/\/www.civitatis.com\/fr\/vienne\/viena-pass\/?aid=13436&amp;cmp=vienne_3jours_post\" rel=\"noreferrer noopener nofollow\">Voici le Vienna Pass<\/a><\/strong>.<\/li>\n\n\n\n<li><strong>Je recommande la Vienna City Card \u00e0 ceux qui s\u00e9journent en dehors du centre<\/strong> et pr\u00e9voient donc d&rsquo;utiliser fr\u00e9quemment les transports publics, ainsi qu&rsquo;\u00e0 ceux qui <strong>n&rsquo;ont pas l&rsquo;intention de visiter de nombreuses attractions<\/strong> (peut-\u00eatre seulement les 3 \u00e0 4 principales). Dans le cas contraire, ce pass a peu d&rsquo;int\u00e9r\u00eat, surtout si les \u00e9conomies sur les attractions sont minimes.<strong><a href=\"https:\/\/www.getyourguide.fr\/vienne-l7\/vienna-city-card-votre-billet-touristique-y-compris-les-reductions-et-le-metro-t695898\/?partner_id=KC753P7&amp;utm_medium=online_publisher&amp;cmp=vienne_3jours_post\" target=\"_blank\" rel=\"noreferrer noopener nofollow\"> Voici la Vienna City Card<\/a><\/strong>.<\/li>\n<\/ul>\n\n\n<style>.kadence-column6454_c81535-70 > .kt-inside-inner-col{padding-top:var(--global-kb-spacing-xs, 1rem);padding-right:var(--global-kb-spacing-xs, 1rem);padding-bottom:var(--global-kb-spacing-xs, 1rem);padding-left:var(--global-kb-spacing-xs, 1rem);}.kadence-column6454_c81535-70 > .kt-inside-inner-col,.kadence-column6454_c81535-70 > .kt-inside-inner-col:before{border-top-left-radius:0px;border-top-right-radius:0px;border-bottom-right-radius:0px;border-bottom-left-radius:0px;}.kadence-column6454_c81535-70 > .kt-inside-inner-col{column-gap:var(--global-kb-gap-sm, 1rem);}.kadence-column6454_c81535-70 > .kt-inside-inner-col{flex-direction:column;}.kadence-column6454_c81535-70 > .kt-inside-inner-col > .aligncenter{width:100%;}.kadence-column6454_c81535-70 > .kt-inside-inner-col{background-color:var(--global-palette8, #F7FAFC);}.kadence-column6454_c81535-70 > .kt-inside-inner-col:before{opacity:0.3;}.kadence-column6454_c81535-70{position:relative;}.kadence-column6454_c81535-70, .kt-inside-inner-col > .kadence-column6454_c81535-70:not(.specificity){margin-top:var(--global-kb-spacing-xs, 1rem);margin-bottom:var(--global-kb-spacing-xs, 1rem);}@media all and (max-width: 1024px){.kadence-column6454_c81535-70 > .kt-inside-inner-col{flex-direction:column;justify-content:center;}}@media all and (max-width: 767px){.kadence-column6454_c81535-70 > .kt-inside-inner-col{flex-direction:column;justify-content:center;}}<\/style>\n<div class=\"wp-block-kadence-column kadence-column6454_c81535-70\"><div class=\"kt-inside-inner-col\">\n<p><strong>Vous aimeriez en savoir plus sur l&rsquo;\u00e9pargne ? <\/strong>Consultez mon guide complet : <a href=\"https:\/\/viennaguru.com\/fr\/comment-economiser-vienne\/\" target=\"_blank\" aria-label=\" (opens in a new tab)\" rel=\"noreferrer noopener\" class=\"ek-link\"><strong>Comment \u00e9conomiser de l&rsquo;argent \u00e0 Vienne<\/strong><\/a>.<\/p>\n<\/div><\/div>\n\n\n\n<h3 class=\"wp-block-heading\">Quel budget pour visiter Vienne en 3 jours<\/h3>\n\n\n\n<p>Tout d&rsquo;abord, il faut dire que le budget que vous allez consacrer \u00e0 une visite de 3 jours \u00e0 Vienne peut varier en fonction de vos pr\u00e9f\u00e9rences.<\/p>\n\n\n\n<p><strong>Avec un petit budget de 240 \u20ac<\/strong>, vous pourrez loger dans une auberge ou un appartement \u00e9conomique, pr\u00e9parer vos repas ou opter pour des solutions rapides et profiter des transports gratuits et des r\u00e9ductions sur les attractions gr\u00e2ce \u00e0 la Vienna City Card.<\/p>\n\n\n\n<p><strong>Un budget moyen de 450 \u20ac<\/strong>&nbsp;vous permettra de s\u00e9journer dans un h\u00f4tel ou un appartement en centre-ville, de savourer des repas vari\u00e9s, et de visiter de nombreuses attractions gr\u00e2ce au Vienna Pass, qui inclut \u00e9galement les bus touristiques.<\/p>\n\n\n\n<p><strong>Pour un s\u00e9jour plus luxueux avec un budget de 960 \u20ac<\/strong>, vous pourrez profiter d\u2019un h\u00f4tel 4 ou 5 \u00e9toiles, d\u00e9guster des repas dans des restaurants de qualit\u00e9, visiter de nombreuses attractions avec le Vienna Pass et b\u00e9n\u00e9ficier de services suppl\u00e9mentaires comme un transfert a\u00e9roport-h\u00f4tel.<\/p>\n\n\n\n<p>Ces budgets excluent le co\u00fbt du vol.<\/p>\n\n\n<style>.kadence-column6454_9c1fe9-c8 > .kt-inside-inner-col{padding-top:var(--global-kb-spacing-xs, 1rem);padding-right:var(--global-kb-spacing-xs, 1rem);padding-bottom:var(--global-kb-spacing-xs, 1rem);padding-left:var(--global-kb-spacing-xs, 1rem);}.kadence-column6454_9c1fe9-c8 > .kt-inside-inner-col,.kadence-column6454_9c1fe9-c8 > .kt-inside-inner-col:before{border-top-left-radius:0px;border-top-right-radius:0px;border-bottom-right-radius:0px;border-bottom-left-radius:0px;}.kadence-column6454_9c1fe9-c8 > .kt-inside-inner-col{column-gap:var(--global-kb-gap-sm, 1rem);}.kadence-column6454_9c1fe9-c8 > .kt-inside-inner-col{flex-direction:column;}.kadence-column6454_9c1fe9-c8 > .kt-inside-inner-col > .aligncenter{width:100%;}.kadence-column6454_9c1fe9-c8 > .kt-inside-inner-col{background-color:var(--global-palette8, #F7FAFC);}.kadence-column6454_9c1fe9-c8 > .kt-inside-inner-col:before{opacity:0.3;}.kadence-column6454_9c1fe9-c8{position:relative;}.kadence-column6454_9c1fe9-c8, .kt-inside-inner-col > .kadence-column6454_9c1fe9-c8:not(.specificity){margin-top:var(--global-kb-spacing-xs, 1rem);margin-bottom:var(--global-kb-spacing-xs, 1rem);}@media all and (max-width: 1024px){.kadence-column6454_9c1fe9-c8 > .kt-inside-inner-col{flex-direction:column;justify-content:center;}}@media all and (max-width: 767px){.kadence-column6454_9c1fe9-c8 > .kt-inside-inner-col{flex-direction:column;justify-content:center;}}<\/style>\n<div class=\"wp-block-kadence-column kadence-column6454_9c1fe9-c8\"><div class=\"kt-inside-inner-col\">\n<p>Si vous voulez en savoir plus en d\u00e9tail sur le budget \u00e0 pr\u00e9voir pour visiter Vienne, combien <strong>co\u00fbte&nbsp;<\/strong>un voyage \u00e0 Vienne et que vous souhaitez mieux vous pr\u00e9parer, voici mon guide d\u00e9taill\u00e9 \u00e0 ce propos : <strong><a href=\"https:\/\/viennaguru.com\/fr\/combien-coute-un-voyage-a-vienne\/\" target=\"_blank\" aria-label=\" (opens in a new tab)\" rel=\"noreferrer noopener\" class=\"ek-link\">Combien Co\u00fbte Un S\u00e9jour \u00c0 Vienne : Budget De Voyage<\/a>.<\/strong><\/p>\n<\/div><\/div>\n\n\n\n<h3 class=\"wp-block-heading\"><strong>Comment se d\u00e9placer \u00e0 Vienne en 3 jours<\/strong><\/h3>\n\n\n\n<figure class=\"wp-block-image size-large\"><img loading=\"lazy\" decoding=\"async\" width=\"1024\" height=\"768\" src=\"https:\/\/viennaguru.com\/wp-content\/uploads\/2023\/09\/Comment-se-deplacer-a-Vienne-en-3-jours-1024x768.jpg\" alt=\"Comment se de\u0301placer a\u0300 Vienne en 3 jours\" class=\"wp-image-6922\" srcset=\"https:\/\/viennaguru.com\/wp-content\/uploads\/2023\/09\/Comment-se-deplacer-a-Vienne-en-3-jours-1024x768.jpg 1024w, https:\/\/viennaguru.com\/wp-content\/uploads\/2023\/09\/Comment-se-deplacer-a-Vienne-en-3-jours-300x225.jpg 300w, https:\/\/viennaguru.com\/wp-content\/uploads\/2023\/09\/Comment-se-deplacer-a-Vienne-en-3-jours-768x576.jpg 768w, https:\/\/viennaguru.com\/wp-content\/uploads\/2023\/09\/Comment-se-deplacer-a-Vienne-en-3-jours-1536x1152.jpg 1536w, https:\/\/viennaguru.com\/wp-content\/uploads\/2023\/09\/Comment-se-deplacer-a-Vienne-en-3-jours.jpg 1600w\" sizes=\"auto, (max-width: 1024px) 100vw, 1024px\" \/><\/figure>\n\n\n\n<p>Enfin, parlons de se d\u00e9placer \u00e0 Vienne. Nous avons d\u00e9j\u00e0 abord\u00e9 comment rejoindre la ville depuis l&rsquo;a\u00e9roport, mais que faire une fois \u00e0 l&rsquo;int\u00e9rieur de la capitale autrichienne ?<\/p>\n\n\n\n<p>Les moyens de transport les plus couramment utilis\u00e9s sont le <strong>m\u00e9tro<\/strong>, appel\u00e9 U-Bahn \u00e0 Vienne, et les <strong>trams<\/strong>, appel\u00e9s Stra\u00dfenbahn.<\/p>\n\n\n\n<p>Un point important \u00e0 retenir est que le centre de Vienne, o\u00f9 se trouvent de nombreuses attractions, est relativement petit. <\/p>\n\n\n\n<p>Il est possible de le parcourir enti\u00e8rement \u00e0 pied d&rsquo;un bout \u00e0 l&rsquo;autre en environ 25-30 minutes. Ainsi, si vous s\u00e9journez au centre, vous n&rsquo;aurez souvent pas besoin des transports publics.<\/p>\n\n\n\n<p>En revanche, si vous logez dans des quartiers p\u00e9riph\u00e9riques comme Leopoldstadt ou Neubau, vous utiliserez le m\u00e9tro ou le tram pour rejoindre le centre et d&rsquo;autres zones de la ville.<\/p>\n\n\n<style>.kadence-column6454_102474-cd > .kt-inside-inner-col{padding-top:var(--global-kb-spacing-xs, 1rem);padding-right:var(--global-kb-spacing-xs, 1rem);padding-bottom:var(--global-kb-spacing-xs, 1rem);padding-left:var(--global-kb-spacing-xs, 1rem);}.kadence-column6454_102474-cd > .kt-inside-inner-col,.kadence-column6454_102474-cd > .kt-inside-inner-col:before{border-top-left-radius:0px;border-top-right-radius:0px;border-bottom-right-radius:0px;border-bottom-left-radius:0px;}.kadence-column6454_102474-cd > .kt-inside-inner-col{column-gap:var(--global-kb-gap-sm, 1rem);}.kadence-column6454_102474-cd > .kt-inside-inner-col{flex-direction:column;}.kadence-column6454_102474-cd > .kt-inside-inner-col > .aligncenter{width:100%;}.kadence-column6454_102474-cd > .kt-inside-inner-col{background-color:var(--global-palette8, #F7FAFC);}.kadence-column6454_102474-cd > .kt-inside-inner-col:before{opacity:0.3;}.kadence-column6454_102474-cd{position:relative;}.kadence-column6454_102474-cd, .kt-inside-inner-col > .kadence-column6454_102474-cd:not(.specificity){margin-top:var(--global-kb-spacing-xs, 1rem);margin-bottom:var(--global-kb-spacing-xs, 1rem);}@media all and (max-width: 1024px){.kadence-column6454_102474-cd > .kt-inside-inner-col{flex-direction:column;justify-content:center;}}@media all and (max-width: 767px){.kadence-column6454_102474-cd > .kt-inside-inner-col{flex-direction:column;justify-content:center;}}<\/style>\n<div class=\"wp-block-kadence-column kadence-column6454_102474-cd\"><div class=\"kt-inside-inner-col\">\n<p>Vous voulez en savoir plus sur les d\u00e9placements ? Voici un guide d\u00e9taill\u00e9 pour vous aider \u00e0 mieux comprendre : <strong><a href=\"https:\/\/viennaguru.com\/fr\/comment-se-deplacer-a-vienne\/\" class=\"ek-link\">Comment se d\u00e9placer \u00e0 Vienne<\/a><\/strong><\/p>\n<\/div><\/div>\n","protected":false},"excerpt":{"rendered":"<p>Guide complet pour visiter Vienne en 3 jours : d\u00e9couvrez quoi voir et faire + infos utiles et conseils pratiques.<\/p>\n","protected":false},"author":1,"featured_media":6964,"comment_status":"open","ping_status":"open","sticky":false,"template":"","format":"standard","meta":{"_editorskit_title_hidden":false,"_editorskit_reading_time":0,"_editorskit_is_block_options_detached":false,"_editorskit_block_options_position":"{}","_kad_blocks_custom_css":"","_kad_blocks_head_custom_js":"","_kad_blocks_body_custom_js":"","_kad_blocks_footer_custom_js":"","_kadence_starter_templates_imported_post":false,"_kad_post_transparent":"","_kad_post_title":"","_kad_post_layout":"","_kad_post_sidebar_id":"","_kad_post_content_style":"","_kad_post_vertical_padding":"","_kad_post_feature":"","_kad_post_feature_position":"","_kad_post_header":false,"_kad_post_footer":false,"footnotes":""},"categories":[331,329],"tags":[],"class_list":["post-6454","post","type-post","status-publish","format-standard","has-post-thumbnail","hentry","category-itineraires","category-que-voir"],"taxonomy_info":{"category":[{"value":331,"label":"Itin\u00e9raires"},{"value":329,"label":"Que voir"}]},"featured_image_src_large":["https:\/\/viennaguru.com\/wp-content\/uploads\/2023\/09\/Visiter-Vienne-en-3-jours-1024x768.jpg",1024,768,true],"author_info":{"display_name":"Alex","author_link":"https:\/\/viennaguru.com\/fr\/author\/alexb89\/"},"comment_info":0,"category_info":[{"term_id":331,"name":"Itin\u00e9raires","slug":"itineraires","term_group":0,"term_taxonomy_id":331,"taxonomy":"category","description":"","parent":0,"count":7,"filter":"raw","cat_ID":331,"category_count":7,"category_description":"","cat_name":"Itin\u00e9raires","category_nicename":"itineraires","category_parent":0},{"term_id":329,"name":"Que voir","slug":"que-voir","term_group":0,"term_taxonomy_id":329,"taxonomy":"category","description":"","parent":0,"count":11,"filter":"raw","cat_ID":329,"category_count":11,"category_description":"","cat_name":"Que voir","category_nicename":"que-voir","category_parent":0}],"tag_info":false,"_links":{"self":[{"href":"https:\/\/viennaguru.com\/fr\/wp-json\/wp\/v2\/posts\/6454","targetHints":{"allow":["GET"]}}],"collection":[{"href":"https:\/\/viennaguru.com\/fr\/wp-json\/wp\/v2\/posts"}],"about":[{"href":"https:\/\/viennaguru.com\/fr\/wp-json\/wp\/v2\/types\/post"}],"author":[{"embeddable":true,"href":"https:\/\/viennaguru.com\/fr\/wp-json\/wp\/v2\/users\/1"}],"replies":[{"embeddable":true,"href":"https:\/\/viennaguru.com\/fr\/wp-json\/wp\/v2\/comments?post=6454"}],"version-history":[{"count":37,"href":"https:\/\/viennaguru.com\/fr\/wp-json\/wp\/v2\/posts\/6454\/revisions"}],"predecessor-version":[{"id":7897,"href":"https:\/\/viennaguru.com\/fr\/wp-json\/wp\/v2\/posts\/6454\/revisions\/7897"}],"wp:featuredmedia":[{"embeddable":true,"href":"https:\/\/viennaguru.com\/fr\/wp-json\/wp\/v2\/media\/6964"}],"wp:attachment":[{"href":"https:\/\/viennaguru.com\/fr\/wp-json\/wp\/v2\/media?parent=6454"}],"wp:term":[{"taxonomy":"category","embeddable":true,"href":"https:\/\/viennaguru.com\/fr\/wp-json\/wp\/v2\/categories?post=6454"},{"taxonomy":"post_tag","embeddable":true,"href":"https:\/\/viennaguru.com\/fr\/wp-json\/wp\/v2\/tags?post=6454"}],"curies":[{"name":"wp","href":"https:\/\/api.w.org\/{rel}","templated":true}]}}